{"id":91777,"date":"2015-03-01T13:42:12","date_gmt":"2015-03-01T12:42:12","guid":{"rendered":"http:\/\/kulturbloggen.com\/?p=91777"},"modified":"2015-03-01T13:42:12","modified_gmt":"2015-03-01T12:42:12","slug":"drommen-om-sverige-niklas-orrenius-bok-borde-inga-i-samhallskunskapen-i-gymnasiet","status":"publish","type":"post","link":"https:\/\/kulturbloggen.com\/?p=91777","title":{"rendered":"Dr\u00f6mmen om Sverige &#8211; Niklas Orrenius bok borde ing\u00e5 i samh\u00e4llskunskapen i gymnasiet"},"content":{"rendered":"<p><img loading=\"lazy\" decoding=\"async\" src=\"http:\/\/kulturbloggen.com\/wp-content\/uploads\/2015\/03\/drommenomsverige.jpg\" alt=\"drommenomsverige\" width=\"200\" height=\"323\" class=\"aligncenter size-full wp-image-91780\" srcset=\"https:\/\/kulturbloggen.com\/wp-content\/uploads\/2015\/03\/drommenomsverige.jpg 200w, https:\/\/kulturbloggen.com\/wp-content\/uploads\/2015\/03\/drommenomsverige-186x300.jpg 186w\" sizes=\"auto, (max-width: 200px) 100vw, 200px\" \/><\/p>\n<p><a href=\"http:\/\/www.adlibris.com\/se\/bok\/drommen-om-sverige-9789127140721\">Dr\u00f6mmen om Sverige<\/a><br \/>\nF\u00f6rfattare: Niklas Orrenius<br \/>\n<a href=\"http:\/\/www.bokus.com\/bok\/9789127140721\/drommen-om-sverige\/\">Utgiven: 2014-09<\/a><br \/>\nISBN: 9789127140721<br \/>\nF\u00f6rlag: <a href=\"http:\/\/www.nok.se\/Allmanlitteratur\/Bocker\/Sakprosa\/Sakprosa\/Drommen-om-Sverige---flykten-fran-Syrien1\/\">Natur Kultur<\/a><\/p>\n<p><a href=\"http:\/\/www.bokus.com\/bok\/9789127140721\/drommen-om-sverige\/\">Dr\u00f6mmen om Sverige<\/a> av journalisten och f\u00f6rfattaren Niklas Orrenius \u00e4r en bok som borde ing\u00e5 i samh\u00e4llskunskapen i gymnasiet.<\/p>\n<p>Jihan \u00e4r en syrisk kvinna. Hennes man Jihan d\u00f6dades i ett bombanfall i hemstaden Qamishli i Syrien. Familjen f\u00f6rlorade d\u00e5 sitt hem. I krigets sp\u00e5r blev kvinnor i staden v\u00e5ldtagna av soldater. Jihan tog sina barn och sin mamma och flydde. I arton timmar vandrade Jihan genom skogen i gr\u00e4nsomr\u00e5det mellan Turkiet och Bulgarien med sin sex\u00e5riga son Mustafa, elva\u00e5rige dottern Sande och modern. En bit in i Bulgarien greps de av polisen och de l\u00e5stes f\u00f6rst in och flyttades sedan till n\u00e5gra milit\u00e4rbaracker n\u00e4ra g\u00e4ngen. D\u00e4r f\u00e5r de bo tillsammans med andra flyktingar och d\u00e4r finns ingen mat och ingen el. Jihan skulle helst vilja ta sig till Sverige d\u00e4r hon har tv\u00e5 mostrar. Men v\u00e4gen till Sverige \u00e4r l\u00e5st nu, p\u00e5 grund av EU-lagar m\u00e5ste hon och hennes familj nu s\u00f6ka asyl i Bulgarien, eftersom det \u00e4r det f\u00f6rsta EU-land de kom till och d\u00e4r de s\u00f6kt asyl.<\/p>\n<p>Jihan \u00e4r ett av m\u00e5nga, m\u00e5nga exempel p\u00e5 m\u00e4nniskor som tvingats fly utan att ens vara politiskt aktiva. Niklas Orrenius l\u00e5ter oss m\u00f6ta m\u00e5nga m\u00e4nniskor i sin reportagebok. De flyktingar han tr\u00e4ffar f\u00e5r ansikten och r\u00f6ster &#8211; och vi inser att det som drabbat dem skulle kunna drabbat vem som helst.  <\/p>\n<p>Av Syriens 22 miljoner inv\u00e5nare \u00e4r n\u00e4stan h\u00e4lften p\u00e5 flykt. M\u00e4nniskor smugglas genom det st\u00e4ngda Europa, ofta p\u00e5 dyra och farliga v\u00e4gar. M\u00e5nga av de syriska flyktingarna hoppas p\u00e5 att komma till  Sverige, till det lugnaste landet i v\u00e4rlden. Men n\u00e5ls\u00f6gat \u00e4r litet. De flyende \u00e4r h\u00e4nvisade till smugglare som oftast tar flyktingarna till l\u00e4nder som inte \u00e4r s\u00e4rskilt rustade f\u00f6r att ta hand om flyktingstr\u00f6mmar.<\/p>\n<p>Niklas Orrenius ber\u00e4ttar om m\u00f6ten med flyktingar som lever i Sverige och han ber\u00e4ttar om m\u00f6ten med flyktingar vid syriska gr\u00e4nsen. Texterna publicerades ursprungligen i Dagens Nyheter. Boken inneh\u00e5ller \u00e4ven ett nyskrivet uppf\u00f6ljande reportage.<\/p>\n<p>M\u00e5nga flyr f\u00f6r sina liv fr\u00e5n Syrien. De flyr s\u00f6nderbombade st\u00e4der och flyr fr\u00e5n v\u00e5ldt\u00e4kt och v\u00e5ld. Tidigare tog m\u00e5nga som dr\u00f6mde om trygghet i Europa sig in via Grekland. De tog sig in \u00f6ver Evrosfloden som utg\u00f6r gr\u00e4ns mellan Turkiet och Grekland. Men Grekland och EU t\u00e4ppte till h\u00e5let, de satte upp ett h\u00f6gt st\u00e4ngsel med taggtr\u00e5d l\u00e4ngs gr\u00e4nsen. St\u00e4ngslet betalades av grekiska staten.<\/p>\n<p>Ist\u00e4llet hittade flyktingsmugglarna en annan v\u00e4g till Europa, till det fattiga Bulgarien. F\u00f6rfattaren och journalisten Niklas Orrenius ber\u00e4ttar i boken &#8221;Dr\u00f6mmen om Sverige&#8221; att smugglare tar mellan 250 och 1.000 dollar f\u00f6r att skjuta ut m\u00e4nniskor i natten till ett skogsomr\u00e5de n\u00e4ra gr\u00e4nsen till Bulgarien &#8211; och d\u00e4rifr\u00e5n f\u00e5r de flyende  ta sig fram, en skogig m\u00f6rk v\u00e4g som tar n\u00e5gra timmar att ta sig.<\/p>\n<p>Bulgarien \u00e4r inte n\u00e5got dr\u00f6mland f\u00f6r den som flyr fr\u00e5n Syrien. Bulgarien \u00e4r ett fattigt land som har en BNP per inv\u00e5nare som ligger strax \u00f6ver Iraks niv\u00e5 och l\u00e4gre \u00e4n den i Vitrysslan och i Botswana, exempelvis. Bulgarien \u00e4r Europas fattigaste land och flyktingfientliga partier v\u00e4xer d\u00e4r.<\/p>\n<p>Orrenius bok \u00e4r stark och k\u00e4nns mycket \u00e4rlig. Han ber\u00e4ttar om familjer som f\u00f6rlorat familjemedlemmar och som tvingats fly fr\u00e5n sitt land. Han ber\u00e4ttar hur EU-l\u00e4nder reser st\u00e4ngsel f\u00f6r flyktingar. Det blir s\u00e5 tydligt att mycket av det som s\u00e4gs i debatten om invandring idag f\u00e4rgats av Sverigedemokraterna och det \u00e4r en debatt som f\u00f6rs av mycket okunniga personer. M\u00e5nga av dessa m\u00e4nniskor som flyr \u00e4r utbildade m\u00e4nniskor som skulle vara en tillg\u00e5ng f\u00f6r Sverige och \u00f6vriga EU-l\u00e4nder, om vi bara hade en politik och ett samh\u00e4llssystem d\u00e4r dessa m\u00e4nniskor kommer in i samh\u00e4llet, in p\u00e5 arbetsmarknaden. I Bulgarien f\u00e5r m\u00e5nga av dessa flyktingbarn inte ens g\u00e5 i skola. Niklas Orrenius ber\u00e4ttar om barn som varit d\u00e4r i tre \u00e5r utan att f\u00e5 g\u00e5 i skola. Hur ska d\u00e5 m\u00e4nniskor kunna komma in i samh\u00e4llet?<\/p>\n<p>Om jag vore l\u00e4rare i samh\u00e4llskunskap i h\u00f6gstadiet eller gymnasiet skulle jag k\u00f6pa in boken som l\u00e4robok, l\u00e5ta ungdomarna l\u00e4sa den och sedan diskutera. D\u00e5 kanske vi i framtiden kan forma ett m\u00e4nskligare samh\u00e4lle d\u00e4r m\u00e4nniskor p\u00e5 flykt ses som medm\u00e4nniskor och f\u00e5r den st\u00f6d och den hj\u00e4lp vi sj\u00e4lva skulle vilja ha om vi hamnade i en s\u00e5dan situation att vi m\u00e5ste fly fr\u00e5n v\u00e5r hembygd.<\/p>\n<p>Relaterat:<br \/>\nRecension av boken i <a href=\"http:\/\/www.svd.se\/kultur\/litteratur\/drommen-om-sverige-av-niklas-orrenius_4021431.svd\">Svenska Dagbladet<\/a>.<br \/>\nText med anknytning till boken <a href=\"http:\/\/www.dn.se\/nyheter\/sverige\/drommen-om-sverige\/\">i Dagens Nyheter<\/a>.<\/p>\n<p>Detta inl\u00e4gg ing\u00e5r i <a href=\"http:\/\/bisonblog.se\/2015\/02\/blogg100-fyra-i-rad\/\">#blogg100<\/a> <\/p>\n","protected":false},"excerpt":{"rendered":"<p>Dr\u00f6mmen om Sverige F\u00f6rfattare: Niklas Orrenius Utgiven: 2014-09 ISBN: 9789127140721 F\u00f6rlag: Natur Kultur Dr\u00f6mmen om Sverige av journalisten och f\u00f6rfattaren Niklas Orrenius \u00e4r en bok som borde ing\u00e5 i samh\u00e4llskunskapen i gymnasiet. Jihan \u00e4r en syrisk kvinna. Hennes man Jihan d\u00f6dades i ett bombanfall i hemstaden Qamishli i Syrien. Familjen f\u00f6rlorade d\u00e5 sitt hem. I [&hellip;]<\/p>\n","protected":false},"author":2,"featured_media":0,"comment_status":"open","ping_status":"open","sticky":false,"template":"","format":"standard","meta":{"_genesis_hide_title":false,"_genesis_hide_breadcrumbs":false,"_genesis_hide_singular_image":false,"_genesis_hide_footer_widgets":false,"_genesis_custom_body_class":"","_genesis_custom_post_class":"","_genesis_layout":"","footnotes":""},"categories":[3],"tags":[1786,2453,2525,11874,4917,5534],"class_list":{"0":"post-91777","1":"post","2":"type-post","3":"status-publish","4":"format-standard","6":"category-litteratur","7":"tag-flyktingar","8":"tag-immigration","9":"tag-invandring","10":"tag-niklas-orrenius","11":"tag-samhalle","12":"tag-sverigedemokraterna","13":"entry"},"_links":{"self":[{"href":"https:\/\/kulturbloggen.com\/index.php?rest_route=\/wp\/v2\/posts\/91777","targetHints":{"allow":["GET"]}}],"collection":[{"href":"https:\/\/kulturbloggen.com\/index.php?rest_route=\/wp\/v2\/posts"}],"about":[{"href":"https:\/\/kulturbloggen.com\/index.php?rest_route=\/wp\/v2\/types\/post"}],"author":[{"embeddable":true,"href":"https:\/\/kulturbloggen.com\/index.php?rest_route=\/wp\/v2\/users\/2"}],"replies":[{"embeddable":true,"href":"https:\/\/kulturbloggen.com\/index.php?rest_route=%2Fwp%2Fv2%2Fcomments&post=91777"}],"version-history":[{"count":7,"href":"https:\/\/kulturbloggen.com\/index.php?rest_route=\/wp\/v2\/posts\/91777\/revisions"}],"predecessor-version":[{"id":91785,"href":"https:\/\/kulturbloggen.com\/index.php?rest_route=\/wp\/v2\/posts\/91777\/revisions\/91785"}],"wp:attachment":[{"href":"https:\/\/kulturbloggen.com\/index.php?rest_route=%2Fwp%2Fv2%2Fmedia&parent=91777"}],"wp:term":[{"taxonomy":"category","embeddable":true,"href":"https:\/\/kulturbloggen.com\/index.php?rest_route=%2Fwp%2Fv2%2Fcategories&post=91777"},{"taxonomy":"post_tag","embeddable":true,"href":"https:\/\/kulturbloggen.com\/index.php?rest_route=%2Fwp%2Fv2%2Ftags&post=91777"}],"curies":[{"name":"wp","href":"https:\/\/api.w.org\/{rel}","templated":true}]}}