{"id":9168,"date":"2009-05-02T07:38:39","date_gmt":"2009-05-02T05:38:39","guid":{"rendered":"http:\/\/kulturbloggen.com\/?p=9168"},"modified":"2009-05-02T07:38:39","modified_gmt":"2009-05-02T05:38:39","slug":"vill-aftonbladet-inte-ha-engagemang-kring-hangning-i-iran-eller-bryr-sig-svenska-bloggare-inte","status":"publish","type":"post","link":"https:\/\/kulturbloggen.com\/?p=9168","title":{"rendered":"Vill Aftonbladet inte ha engagemang kring h\u00e4ngning i Iran eller bryr sig svenska bloggare inte?"},"content":{"rendered":"<p><img loading=\"lazy\" decoding=\"async\" src=\"http:\/\/sodergren.com\/kulturbloggen\/wp-content\/uploads\/2009\/05\/delaradarabi290.jpg\" alt=\"delaradarabi290\" title=\"delaradarabi290\" width=\"290\" height=\"200\" class=\"aligncenter size-full wp-image-9169\" \/><br \/>\nHon var 17 \u00e5r och hennes pojkv\u00e4n slog ihj\u00e4l en man. Under\u00e5riga kan inte f\u00e5 d\u00f6dsstraff och d\u00e4rf\u00f6r erk\u00e4nde hon idiotiskt nog brottet, som hon egentligen var oskyldig till. S\u00e5 har det ber\u00e4ttats. Men de iranska myndigheterna \u00e4r mer skurkar \u00e4n myndigheter och de d\u00f6mde Delara Darabi till d\u00f6den och p\u00e5 F\u00f6rsta maj h\u00e4ngdes hon. Trots massiva protester fr\u00e5n Amnesty.<br \/>\nIran \u00e4r en av v\u00e4rldens v\u00e4rsta skurkstater och jag m\u00e5r illa n\u00e4r jag t\u00e4nker p\u00e5 vad de nu har gjort.<br \/>\n<!--more--><br \/>\n<a href=\"http:\/\/kulturbloggen.com\/?p=8806\">Jag tog upp Delara Darabis fall f\u00f6r tv\u00e5 veckor sedan<\/a> och jag liksom de flesta som tog upp fallet, p\u00e5 bloggar och i andra medier var naiva nog att tro eller hoppas att de iranska beslutsfattarna skulle lyssna p\u00e5 protester mot d\u00f6dsdomen.<\/p>\n<p>Hur \u00e4r en m\u00e4nniska utrustad i skallen n\u00e4r han\/hon kan till\u00e5ta d\u00f6dsstraff? Och dessutom n\u00e4r det g\u00e4ller en person som inte ens var vuxen n\u00e4r brotten begicks? <\/p>\n<p>Eftersom d\u00f6dsfallet intr\u00e4ffade under ett inbrott finns det v\u00e4l all anledning att misst\u00e4nka att det var en olycksh\u00e4ndelse. Och det mesta pekar p\u00e5 att Delara Darabi var oskyldig.<\/p>\n<p>Jag blir s\u00e5 arg och ledsen varje g\u00e5ng jag blir p\u00e5mind om hur l\u00e5gt st\u00e5ende civilisationen \u00e4r p\u00e5 denna jord. D\u00f6dsstraff \u00e4r ov\u00e4rdigt m\u00e4nniskan, den som d\u00f6mer till och den som utf\u00f6r d\u00f6dstraff \u00e4r inte v\u00e4rd att kallas m\u00e4nniska.<\/p>\n<p><a href=\"http:\/\/www.aftonbladet.se\/nyheter\/article5045743.ab\">Aftonbladet skriver<\/a>:<\/p>\n<blockquote><p>Efter den hemliga avr\u00e4ttningen av Delara Darabis, 23, rasar nu Amnesty International \u00f6ver Irans behandling av \u00e4rendet.<\/p>\n<p>\u2013 R\u00e4tteg\u00e5ngen var inte r\u00e4ttvis, s\u00e4ger Hassiba Hadj Sahraoui, vice direkt\u00f6r f\u00f6r f\u00f6reningens Mellan\u00f6stern och norra Afrika-program.<\/p><\/blockquote>\n<p>Och n\u00e4r jag tittar p\u00e5 <a href=\"http:\/\/www.aftonbladet.se\/nyheter\/article5043729.ab\">de artiklar som finns hos Aftonbladet<\/a> om <a href=\"http:\/\/www.aftonbladet.se\/nyheter\/article4937554.ab\">Delara Darabi<\/a> finns inte en enda bloggl\u00e4nk dit.<br \/>\nDet betyder antingen att svenska bloggare inte bryr sig om dessa fruktansv\u00e4rda omst\u00e4ndigheter som r\u00e5der i Iran eller s\u00e5 \u00e4r det Aftonbladet som vill strypa debatten i fr\u00e5gan.<\/p>\n<p>Relaterat: <a href=\"http:\/\/www.dn.se\/nyheter\/varlden\/iransk-avrattning-fordoms-av-amnesty-1.856661\">Dagens Nyheter<\/a> och <a href=\"http:\/\/tingelinghoatson.blogspot.com\/2009\/05\/fy-fan.html\">Tingeling<\/a>. <\/p>\n<p>Andra bloggar om: <a href=\"http:\/\/bloggar.se\/om\/Iran\" rel=\"tag\">Iran<\/a>, <a href=\"http:\/\/bloggar.se\/om\/d%F6dsstraff\" rel=\"tag\">d\u00f6dsstraff<\/a>, <a href=\"http:\/\/bloggar.se\/om\/Amnesty\" rel=\"tag\">Amnesty<\/a>, <a href=\"http:\/\/bloggar.se\/om\/Delara+Darabi\" rel=\"tag\">Delara Darabi<\/a>, <a href=\"http:\/\/bloggar.se\/om\/h%E4ngning\" rel=\"tag\">h\u00e4ngning<\/a>, <a href=\"http:\/\/bloggar.se\/om\/m%E4nskliga+r%E4ttigheter\" rel=\"tag\">m\u00e4nskliga r\u00e4ttigheter<\/a>, <a href=\"http:\/\/bloggar.se\/om\/brott\" rel=\"tag\">brott<\/a><\/p>\n","protected":false},"excerpt":{"rendered":"<p>Hon var 17 \u00e5r och hennes pojkv\u00e4n slog ihj\u00e4l en man. Under\u00e5riga kan inte f\u00e5 d\u00f6dsstraff och d\u00e4rf\u00f6r erk\u00e4nde hon idiotiskt nog brottet, som hon egentligen var oskyldig till. S\u00e5 har det ber\u00e4ttats. Men de iranska myndigheterna \u00e4r mer skurkar \u00e4n myndigheter och de d\u00f6mde Delara Darabi till d\u00f6den och p\u00e5 F\u00f6rsta maj h\u00e4ngdes hon. [&hellip;]<\/p>\n","protected":false},"author":2,"featured_media":0,"comment_status":"open","ping_status":"open","sticky":false,"template":"","format":"standard","meta":{"_genesis_hide_title":false,"_genesis_hide_breadcrumbs":false,"_genesis_hide_singular_image":false,"_genesis_hide_footer_widgets":false,"_genesis_custom_body_class":"","_genesis_custom_post_class":"","_genesis_layout":"","footnotes":""},"categories":[62],"tags":[249,1429,2554],"class_list":{"0":"post-9168","1":"post","2":"type-post","3":"status-publish","4":"format-standard","6":"category-medie-och-kulturpolitik","7":"tag-amnesty","8":"tag-dodsstraff","9":"tag-iran","10":"entry"},"_links":{"self":[{"href":"https:\/\/kulturbloggen.com\/index.php?rest_route=\/wp\/v2\/posts\/9168","targetHints":{"allow":["GET"]}}],"collection":[{"href":"https:\/\/kulturbloggen.com\/index.php?rest_route=\/wp\/v2\/posts"}],"about":[{"href":"https:\/\/kulturbloggen.com\/index.php?rest_route=\/wp\/v2\/types\/post"}],"author":[{"embeddable":true,"href":"https:\/\/kulturbloggen.com\/index.php?rest_route=\/wp\/v2\/users\/2"}],"replies":[{"embeddable":true,"href":"https:\/\/kulturbloggen.com\/index.php?rest_route=%2Fwp%2Fv2%2Fcomments&post=9168"}],"version-history":[{"count":0,"href":"https:\/\/kulturbloggen.com\/index.php?rest_route=\/wp\/v2\/posts\/9168\/revisions"}],"wp:attachment":[{"href":"https:\/\/kulturbloggen.com\/index.php?rest_route=%2Fwp%2Fv2%2Fmedia&parent=9168"}],"wp:term":[{"taxonomy":"category","embeddable":true,"href":"https:\/\/kulturbloggen.com\/index.php?rest_route=%2Fwp%2Fv2%2Fcategories&post=9168"},{"taxonomy":"post_tag","embeddable":true,"href":"https:\/\/kulturbloggen.com\/index.php?rest_route=%2Fwp%2Fv2%2Ftags&post=9168"}],"curies":[{"name":"wp","href":"https:\/\/api.w.org\/{rel}","templated":true}]}}