{"id":91616,"date":"2015-02-23T09:25:59","date_gmt":"2015-02-23T08:25:59","guid":{"rendered":"http:\/\/kulturbloggen.com\/?p=91616"},"modified":"2015-02-23T09:25:59","modified_gmt":"2015-02-23T08:25:59","slug":"kanye-west-till-skavlan","status":"publish","type":"post","link":"https:\/\/kulturbloggen.com\/?p=91616","title":{"rendered":"Kanye West till Skavlan"},"content":{"rendered":"<p><a href=\"http:\/\/kulturbloggen.com\/wp-content\/uploads\/2015\/02\/kanye.jpg\"><img loading=\"lazy\" decoding=\"async\" class=\"aligncenter wp-image-91617 size-medium\" src=\"http:\/\/kulturbloggen.com\/wp-content\/uploads\/2015\/02\/kanye-300x158.jpg\" alt=\"kanye\" width=\"300\" height=\"158\" srcset=\"https:\/\/kulturbloggen.com\/wp-content\/uploads\/2015\/02\/kanye-300x158.jpg 300w, https:\/\/kulturbloggen.com\/wp-content\/uploads\/2015\/02\/kanye.jpg 800w\" sizes=\"auto, (max-width: 300px) 100vw, 300px\" \/><\/a><\/p>\n<p>Fredag den 27 februari g\u00f6r den m\u00e5ngfaldigt Grammybel\u00f6nade v\u00e4rldsstj\u00e4rnan Kanye West sitt f\u00f6rsta nordiska TV-framtr\u00e4dande n\u00e4r han upptr\u00e4der i Skavlan p\u00e5 SVT.<\/p>\n<p><em>&#8211; Vi har under \u00e5ren haft n\u00f6jet att presentera m\u00e5nga av v\u00e4rldens mest k\u00e4nda artister f\u00f6r Skandinavien, men att Kanye West nu intar v\u00e5r scen k\u00e4nns som pricket \u00f6ver i:et<\/em>, s\u00e4ger programledaren Fredrik Skavlan.<\/p>\n<p>Kanye West har hittills i karri\u00e4ren bel\u00f6nats med 21 Grammy-statyetter och mottagit 56 Grammy-nomineringar. Stj\u00e4rnan \u00e4r aktuell med singeln <em>Only One<\/em> (feat. Paul McCartney) fr\u00e5n hans kommande album. Han \u00e4r \u00e4ven aktuell med hiten <em>FourFiveSeconds<\/em> tillsammans med Rihanna och Paul McCartney.<\/p>\n<p><iframe loading=\"lazy\" src=\"https:\/\/www.youtube.com\/embed\/kt0g4dWxEBo\" width=\"560\" height=\"315\" frameborder=\"0\" allowfullscreen=\"allowfullscreen\"><\/iframe><\/p>\n","protected":false},"excerpt":{"rendered":"<p>Fredag den 27 februari g\u00f6r den m\u00e5ngfaldigt Grammybel\u00f6nade v\u00e4rldsstj\u00e4rnan Kanye West sitt f\u00f6rsta nordiska TV-framtr\u00e4dande n\u00e4r han upptr\u00e4der i Skavlan p\u00e5 SVT. &#8211; Vi har under \u00e5ren haft n\u00f6jet att presentera m\u00e5nga av v\u00e4rldens mest k\u00e4nda artister f\u00f6r Skandinavien, men att Kanye West nu intar v\u00e5r scen k\u00e4nns som pricket \u00f6ver i:et, s\u00e4ger programledaren Fredrik [&hellip;]<\/p>\n","protected":false},"author":3,"featured_media":0,"comment_status":"open","ping_status":"open","sticky":false,"template":"","format":"standard","meta":{"_genesis_hide_title":false,"_genesis_hide_breadcrumbs":false,"_genesis_hide_singular_image":false,"_genesis_hide_footer_widgets":false,"_genesis_custom_body_class":"","_genesis_custom_post_class":"","_genesis_layout":"","footnotes":""},"categories":[7],"tags":[2854,5106],"class_list":{"0":"post-91616","1":"post","2":"type-post","3":"status-publish","4":"format-standard","6":"category-musik","7":"tag-kanye-west","8":"tag-skavlan","9":"entry"},"_links":{"self":[{"href":"https:\/\/kulturbloggen.com\/index.php?rest_route=\/wp\/v2\/posts\/91616","targetHints":{"allow":["GET"]}}],"collection":[{"href":"https:\/\/kulturbloggen.com\/index.php?rest_route=\/wp\/v2\/posts"}],"about":[{"href":"https:\/\/kulturbloggen.com\/index.php?rest_route=\/wp\/v2\/types\/post"}],"author":[{"embeddable":true,"href":"https:\/\/kulturbloggen.com\/index.php?rest_route=\/wp\/v2\/users\/3"}],"replies":[{"embeddable":true,"href":"https:\/\/kulturbloggen.com\/index.php?rest_route=%2Fwp%2Fv2%2Fcomments&post=91616"}],"version-history":[{"count":1,"href":"https:\/\/kulturbloggen.com\/index.php?rest_route=\/wp\/v2\/posts\/91616\/revisions"}],"predecessor-version":[{"id":91618,"href":"https:\/\/kulturbloggen.com\/index.php?rest_route=\/wp\/v2\/posts\/91616\/revisions\/91618"}],"wp:attachment":[{"href":"https:\/\/kulturbloggen.com\/index.php?rest_route=%2Fwp%2Fv2%2Fmedia&parent=91616"}],"wp:term":[{"taxonomy":"category","embeddable":true,"href":"https:\/\/kulturbloggen.com\/index.php?rest_route=%2Fwp%2Fv2%2Fcategories&post=91616"},{"taxonomy":"post_tag","embeddable":true,"href":"https:\/\/kulturbloggen.com\/index.php?rest_route=%2Fwp%2Fv2%2Ftags&post=91616"}],"curies":[{"name":"wp","href":"https:\/\/api.w.org\/{rel}","templated":true}]}}