{"id":9127,"date":"2009-05-01T07:27:19","date_gmt":"2009-05-01T05:27:19","guid":{"rendered":"http:\/\/kulturbloggen.com\/?p=9127"},"modified":"2009-05-01T07:27:19","modified_gmt":"2009-05-01T05:27:19","slug":"manga-vill-se-malena-ernman-live-pa-bio","status":"publish","type":"post","link":"https:\/\/kulturbloggen.com\/?p=9127","title":{"rendered":"M\u00e5nga vill se Malena Ernman live p\u00e5 bio"},"content":{"rendered":"<p><img loading=\"lazy\" decoding=\"async\" src=\"http:\/\/sodergren.com\/kulturbloggen\/wp-content\/uploads\/2009\/05\/askungen290.jpg\" alt=\"askungen290\" title=\"askungen290\" width=\"290\" height=\"200\" class=\"alignright size-full wp-image-9128\" \/><br \/>\nMedan kv\u00e4llstidningarna b\u00f6rjar ladda med n\u00f6jesreportage inf\u00f6r finalen i Eurovision Song Contest laddar det svenska hoppet Malena Ernman med operaf\u00f6rest\u00e4llning av Askungen. Det \u00e4r stort intresse f\u00f6r att se v\u00e5r svenska operastj\u00e4rna. P\u00e5 bio i direkts\u00e4ningnt.<br \/>\n Direkts\u00e4ndningen av Askungen med Malena Ernman live fr\u00e5n Kungliga Operan fyller landets biografer. Hittills har 1.500 biljetter s\u00e5lts till f\u00f6rest\u00e4llningen p\u00e5 m\u00e5ndag, 4 maj. I B\u00e5stad och S\u00f6r\u00e5ker \u00e4r det redan uts\u00e5lt, skriver arrang\u00f6rerna i ett pressmeddelande.<br \/>\n<!--more--><br \/>\n\u2013 Vi s\u00e5lde ut hela salongen p\u00e5 fyra timmar, intresset \u00e4r otroligt stort, s\u00e4ger Christina Thonman, chef f\u00f6r S\u00f6r\u00e5kers Folkets Hus.<\/p>\n<p>Segern i Melodifestivalen gjorde Malena Ernman till k\u00e4ndis \u00f6ver en natt. Samtidigt blev intresset f\u00f6r Operans f\u00f6rest\u00e4llning Askungen rekordstort \u2013 alla f\u00f6rest\u00e4llningar \u00e4r uts\u00e5lda. Den som inte fick n\u00e5gon biljett f\u00e5r en ny chans p\u00e5 m\u00e5ndag, 4 maj, d\u00e5 Askungen direkts\u00e4nds till ett 30-tal digitala biografer i hela landet.<\/p>\n<p> P\u00e5 m\u00e5ndag kan publiken p\u00e5 ett 30-tal orter, d\u00e4ribland Kiruna, Kumla och Trollh\u00e4ttan uppleva Askungen med Malena Ernman direkt fr\u00e5n Kungliga Operan. Direkts\u00e4ndningen sker till biografer i hela landet och delar av ensemblen kommer fr\u00e5n platser som s\u00e4nder f\u00f6rest\u00e4llningen. Katarina Leoson kommer fr\u00e5n Torsby, V\u00e4rmland, d\u00e4r f\u00f6rest\u00e4llningen direkts\u00e4nds till Skoghall och Filipstad. Karin Ingeb\u00e4ck kommer fr\u00e5n Trollh\u00e4ttan och Lennart Fors\u00e9n fr\u00e5n Malm\u00f6.<\/p>\n<p> H\u00e4r kan du uppleva Askungen \u2013 live fr\u00e5n Kungliga Operan 4 maj:<\/p>\n<p>Bengtsfors, Boxholm, Bure\u00e5, B\u00e5stad (uts\u00e5lt), Filipstad, Gusum, G\u00f6teborg, Hofors, Hudiksvall, Kallh\u00e4ll, Katrineholm, Kiruna, Kumla, K\u00f6ping, Lammhult, Lund, L\u00f6v\u00e5nger, Malm\u00f6, Nyn\u00e4shamn, Oskarshamn, Skoghall, Smedjebacken, Str\u00e4ngn\u00e4s, S\u00f6r\u00e5ker (uts\u00e5lt), Tomelilla, Trollh\u00e4ttan, Visby och Ystad.<\/p>\n<p>Fotograf p\u00e5 bilderna i inl\u00e4gget: Carl Thorborg Kungliga Operan.<\/p>\n<p>Malena Ernman bloggar f\u00f6r Aftonbladet inf\u00f6r Eurovision Song Contest och <a href=\"http:\/\/blogg.aftonbladet.se\/31105\/perma\/1198371\">ber\u00e4ttar bland annat i ett inl\u00e4gg att hon twittrar ocks\u00e5<\/a>.<\/p>\n<p><a href=\"http:\/\/www.expressen.se\/noje\/musik\/1.1542589\/malena-ernman-snart-pa-bioduken\">H\u00e4r ber\u00e4ttar Expressen om Malena Ernman och bios\u00e4ndningarna av Askungen.<\/a><br \/>\n<a href=\"http:\/\/www.expressen.se\/noje\/melodifestivalen\/1.1540908\/experten-sagar-malena-ernmans-taktik\">Lite mer fr\u00e5n Expressen om Malena, nu med fokus inf\u00f6r ESC-finalen.<\/a><\/p>\n<p>Askungen trailer<br \/>\n<object width=\"560\" height=\"340\"><param name=\"movie\" value=\"http:\/\/www.youtube.com\/v\/k9P6AEghGYs&#038;hl=sv&#038;fs=1\"><\/param><param name=\"allowFullScreen\" value=\"true\"><\/param><param name=\"allowscriptaccess\" value=\"always\"><\/param><embed src=\"http:\/\/www.youtube.com\/v\/k9P6AEghGYs&#038;hl=sv&#038;fs=1\" type=\"application\/x-shockwave-flash\" allowscriptaccess=\"always\" allowfullscreen=\"true\" width=\"560\" height=\"340\"><\/embed><\/object><\/p>\n<p><img loading=\"lazy\" decoding=\"async\" src=\"http:\/\/sodergren.com\/kulturbloggen\/wp-content\/uploads\/2009\/05\/askungen600-300x100.jpg\" alt=\"askungen600\" title=\"askungen600\" width=\"300\" height=\"100\" class=\"alignright size-medium wp-image-9129\" \/><\/p>\n<p>Andra bloggar om: <a href=\"http:\/\/bloggar.se\/om\/opera\" rel=\"tag\">opera<\/a>, <a href=\"http:\/\/bloggar.se\/om\/ESC\" rel=\"tag\">ESC<\/a>, <a href=\"http:\/\/bloggar.se\/om\/pop\" rel=\"tag\">pop<\/a>, <a href=\"http:\/\/bloggar.se\/om\/rock\" rel=\"tag\">rock<\/a>, <a href=\"http:\/\/bloggar.se\/om\/Eurovision+song+contest\" rel=\"tag\">Eurovision song contest<\/a>, <a href=\"http:\/\/bloggar.se\/om\/n%F6je\" rel=\"tag\">n\u00f6je<\/a>, <a href=\"http:\/\/bloggar.se\/om\/bio\" rel=\"tag\">bio<\/a>, <a href=\"http:\/\/bloggar.se\/om\/film\" rel=\"tag\">film<\/a>, <a href=\"http:\/\/bloggar.se\/om\/live\" rel=\"tag\">live<\/a>, <a href=\"http:\/\/bloggar.se\/om\/Malena+Ernman\" rel=\"tag\">Malena Ernman<\/a>, <a href=\"http:\/\/bloggar.se\/om\/Folkets+bio\" rel=\"tag\">Folkets bio<\/a>, <a href=\"http:\/\/bloggar.se\/om\/Askungen\" rel=\"tag\">Askungen<\/a><\/p>\n","protected":false},"excerpt":{"rendered":"<p>Medan kv\u00e4llstidningarna b\u00f6rjar ladda med n\u00f6jesreportage inf\u00f6r finalen i Eurovision Song Contest laddar det svenska hoppet Malena Ernman med operaf\u00f6rest\u00e4llning av Askungen. Det \u00e4r stort intresse f\u00f6r att se v\u00e5r svenska operastj\u00e4rna. P\u00e5 bio i direkts\u00e4ningnt. Direkts\u00e4ndningen av Askungen med Malena Ernman live fr\u00e5n Kungliga Operan fyller landets biografer. Hittills har 1.500 biljetter s\u00e5lts till [&hellip;]<\/p>\n","protected":false},"author":2,"featured_media":0,"comment_status":"open","ping_status":"open","sticky":false,"template":"","format":"standard","meta":{"_genesis_hide_title":false,"_genesis_hide_breadcrumbs":false,"_genesis_hide_singular_image":false,"_genesis_hide_footer_widgets":false,"_genesis_custom_body_class":"","_genesis_custom_post_class":"","_genesis_layout":"","footnotes":""},"categories":[7],"tags":[1567,1596,4095,4147,4428,4792],"class_list":{"0":"post-9127","1":"post","2":"type-post","3":"status-publish","4":"format-standard","6":"category-musik","7":"tag-esc","8":"tag-eurovision-song-contest","9":"tag-noje","10":"tag-opera","11":"tag-pop","12":"tag-rock","13":"entry"},"_links":{"self":[{"href":"https:\/\/kulturbloggen.com\/index.php?rest_route=\/wp\/v2\/posts\/9127","targetHints":{"allow":["GET"]}}],"collection":[{"href":"https:\/\/kulturbloggen.com\/index.php?rest_route=\/wp\/v2\/posts"}],"about":[{"href":"https:\/\/kulturbloggen.com\/index.php?rest_route=\/wp\/v2\/types\/post"}],"author":[{"embeddable":true,"href":"https:\/\/kulturbloggen.com\/index.php?rest_route=\/wp\/v2\/users\/2"}],"replies":[{"embeddable":true,"href":"https:\/\/kulturbloggen.com\/index.php?rest_route=%2Fwp%2Fv2%2Fcomments&post=9127"}],"version-history":[{"count":0,"href":"https:\/\/kulturbloggen.com\/index.php?rest_route=\/wp\/v2\/posts\/9127\/revisions"}],"wp:attachment":[{"href":"https:\/\/kulturbloggen.com\/index.php?rest_route=%2Fwp%2Fv2%2Fmedia&parent=9127"}],"wp:term":[{"taxonomy":"category","embeddable":true,"href":"https:\/\/kulturbloggen.com\/index.php?rest_route=%2Fwp%2Fv2%2Fcategories&post=9127"},{"taxonomy":"post_tag","embeddable":true,"href":"https:\/\/kulturbloggen.com\/index.php?rest_route=%2Fwp%2Fv2%2Ftags&post=9127"}],"curies":[{"name":"wp","href":"https:\/\/api.w.org\/{rel}","templated":true}]}}