{"id":9071,"date":"2009-04-29T09:51:32","date_gmt":"2009-04-29T07:51:32","guid":{"rendered":"http:\/\/kulturbloggen.com\/?p=9071"},"modified":"2009-04-29T09:51:32","modified_gmt":"2009-04-29T07:51:32","slug":"kulturfyran-om-lasning","status":"publish","type":"post","link":"https:\/\/kulturbloggen.com\/?p=9071","title":{"rendered":"Kulturfyran om l\u00e4sning"},"content":{"rendered":"<p><img loading=\"lazy\" decoding=\"async\" src=\"http:\/\/sodergren.com\/kulturbloggen\/wp-content\/uploads\/2009\/04\/elisabethgeorge290.jpg\" alt=\"elisabethgeorge290\" title=\"elisabethgeorge290\" width=\"290\" height=\"200\" class=\"alignright size-full wp-image-9076\" \/><br \/>\nSommaren n\u00e4rmar sig och visst blir det lite mer tid \u00f6ver f\u00f6r att l\u00e4sa d\u00e5? Ulf Stark \u00e4r en av mina favoritf\u00f6rfattare, han skriver om ungdomar och barn p\u00e5 ett avdramatiserat s\u00e4tt. <a href=\"http:\/\/www.dn.se\/dnbok\/bokrecensioner\/recension-ulf-stark-text-markus-majaluoma-bild-krutpojken-detektivpojken-1.854025\">Nu har han gett ut en ny bok i serien om livet i Stureb<\/a>y, \u201dDetektivpojken\u201d, finurligt illustrerad av Markus Majaluoma.<br \/>\nDen \u00e4r uppsatt p\u00e5 min \u00f6nskelista \u00f6ver vad som ska l\u00e4sas i sommar. Och s\u00e5 har Elisabeth George gett ut en ny deckare i Lynley- och Barbara Havers-serien: Str\u00e5k av R\u00f6tt (<a href=\"http:\/\/www.bokhora.se\/blog\/recension\/2009\/04\/strak-av-rott-elizabeth-george\/\">recenserad i Bokhora<\/a>).<br \/>\nOkey, d\u00e5 startar vi veckans Kulturfyra:<br \/>\n<!--more--><\/p>\n<p>1. Vilka b\u00f6cker planerar du att l\u00e4sa i sommar?<\/p>\n<p>2. Vilken bok l\u00e4ser du just nu? Ta g\u00e4rna en bild p\u00e5 bokh\u00f6gen som ligger och v\u00e4ntar, om du har n\u00e5gon s\u00e5dan h\u00f6g.<\/p>\n<p>3. Hur mycket l\u00e4ser du varje vecka?<\/p>\n<p>4. Om du skulle beskriva vad som \u00e4r viktigast med en bok, med tre ord, vilka tre ord v\u00e4ljer du d\u00e5?<\/p>\n<p>Gl\u00f6m nu inte att l\u00e4mna l\u00e4nken till ditt svar h\u00e4r i en kommentar. Om du dessutom <a href=\"http:\/\/nyligen.se\/pinga.php\">pingar nyligen <\/a>hamnar ditt inl\u00e4gg i blogglistan som ligger precis \u00f6ver kommentarsf\u00e4ltet. Det \u00e4r bra eftersom jag inte sitter vid datorn j\u00e4mt och alla kommentarer modereras innan de kommer ut. Men om du <a href=\"http:\/\/nyligen.se\/pinga.php\">pingar nyligen <\/a>syns din l\u00e4nk snabbare.<\/p>\n<p>Att pinga nyligen \u00e4r j\u00e4ttel\u00e4tt, <a href=\"http:\/\/nyligen.se\/pinga.php\">klicka p\u00e5 l\u00e4nken h\u00e4r<\/a> och fyll bara i din bloggs adress i formul\u00e4ret som finns lite l\u00e4ngre ned p\u00e5 sidan som visas.<\/p>\n<p>L\u00e4s \u00e4ven andra bloggares \u00e5sikter om <a href=\"http:\/\/bloggar.se\/om\/kulturfyra\" rel=\"tag\">kulturfyra<\/a>, <a href=\"http:\/\/bloggar.se\/om\/b%F6cker\" rel=\"tag\">b\u00f6cker<\/a>, <a href=\"http:\/\/bloggar.se\/om\/l%E4sning\" rel=\"tag\">l\u00e4sning<\/a>, <a href=\"http:\/\/bloggar.se\/om\/litteratur\" rel=\"tag\">litteratur<\/a>, <a href=\"http:\/\/bloggar.se\/om\/deckare\" rel=\"tag\">deckare<\/a>, <a href=\"http:\/\/bloggar.se\/om\/Elisabeth+George\" rel=\"tag\">Elisabeth George<\/a>, <a href=\"http:\/\/bloggar.se\/om\/Ulf+Stark\" rel=\"tag\">Ulf Stark<\/a><\/p>\n<p><a href=\"http:\/\/sodergren.com\/kulturbloggen\/wp-content\/uploads\/2009\/04\/detektivpojken600.jpg\"><img loading=\"lazy\" decoding=\"async\" src=\"http:\/\/sodergren.com\/kulturbloggen\/wp-content\/uploads\/2009\/04\/detektivpojken600-300x100.jpg\" alt=\"detektivpojken600\" title=\"detektivpojken600\" width=\"300\" height=\"100\" class=\"alignright size-medium wp-image-9077\" \/><\/a><\/p>\n","protected":false},"excerpt":{"rendered":"<p>Sommaren n\u00e4rmar sig och visst blir det lite mer tid \u00f6ver f\u00f6r att l\u00e4sa d\u00e5? Ulf Stark \u00e4r en av mina favoritf\u00f6rfattare, han skriver om ungdomar och barn p\u00e5 ett avdramatiserat s\u00e4tt. Nu har han gett ut en ny bok i serien om livet i Stureby, \u201dDetektivpojken\u201d, finurligt illustrerad av Markus Majaluoma. Den \u00e4r uppsatt [&hellip;]<\/p>\n","protected":false},"author":2,"featured_media":0,"comment_status":"open","ping_status":"open","sticky":false,"template":"","format":"standard","meta":{"_genesis_hide_title":false,"_genesis_hide_breadcrumbs":false,"_genesis_hide_singular_image":false,"_genesis_hide_footer_widgets":false,"_genesis_custom_body_class":"","_genesis_custom_post_class":"","_genesis_layout":"","footnotes":""},"categories":[20],"tags":[907,1197,60,3407],"class_list":["post-9071","post","type-post","status-publish","format-standard","category-film","tag-bocker","tag-deckare","tag-kulturfyra","tag-lasning","entry"],"_links":{"self":[{"href":"https:\/\/kulturbloggen.com\/index.php?rest_route=\/wp\/v2\/posts\/9071","targetHints":{"allow":["GET"]}}],"collection":[{"href":"https:\/\/kulturbloggen.com\/index.php?rest_route=\/wp\/v2\/posts"}],"about":[{"href":"https:\/\/kulturbloggen.com\/index.php?rest_route=\/wp\/v2\/types\/post"}],"author":[{"embeddable":true,"href":"https:\/\/kulturbloggen.com\/index.php?rest_route=\/wp\/v2\/users\/2"}],"replies":[{"embeddable":true,"href":"https:\/\/kulturbloggen.com\/index.php?rest_route=%2Fwp%2Fv2%2Fcomments&post=9071"}],"version-history":[{"count":0,"href":"https:\/\/kulturbloggen.com\/index.php?rest_route=\/wp\/v2\/posts\/9071\/revisions"}],"wp:attachment":[{"href":"https:\/\/kulturbloggen.com\/index.php?rest_route=%2Fwp%2Fv2%2Fmedia&parent=9071"}],"wp:term":[{"taxonomy":"category","embeddable":true,"href":"https:\/\/kulturbloggen.com\/index.php?rest_route=%2Fwp%2Fv2%2Fcategories&post=9071"},{"taxonomy":"post_tag","embeddable":true,"href":"https:\/\/kulturbloggen.com\/index.php?rest_route=%2Fwp%2Fv2%2Ftags&post=9071"}],"curies":[{"name":"wp","href":"https:\/\/api.w.org\/{rel}","templated":true}]}}