{"id":90697,"date":"2015-01-25T09:27:13","date_gmt":"2015-01-25T07:27:13","guid":{"rendered":"http:\/\/kulturbloggen.com\/?p=90697"},"modified":"2015-01-25T09:27:13","modified_gmt":"2015-01-25T07:27:13","slug":"drottning-kristina-i-slottskyrkan-en-mycket-vacker-dansforestallning","status":"publish","type":"post","link":"https:\/\/kulturbloggen.com\/?p=90697","title":{"rendered":"Drottning Kristina i Slottskyrkan &#8211; en mycket vacker dansf\u00f6rest\u00e4llning"},"content":{"rendered":"<p><a href=\"http:\/\/kulturbloggen.com\/wp-content\/uploads\/2015\/01\/kristina_poster.jpg\"><img loading=\"lazy\" decoding=\"async\" src=\"http:\/\/kulturbloggen.com\/wp-content\/uploads\/2015\/01\/kristina_poster-205x300.jpg\" alt=\"kristina_poster\" width=\"205\" height=\"300\" class=\"aligncenter size-medium wp-image-90698\" srcset=\"https:\/\/kulturbloggen.com\/wp-content\/uploads\/2015\/01\/kristina_poster-205x300.jpg 205w, https:\/\/kulturbloggen.com\/wp-content\/uploads\/2015\/01\/kristina_poster.jpg 450w\" sizes=\"auto, (max-width: 205px) 100vw, 205px\" \/><\/a><\/p>\n<p>\u201dDrottning Kristina\u201d &#8211; en dansf\u00f6rest\u00e4llning<br \/>\nRegi Hans Marklund<br \/>\nKonstn\u00e4rliga ledare Anneli Alhanko och Eva Johnson<br \/>\n60 dansare fr\u00e5n Base23<br \/>\nSlottskyrkan den 24 januari 2015<\/p>\n<p>Att s\u00e4ga att \u201dDrottning Kristina\u201d \u00e4r en dansf\u00f6rest\u00e4llning, \u00e4r inte riktigt hela sanningen. Det \u00e4r 16 mindre dansf\u00f6rest\u00e4llningar med prologer emellan, som f\u00f6rs\u00f6ker binda ihop historien om en drottning. Utg\u00e5ngspunkten f\u00f6r dessa danser \u00e4r en fantastisk milj\u00f6 som bjuder \u00f6gat p\u00e5 allt man kan \u00f6nska, det vill s\u00e4ga Slottskyrkans fantastiska arkitektur. <\/p>\n<p>I f\u00f6rest\u00e4llningen kastas vi mellan de klassiska kl\u00e4derna fr\u00e5n Kristinas 1600-tal, till moderna trik\u00e5er, och det var v\u00e4ldigt sp\u00e4nnande och fascinerande. Jag skulle nog ha kunnat \u201dk\u00f6pa\u201d dessa olikheter genom ber\u00e4ttelsen, \u00e4ven om det inte \u00e4r helt sj\u00e4lvklara kast. Men det som bekymrade mig f\u00f6r mycket, var den allt f\u00f6r tydliga linjen av enskildhet som k\u00e4ndes i varje nummer. Dansnumren var helt separerade fr\u00e5n varandra och h\u00f6rde inte ihop genom sina uttryck. Kanske har de olika grupperna repeterat enbart separat och inte alls tillsammans? Hela f\u00f6rest\u00e4llningen saknade d\u00e4rmed en k\u00e4nsla av gemensam b\u00f6rjan, mitt och slut. Tyv\u00e4rr blev det inte heller b\u00e4ttre av prologerna mellan nummren, utan snarare tv\u00e4rtom. <\/p>\n<p>Min \u00f6nskan hade varit att dessa fantastiska dansnummer, med olika kvalitet, trots allt hade f\u00e5tt lov att ber\u00e4tta sin egen historia om Kristina utan f\u00f6rs\u00f6k till sk\u00e5despel emellan. Jag vet inte om man trodde att dansen i sig sj\u00e4lv, ensam inte kunde vara b\u00e4rare av budskapen om Sveriges f\u00f6rsta kvinnliga monark eller hur man hade t\u00e4nkt. Det verkar som man gjort en av de vanligaste, men of\u00f6rl\u00e5tliga misstagen, att inte separera dansbeg\u00e5vning med sk\u00e5despelarkonst. Precis som inte alla sk\u00e5despelare med automatik kan sjunga och dansa, kan inte alla dansare agera. Jag hade hellre haft en ok\u00e4nd r\u00f6st som genom h\u00f6gtalare bundit ihop f\u00f6rest\u00e4llningen, snarare \u00e4n att man haft denna s.k. prolog p\u00e5 scen.<\/p>\n<p>Det sv\u00e5raste med f\u00f6rest\u00e4llningen var dock att manusets inneh\u00e5ll inte riktigt h\u00f6ll ihop historiskt eller teologiskt. Historiskt finns det en hel del myter och ovissheter kring Kristinas liv, leverne, konventering och abdikering. Men det finns trots allt en hel del saker vi med st\u00f6rsta sannolikhet vet. F\u00f6rest\u00e4llningen tog exempelvis inte alls upp det faktum att v\u00e4ldigt m\u00e5nga historiker tror att Kristina var homosexuell och d\u00e4rmed inte vill gifta sig med n\u00e5gon man. Att g\u00e5 i kloster och bli katolik var n\u00e5got m\u00e5nga kvinnor gjorde p\u00e5 den tiden av skilda anledningar. Att Kristina skulle ha abdikerat enbart f\u00f6r att det var jobbigt att vara kvinna p\u00e5 tronen, ger inte riktigt hela bilden. En del menar till och med att hon abdikerade f\u00f6r att hon avskydde svensk vinter, ville ha ett eget liv, inte klarade av att vara p\u00e5passad och ville vara d\u00e4r hennes mentor filosofen Descartes (\u201dJag t\u00e4nker allts\u00e5 \u00e4r jag\u201d) var, det vill s\u00e4ga i Frankrike och Italien. <\/p>\n<p>Man kan dock inte heller, bara rakt av, p\u00e5st\u00e5 i en f\u00f6rest\u00e4llning att det \u00e4r samma sak att \u201d\u00f6verge sin tro\u201d och att konventera till katolicism. Det \u00e4r ett ganska stort teologiskt \u00f6vergrepp som man kanske f\u00e5r vara lite f\u00f6rsiktig med, f\u00f6r det \u00e4r inte exakt samma sak. Det \u00e4r inte heller s\u00e5 att en protestant tar av sig sitt kors och h\u00e4nger det p\u00e5 ett annat kors, n\u00e4r hon \u201dbyter sida\u201d inom kristendomen (vilket visades i f\u00f6rest\u00e4llningen). B\u00e5de katoliker och protestanter bar p\u00e5 kors som symboler f\u00f6r sin kristna tro, \u00e4ven om vissa grundprinciperna d\u00e5, som nu, skiljer dem \u00e5t. Sj\u00e4lvklart var det f\u00f6r ett protestantiskt Sverige d\u00e5, f\u00f6rf\u00e4rligt att hon blev en s\u00e5 kallad f\u00f6rr\u00e4dare och konverterade. Drottning Kristina var tvungen att fly f\u00f6r att bli beskyddad av p\u00e5ven i Rom. Om hon helt \u201d\u00f6vergav\u201d sin tro senare eller inte, efter att hon hade konventerat fr\u00e5n proteastantism till katolicism, vet vi inte. Men det k\u00e4nns inte troligt att p\u00e5st\u00e5 det eftersom Kristina ligger begraven i katolska kyrkans huvudborg, det vill s\u00e4ga i Sankt Peters kyrka i Vatikanen. Det k\u00e4nns tyv\u00e4rr som att manuset inte genomg\u00e5tt historiska- eller teologiska analyser. Ist\u00e4llet har man f\u00f6rs\u00f6kt skapa dramatik kring symbolik och ber\u00e4ttelser som inte tillh\u00f6r historien, protestantismen eller katolicismen. Man skapar d\u00e4rmed en ytligare bild av Kristinas liv \u00e4n vad jag upplever att man hade beh\u00f6vt g\u00f6ra.<\/p>\n<p>Det \u00e4r dock en mycket vacker dansf\u00f6rest\u00e4llning med genomt\u00e4nkta kl\u00e4der och ljuss\u00e4ttning som bidrar med skuggor, linjer, musikbyten och rytmik, som \u00e4r ut\u00f6ver det vanliga. Det \u00e4r dessutom f\u00f6rest\u00e4llningens yngsta dansare som st\u00e5r f\u00f6r de st\u00f6rsta \u00f6verraskningarna, med tanke p\u00e5 \u00e5lder och koreografins sv\u00e5righeter i numren. Dessa ungas h\u00e5llning och inlevelse, \u00e4r utan tvekan kv\u00e4llens st\u00f6rsta beh\u00e5llning.<\/p>\n","protected":false},"excerpt":{"rendered":"<p>\u201dDrottning Kristina\u201d &#8211; en dansf\u00f6rest\u00e4llning Regi Hans Marklund Konstn\u00e4rliga ledare Anneli Alhanko och Eva Johnson 60 dansare fr\u00e5n Base23 Slottskyrkan den 24 januari 2015 Att s\u00e4ga att \u201dDrottning Kristina\u201d \u00e4r en dansf\u00f6rest\u00e4llning, \u00e4r inte riktigt hela sanningen. Det \u00e4r 16 mindre dansf\u00f6rest\u00e4llningar med prologer emellan, som f\u00f6rs\u00f6ker binda ihop historien om en drottning. Utg\u00e5ngspunkten f\u00f6r [&hellip;]<\/p>\n","protected":false},"author":32,"featured_media":0,"comment_status":"open","ping_status":"open","sticky":false,"template":"","format":"standard","meta":{"_genesis_hide_title":false,"_genesis_hide_breadcrumbs":false,"_genesis_hide_singular_image":false,"_genesis_hide_footer_widgets":false,"_genesis_custom_body_class":"","_genesis_custom_post_class":"","_genesis_layout":"","footnotes":""},"categories":[16,20],"tags":[1128,11757,12285,11758],"class_list":{"0":"post-90697","1":"post","2":"type-post","3":"status-publish","4":"format-standard","6":"category-recension","7":"category-film","8":"tag-dans","9":"tag-drottning-kristina","10":"tag-recension","11":"tag-slottskyrkan","12":"entry"},"_links":{"self":[{"href":"https:\/\/kulturbloggen.com\/index.php?rest_route=\/wp\/v2\/posts\/90697","targetHints":{"allow":["GET"]}}],"collection":[{"href":"https:\/\/kulturbloggen.com\/index.php?rest_route=\/wp\/v2\/posts"}],"about":[{"href":"https:\/\/kulturbloggen.com\/index.php?rest_route=\/wp\/v2\/types\/post"}],"author":[{"embeddable":true,"href":"https:\/\/kulturbloggen.com\/index.php?rest_route=\/wp\/v2\/users\/32"}],"replies":[{"embeddable":true,"href":"https:\/\/kulturbloggen.com\/index.php?rest_route=%2Fwp%2Fv2%2Fcomments&post=90697"}],"version-history":[{"count":1,"href":"https:\/\/kulturbloggen.com\/index.php?rest_route=\/wp\/v2\/posts\/90697\/revisions"}],"predecessor-version":[{"id":90699,"href":"https:\/\/kulturbloggen.com\/index.php?rest_route=\/wp\/v2\/posts\/90697\/revisions\/90699"}],"wp:attachment":[{"href":"https:\/\/kulturbloggen.com\/index.php?rest_route=%2Fwp%2Fv2%2Fmedia&parent=90697"}],"wp:term":[{"taxonomy":"category","embeddable":true,"href":"https:\/\/kulturbloggen.com\/index.php?rest_route=%2Fwp%2Fv2%2Fcategories&post=90697"},{"taxonomy":"post_tag","embeddable":true,"href":"https:\/\/kulturbloggen.com\/index.php?rest_route=%2Fwp%2Fv2%2Ftags&post=90697"}],"curies":[{"name":"wp","href":"https:\/\/api.w.org\/{rel}","templated":true}]}}