{"id":90652,"date":"2015-01-22T12:54:05","date_gmt":"2015-01-22T10:54:05","guid":{"rendered":"http:\/\/kulturbloggen.com\/?p=90652"},"modified":"2015-01-22T21:33:22","modified_gmt":"2015-01-22T19:33:22","slug":"teaterkritikerna-prisar-alexander-mork-eidem-agneta-ehrensvard-och-claire-parsons","status":"publish","type":"post","link":"https:\/\/kulturbloggen.com\/?p=90652","title":{"rendered":"Teaterkritikerna prisar Alexander M\u00f8rk-Eidem, Agneta Ehrensv\u00e4rd och Claire Parsons"},"content":{"rendered":"<p><a href=\"http:\/\/kulturbloggen.com\/wp-content\/uploads\/2015\/01\/mork_eidem_alexander350.jpg\"><img loading=\"lazy\" decoding=\"async\" src=\"http:\/\/kulturbloggen.com\/wp-content\/uploads\/2015\/01\/mork_eidem_alexander350.jpg\" alt=\"mork_eidem_alexander350\" width=\"350\" height=\"525\" class=\"aligncenter size-full wp-image-90657\" srcset=\"https:\/\/kulturbloggen.com\/wp-content\/uploads\/2015\/01\/mork_eidem_alexander350.jpg 350w, https:\/\/kulturbloggen.com\/wp-content\/uploads\/2015\/01\/mork_eidem_alexander350-200x300.jpg 200w\" sizes=\"auto, (max-width: 350px) 100vw, 350px\" \/><\/a><\/p>\n<p>Alexander M\u00f8rk-Eidem, Agneta Ehrensv\u00e4rd och Claire Parsons f\u00e5r 2014 \u00e5rs kritikerpriser av Svenska Teaterkritikers f\u00f6rening.<\/p>\n<p>Ett pressmeddelande ber\u00e4ttar:<\/p>\n<p>Regiss\u00f6ren Alexander M\u00f8rk-Eidem tilldelas Teaterpriset 2014 f\u00f6r att han outtr\u00f6ttligt skapar samtidsaktuella fulltr\u00e4ffar av teaterklassiker, som de livgivande nyl\u00e4sningarna av Henrik Ibsens Hedda Gabler och Anton Tjechovs Tre systrar. \u00c5rets En folkefiende p\u00e5 Kulturhuset Stadsteatern var b\u00e5de ett lustmord p\u00e5 och en lustfylld hyllning till Ibsens lustspel om sanning och demokrati. I M\u00f8rk-Eidems upps\u00e4ttning ing\u00e5r alla i ett relevant kaos, bygger upp och river ner sin gemensamma v\u00e4rld i en stark konstn\u00e4rlig helhet.<\/p>\n<p>Barn- och ungdomsteaterpriset f\u00f6r 2014 tilldelas Agneta Ehrensv\u00e4rd, konstn\u00e4rlig ledare p\u00e5 Unga Dramaten i Stockholm, f\u00f6r att hon med engagemang och lyh\u00f6rd nyfikenhet har brutit ny mark f\u00f6r Unga Dramaten. Genom m\u00f6ten mellan vitt skilda konstn\u00e4rskap har hon gett utrymme f\u00f6r of\u00f6ruts\u00e4gbar och nyskapande teater under \u00e5ret. Don Giovanni, Liv Str\u00f6mquist t\u00e4nker p\u00e5 dig! och Hans och Greta \u00e4r upps\u00e4ttningar d\u00e4r anarki krockat med konvention och tradition s\u00e5 att Elverket har laddats med ny konstn\u00e4rlig energi f\u00f6r den unga publiken.<\/p>\n<p>Svenska Teaterkritikers f\u00f6renings Danspris f\u00f6r 2014 tilldelas koreografen Claire Parsons som visat p\u00e5 nya v\u00e4gar f\u00f6r samtida dans som konstform f\u00f6r barn. Bildkonst, stilhistoria och scenbild anv\u00e4nds lust- och fantasifyllt och interagerande med kvalificerad koreografi i verk som Jag t\u00e4nker Rolf, Fyra flickor och Vispar du?. I Marmelad f\u00f6r de minsta barnen dansar b\u00e5de nycirkus och f\u00e4rgl\u00e4ra i en rolig reflexion om varat p\u00e5 tu man hand som v\u00e5gar g\u00e5 t\u00e4tt inp\u00e5  barnen och deras perspektiv.<\/p>\n<p>Priserna best\u00e5r f\u00f6rutom \u00e4ran i pristavlor. Teaterpristagaren och Barn- och ungdomspristagaren f\u00e5r litografin \u201dUtroparen\u201d, en kostymskiss fr\u00e5n Peter Weiss \u201dMarat\/Sade\u201d signerad Gunilla Palmstierna-Weiss. Danspristagaren f\u00e5r en litografi signerad Brit Swedberg. <\/p>\n<p>Svenska Teaterkritikers f\u00f6renings medlemmar har r\u00f6stat om Teaterpriset och Barn-och ungdomsteaterpriset utifr\u00e5n tidigare tillk\u00e4nnagivna nomineringar. Danspristagaren har utsetts av en s\u00e4rskild jury best\u00e5ende av Margareta S\u00f6renson (Expressen), Anna \u00c5ngstr\u00f6m (SvD), Malena Forsare (Sydsvenskan), Lis Hellstr\u00f6m Sveningson (GP) Malin Palmqvist (L\u00e4nstidningen \u00d6stersund, Nummer.se)<\/p>\n<p>Foto: Petra Hellberg<\/p>\n","protected":false},"excerpt":{"rendered":"<p>Alexander M\u00f8rk-Eidem, Agneta Ehrensv\u00e4rd och Claire Parsons f\u00e5r 2014 \u00e5rs kritikerpriser av Svenska Teaterkritikers f\u00f6rening. Ett pressmeddelande ber\u00e4ttar: Regiss\u00f6ren Alexander M\u00f8rk-Eidem tilldelas Teaterpriset 2014 f\u00f6r att han outtr\u00f6ttligt skapar samtidsaktuella fulltr\u00e4ffar av teaterklassiker, som de livgivande nyl\u00e4sningarna av Henrik Ibsens Hedda Gabler och Anton Tjechovs Tre systrar. \u00c5rets En folkefiende p\u00e5 Kulturhuset Stadsteatern var b\u00e5de [&hellip;]<\/p>\n","protected":false},"author":13,"featured_media":0,"comment_status":"open","ping_status":"open","sticky":false,"template":"","format":"standard","meta":{"_genesis_hide_title":false,"_genesis_hide_breadcrumbs":false,"_genesis_hide_singular_image":false,"_genesis_hide_footer_widgets":false,"_genesis_custom_body_class":"","_genesis_custom_post_class":"","_genesis_layout":"","footnotes":""},"categories":[20],"tags":[],"class_list":{"0":"post-90652","1":"post","2":"type-post","3":"status-publish","4":"format-standard","6":"category-film","7":"entry"},"_links":{"self":[{"href":"https:\/\/kulturbloggen.com\/index.php?rest_route=\/wp\/v2\/posts\/90652","targetHints":{"allow":["GET"]}}],"collection":[{"href":"https:\/\/kulturbloggen.com\/index.php?rest_route=\/wp\/v2\/posts"}],"about":[{"href":"https:\/\/kulturbloggen.com\/index.php?rest_route=\/wp\/v2\/types\/post"}],"author":[{"embeddable":true,"href":"https:\/\/kulturbloggen.com\/index.php?rest_route=\/wp\/v2\/users\/13"}],"replies":[{"embeddable":true,"href":"https:\/\/kulturbloggen.com\/index.php?rest_route=%2Fwp%2Fv2%2Fcomments&post=90652"}],"version-history":[{"count":3,"href":"https:\/\/kulturbloggen.com\/index.php?rest_route=\/wp\/v2\/posts\/90652\/revisions"}],"predecessor-version":[{"id":90659,"href":"https:\/\/kulturbloggen.com\/index.php?rest_route=\/wp\/v2\/posts\/90652\/revisions\/90659"}],"wp:attachment":[{"href":"https:\/\/kulturbloggen.com\/index.php?rest_route=%2Fwp%2Fv2%2Fmedia&parent=90652"}],"wp:term":[{"taxonomy":"category","embeddable":true,"href":"https:\/\/kulturbloggen.com\/index.php?rest_route=%2Fwp%2Fv2%2Fcategories&post=90652"},{"taxonomy":"post_tag","embeddable":true,"href":"https:\/\/kulturbloggen.com\/index.php?rest_route=%2Fwp%2Fv2%2Ftags&post=90652"}],"curies":[{"name":"wp","href":"https:\/\/api.w.org\/{rel}","templated":true}]}}