{"id":90554,"date":"2015-01-19T01:09:44","date_gmt":"2015-01-18T23:09:44","guid":{"rendered":"http:\/\/kulturbloggen.com\/?p=90554"},"modified":"2015-01-31T22:28:34","modified_gmt":"2015-01-31T20:28:34","slug":"bilder-och-intryck-fran-p3-guld-2015","status":"publish","type":"post","link":"https:\/\/kulturbloggen.com\/?p=90554","title":{"rendered":"Bilder och intryck fr\u00e5n P3 Guld 2015"},"content":{"rendered":"<p><a href=\"http:\/\/kulturbloggen.com\/wp-content\/uploads\/2015\/01\/lindapira.jpg\"><img loading=\"lazy\" decoding=\"async\" class=\"aligncenter size-medium wp-image-90555\" src=\"http:\/\/kulturbloggen.com\/wp-content\/uploads\/2015\/01\/lindapira-300x200.jpg\" alt=\"lindapira\" width=\"300\" height=\"200\" srcset=\"https:\/\/kulturbloggen.com\/wp-content\/uploads\/2015\/01\/lindapira-300x200.jpg 300w, https:\/\/kulturbloggen.com\/wp-content\/uploads\/2015\/01\/lindapira-1024x683.jpg 1024w, https:\/\/kulturbloggen.com\/wp-content\/uploads\/2015\/01\/lindapira.jpg 2048w\" sizes=\"auto, (max-width: 300px) 100vw, 300px\" \/><\/a><\/p>\n<p>2014 \u00e5rs gala minns jag som startskottet p\u00e5 Seinabo Seys karri\u00e4r. Efter hennes framf\u00f6rande av <em>Younger<\/em> er\u00f6vrade hon med raketfart den svenska musikscenen. S\u00e5 det var lite f\u00f6rv\u00e5nande att hon inte fick ta emot n\u00e5got pris nu. D\u00e4remot fick hon dela ut priset f\u00f6r \u00e5rets grupp till First Aid Kit.<\/p>\n<p>\u00c5rets gala, som var den trettonde i ordningen, inleddes med att Thomas Stenstr\u00f6m ensam med gitarr framf\u00f6rde sin hit<em> Sl\u00e5 mig h\u00e5rt i ansiktet<\/em> i mitten av Scandinavium innan han rusade upp p\u00e5 scen och resten av bandet ansl\u00f6t sig. En stark \u00f6ppning som f\u00f6ljdes av flera starka framf\u00f6randen: tvillingsystrarna i Say Lou Lou, som \u00e4ven var nominerade i kategorin \u00e5rets nykomling, kanaliserade fjorddisco med Lindstr\u00f8m i ett glimrande, gyllene sken som bitvis f\u00f6rde tankarna till ABBA; Malm\u00f6rapparen Joy M&#8217;Batha bj\u00f6d p\u00e5 ett explosivt framf\u00f6rande av tro-p\u00e5-dig-sj\u00e4lv-hitten <em>Kattliv<\/em> g\u00e4stat av fyra barn f\u00f6rkl\u00e4dda till svarta katter; Silvana Imam framf\u00f6rde nya singeln <em>F\u00f6r evigt<\/em> med Marlene och Jos\u00e9 Gonz\u00e1lez, som efter att ha varit aktuell med sitt band Junip nu sl\u00e4pper sitt f\u00f6rsta soloalbum p\u00e5 \u00e5tta \u00e5r, hade premi\u00e4r f\u00f6r sin nya singel <em>Leaf Off\/The Cave<\/em>, som han sj\u00e4lv beskriver som \u201dlite mer pepp \u00e4n det jag gjorde sist\u201d.<\/p>\n<p>\u201dDet var lite vinna eller f\u00f6rsvinna\u201d ber\u00e4ttade La Fleur som vann kategorin \u00e5rets dans efter att ha varit nominerad tre \u00e5r i rad. \u201dDet h\u00e4r var f\u00f6rsta \u00e5ret jag t\u00e4nkte att det kanske finns en chans, f\u00f6r tidigare \u00e5r har det varit Swedish House Mafia och Avicii som \u00e4r otroligt stora hos folket.\u201d<\/p>\n<p><strong>Vad h\u00e4nder h\u00e4rn\u00e4st?<\/strong><\/p>\n<p>\u201dNu b\u00f6rjar jag \u00e5ret med att vara mammaledig. Sedan har jag v\u00e4ldigt m\u00e5nga roliga projekt p\u00e5 g\u00e5ng, men jag f\u00e5r inte s\u00e4ga n\u00e5got om dem \u00e4n. I maj n\u00e4r jag \u00e4r tillbaka kommer jag kunna avsl\u00f6ja mer.\u201d<\/p>\n<p>Veronica Maggio, som fick ta emot Guldmicken (priset f\u00f6r \u00e5rets b\u00e4sta live-akt) fr\u00e5n Dennis Lyxz\u00e9n som sj\u00e4lv gav 110 spelningar ifjol med sitt INVSN, k\u00e4ndes kanske p\u00e5 f\u00f6rhand som den enda riktigt givna vinnaren. I kategorier som \u00e5rets nykomling och \u00e5rets pop, d\u00e4r Tove Lo respektive Beatrice Eli stod som segrare, var k\u00e4nslan att det lika g\u00e4rna kunde ha varit Seinabo Sey, Mapei, Lykke Li eller Hurula som f\u00e5tt ta emot statyetten. Och n\u00e5got \u00f6verraskande vann Crucified Barbara i \u00e5rets h\u00e5rdrock framf\u00f6r ett \u00e5terf\u00f6renat At the Gates. Men mest talande \u00e4r nog att Linda Pira blev \u00e5rets galadrottning; ett \u00e5r d\u00e5 Timbuktu st\u00e5r som enda manliga vinnare visade hon \u2014 inte minst med sin hyllade Ladies First-show p\u00e5 Dramaten \u2014 att feminsismens tid verkligen \u00e4r nu.<\/p>\n<p><a href=\"http:\/\/kulturbloggen.com\/wp-content\/uploads\/2015\/01\/piramaggio.jpg\"><img loading=\"lazy\" decoding=\"async\" class=\"aligncenter size-medium wp-image-90556\" src=\"http:\/\/kulturbloggen.com\/wp-content\/uploads\/2015\/01\/piramaggio-300x197.jpg\" alt=\"piramaggio\" width=\"300\" height=\"197\" srcset=\"https:\/\/kulturbloggen.com\/wp-content\/uploads\/2015\/01\/piramaggio-300x197.jpg 300w, https:\/\/kulturbloggen.com\/wp-content\/uploads\/2015\/01\/piramaggio-1024x672.jpg 1024w, https:\/\/kulturbloggen.com\/wp-content\/uploads\/2015\/01\/piramaggio.jpg 2048w\" sizes=\"auto, (max-width: 300px) 100vw, 300px\" \/><\/a><\/p>\n<p><a href=\"http:\/\/kulturbloggen.com\/wp-content\/uploads\/2015\/01\/jose.jpg\"><img loading=\"lazy\" decoding=\"async\" class=\"aligncenter size-medium wp-image-90560\" src=\"http:\/\/kulturbloggen.com\/wp-content\/uploads\/2015\/01\/jose-300x193.jpg\" alt=\"jose\" width=\"300\" height=\"193\" srcset=\"https:\/\/kulturbloggen.com\/wp-content\/uploads\/2015\/01\/jose-300x193.jpg 300w, https:\/\/kulturbloggen.com\/wp-content\/uploads\/2015\/01\/jose-1024x658.jpg 1024w, https:\/\/kulturbloggen.com\/wp-content\/uploads\/2015\/01\/jose.jpg 2048w\" sizes=\"auto, (max-width: 300px) 100vw, 300px\" \/><\/a><\/p>\n<p><a href=\"http:\/\/kulturbloggen.com\/wp-content\/uploads\/2015\/01\/silvanaeli.jpg\"><img loading=\"lazy\" decoding=\"async\" class=\"aligncenter size-medium wp-image-90559\" src=\"http:\/\/kulturbloggen.com\/wp-content\/uploads\/2015\/01\/silvanaeli-300x200.jpg\" alt=\"silvanaeli\" width=\"300\" height=\"200\" srcset=\"https:\/\/kulturbloggen.com\/wp-content\/uploads\/2015\/01\/silvanaeli-300x200.jpg 300w, https:\/\/kulturbloggen.com\/wp-content\/uploads\/2015\/01\/silvanaeli-1024x683.jpg 1024w, https:\/\/kulturbloggen.com\/wp-content\/uploads\/2015\/01\/silvanaeli.jpg 2048w\" sizes=\"auto, (max-width: 300px) 100vw, 300px\" \/><\/a><\/p>\n<p><a href=\"http:\/\/kulturbloggen.com\/wp-content\/uploads\/2015\/01\/joy.jpg\"><img loading=\"lazy\" decoding=\"async\" class=\"aligncenter size-medium wp-image-90566\" src=\"http:\/\/kulturbloggen.com\/wp-content\/uploads\/2015\/01\/joy-300x197.jpg\" alt=\"joy\" width=\"300\" height=\"197\" srcset=\"https:\/\/kulturbloggen.com\/wp-content\/uploads\/2015\/01\/joy-300x197.jpg 300w, https:\/\/kulturbloggen.com\/wp-content\/uploads\/2015\/01\/joy-1024x673.jpg 1024w, https:\/\/kulturbloggen.com\/wp-content\/uploads\/2015\/01\/joy.jpg 2048w\" sizes=\"auto, (max-width: 300px) 100vw, 300px\" \/><\/a><\/p>\n<p><a href=\"http:\/\/kulturbloggen.com\/wp-content\/uploads\/2015\/01\/hurula.jpg\"><img loading=\"lazy\" decoding=\"async\" class=\"aligncenter size-medium wp-image-90568\" src=\"http:\/\/kulturbloggen.com\/wp-content\/uploads\/2015\/01\/hurula-192x300.jpg\" alt=\"hurula\" width=\"192\" height=\"300\" srcset=\"https:\/\/kulturbloggen.com\/wp-content\/uploads\/2015\/01\/hurula-192x300.jpg 192w, https:\/\/kulturbloggen.com\/wp-content\/uploads\/2015\/01\/hurula.jpg 614w\" sizes=\"auto, (max-width: 192px) 100vw, 192px\" \/><\/a><\/p>\n<p><a href=\"http:\/\/kulturbloggen.com\/wp-content\/uploads\/2015\/01\/redline.jpg\"><img loading=\"lazy\" decoding=\"async\" class=\"aligncenter size-medium wp-image-90562\" src=\"http:\/\/kulturbloggen.com\/wp-content\/uploads\/2015\/01\/redline-300x194.jpg\" alt=\"redline\" width=\"300\" height=\"194\" srcset=\"https:\/\/kulturbloggen.com\/wp-content\/uploads\/2015\/01\/redline-300x194.jpg 300w, https:\/\/kulturbloggen.com\/wp-content\/uploads\/2015\/01\/redline-1024x663.jpg 1024w, https:\/\/kulturbloggen.com\/wp-content\/uploads\/2015\/01\/redline.jpg 2048w\" sizes=\"auto, (max-width: 300px) 100vw, 300px\" \/><\/a><\/p>\n<p><a href=\"http:\/\/kulturbloggen.com\/wp-content\/uploads\/2015\/01\/albin.jpg\"><img loading=\"lazy\" decoding=\"async\" class=\"aligncenter size-medium wp-image-90557\" src=\"http:\/\/kulturbloggen.com\/wp-content\/uploads\/2015\/01\/albin-300x200.jpg\" alt=\"albin\" width=\"300\" height=\"200\" srcset=\"https:\/\/kulturbloggen.com\/wp-content\/uploads\/2015\/01\/albin-300x200.jpg 300w, https:\/\/kulturbloggen.com\/wp-content\/uploads\/2015\/01\/albin-1024x683.jpg 1024w, https:\/\/kulturbloggen.com\/wp-content\/uploads\/2015\/01\/albin.jpg 2048w\" sizes=\"auto, (max-width: 300px) 100vw, 300px\" \/><\/a><\/p>\n<p><a href=\"http:\/\/kulturbloggen.com\/wp-content\/uploads\/2015\/01\/jinder.jpg\"><img loading=\"lazy\" decoding=\"async\" class=\"aligncenter size-medium wp-image-90563\" src=\"http:\/\/kulturbloggen.com\/wp-content\/uploads\/2015\/01\/jinder-188x300.jpg\" alt=\"jinder\" width=\"188\" height=\"300\" srcset=\"https:\/\/kulturbloggen.com\/wp-content\/uploads\/2015\/01\/jinder-188x300.jpg 188w, https:\/\/kulturbloggen.com\/wp-content\/uploads\/2015\/01\/jinder.jpg 603w\" sizes=\"auto, (max-width: 188px) 100vw, 188px\" \/><\/a><\/p>\n<p><a href=\"http:\/\/kulturbloggen.com\/wp-content\/uploads\/2015\/01\/sayloulou.jpg\"><img loading=\"lazy\" decoding=\"async\" class=\"aligncenter size-medium wp-image-90564\" src=\"http:\/\/kulturbloggen.com\/wp-content\/uploads\/2015\/01\/sayloulou-300x200.jpg\" alt=\"sayloulou\" width=\"300\" height=\"200\" srcset=\"https:\/\/kulturbloggen.com\/wp-content\/uploads\/2015\/01\/sayloulou-300x200.jpg 300w, https:\/\/kulturbloggen.com\/wp-content\/uploads\/2015\/01\/sayloulou-1024x683.jpg 1024w, https:\/\/kulturbloggen.com\/wp-content\/uploads\/2015\/01\/sayloulou.jpg 2048w\" sizes=\"auto, (max-width: 300px) 100vw, 300px\" \/><\/a><\/p>\n<p><a href=\"http:\/\/kulturbloggen.com\/wp-content\/uploads\/2015\/01\/marlene.jpg\"><img loading=\"lazy\" decoding=\"async\" class=\"aligncenter size-medium wp-image-90565\" src=\"http:\/\/kulturbloggen.com\/wp-content\/uploads\/2015\/01\/marlene-200x300.jpg\" alt=\"marlene\" width=\"200\" height=\"300\" srcset=\"https:\/\/kulturbloggen.com\/wp-content\/uploads\/2015\/01\/marlene-200x300.jpg 200w, https:\/\/kulturbloggen.com\/wp-content\/uploads\/2015\/01\/marlene.jpg 640w\" sizes=\"auto, (max-width: 200px) 100vw, 200px\" \/><\/a><\/p>\n<p><a href=\"http:\/\/kulturbloggen.com\/wp-content\/uploads\/2015\/01\/olasalo.jpg\"><img loading=\"lazy\" decoding=\"async\" class=\"aligncenter size-medium wp-image-90567\" src=\"http:\/\/kulturbloggen.com\/wp-content\/uploads\/2015\/01\/olasalo-198x300.jpg\" alt=\"olasalo\" width=\"198\" height=\"300\" srcset=\"https:\/\/kulturbloggen.com\/wp-content\/uploads\/2015\/01\/olasalo-198x300.jpg 198w, https:\/\/kulturbloggen.com\/wp-content\/uploads\/2015\/01\/olasalo.jpg 632w\" sizes=\"auto, (max-width: 198px) 100vw, 198px\" \/><\/a><\/p>\n<p>Foto: Emma Andersson<\/p>\n","protected":false},"excerpt":{"rendered":"<p>2014 \u00e5rs gala minns jag som startskottet p\u00e5 Seinabo Seys karri\u00e4r. Efter hennes framf\u00f6rande av Younger er\u00f6vrade hon med raketfart den svenska musikscenen. S\u00e5 det var lite f\u00f6rv\u00e5nande att hon inte fick ta emot n\u00e5got pris nu. D\u00e4remot fick hon dela ut priset f\u00f6r \u00e5rets grupp till First Aid Kit. \u00c5rets gala, som var den [&hellip;]<\/p>\n","protected":false},"author":3,"featured_media":0,"comment_status":"open","ping_status":"open","sticky":false,"template":"","format":"standard","meta":{"_genesis_hide_title":false,"_genesis_hide_breadcrumbs":false,"_genesis_hide_singular_image":false,"_genesis_hide_footer_widgets":false,"_genesis_custom_body_class":"","_genesis_custom_post_class":"","_genesis_layout":"","footnotes":""},"categories":[7],"tags":[11187,4233],"class_list":{"0":"post-90554","1":"post","2":"type-post","3":"status-publish","4":"format-standard","6":"category-musik","7":"tag-linda-pira","8":"tag-p3-guld","9":"entry"},"_links":{"self":[{"href":"https:\/\/kulturbloggen.com\/index.php?rest_route=\/wp\/v2\/posts\/90554","targetHints":{"allow":["GET"]}}],"collection":[{"href":"https:\/\/kulturbloggen.com\/index.php?rest_route=\/wp\/v2\/posts"}],"about":[{"href":"https:\/\/kulturbloggen.com\/index.php?rest_route=\/wp\/v2\/types\/post"}],"author":[{"embeddable":true,"href":"https:\/\/kulturbloggen.com\/index.php?rest_route=\/wp\/v2\/users\/3"}],"replies":[{"embeddable":true,"href":"https:\/\/kulturbloggen.com\/index.php?rest_route=%2Fwp%2Fv2%2Fcomments&post=90554"}],"version-history":[{"count":3,"href":"https:\/\/kulturbloggen.com\/index.php?rest_route=\/wp\/v2\/posts\/90554\/revisions"}],"predecessor-version":[{"id":90569,"href":"https:\/\/kulturbloggen.com\/index.php?rest_route=\/wp\/v2\/posts\/90554\/revisions\/90569"}],"wp:attachment":[{"href":"https:\/\/kulturbloggen.com\/index.php?rest_route=%2Fwp%2Fv2%2Fmedia&parent=90554"}],"wp:term":[{"taxonomy":"category","embeddable":true,"href":"https:\/\/kulturbloggen.com\/index.php?rest_route=%2Fwp%2Fv2%2Fcategories&post=90554"},{"taxonomy":"post_tag","embeddable":true,"href":"https:\/\/kulturbloggen.com\/index.php?rest_route=%2Fwp%2Fv2%2Ftags&post=90554"}],"curies":[{"name":"wp","href":"https:\/\/api.w.org\/{rel}","templated":true}]}}