{"id":90493,"date":"2015-01-15T22:28:58","date_gmt":"2015-01-15T20:28:58","guid":{"rendered":"http:\/\/kulturbloggen.com\/?p=90493"},"modified":"2015-09-17T07:48:07","modified_gmt":"2015-09-17T06:48:07","slug":"grotesco-pa-scala-en-naradodenrevy-om-detta-ar-vad-som-vantar-efter-livet-ar-doden-helt-makalos","status":"publish","type":"post","link":"https:\/\/kulturbloggen.com\/?p=90493","title":{"rendered":"Grotesco p\u00e5 Scala &#8211; En n\u00e4rad\u00f6denrevy &#8211; om detta \u00e4r vad som v\u00e4ntar efter livet \u00e4r d\u00f6den helt makal\u00f6s"},"content":{"rendered":"<p><a href=\"http:\/\/kulturbloggen.com\/wp-content\/uploads\/2015\/01\/grotesco1.jpg\"><img loading=\"lazy\" decoding=\"async\" class=\"aligncenter size-medium wp-image-90496\" src=\"http:\/\/kulturbloggen.com\/wp-content\/uploads\/2015\/01\/grotesco1-300x200.jpg\" alt=\"grotesco1\" width=\"300\" height=\"200\" srcset=\"https:\/\/kulturbloggen.com\/wp-content\/uploads\/2015\/01\/grotesco1-300x200.jpg 300w, https:\/\/kulturbloggen.com\/wp-content\/uploads\/2015\/01\/grotesco1.jpg 700w\" sizes=\"auto, (max-width: 300px) 100vw, 300px\" \/><\/a><\/p>\n<p><strong>Grotesco p\u00e5 Scala &#8211; En n\u00e4rad\u00f6denrev<\/strong>y<br \/>\n<em>Regi Anna Vnuk<\/em><br \/>\n<em> Premi\u00e4r p\u00e5 Scala i Stockholm 15 januari 2015<\/em><\/p>\n<p>Vad \u00e4r det viktigaste f\u00f6r att l\u00e4ra k\u00e4nna gud? Den fr\u00e5gan st\u00e4lldes en g\u00e5ng till en judisk rabbin i ett m\u00f6te jag var med p\u00e5.<br \/>\n&#8211; L\u00e4s, det \u00e4r det viktigaste och d\u00e5 menar jag inte n\u00f6dv\u00e4ndigtvis Bibeln utan l\u00e4s, till\u00e4gna dig kultur och andra m\u00e4nniskors ber\u00e4ttelser, svarade rabbinen. Det \u00e4r viktigare \u00e4n att komma till synagogan.<\/p>\n<p>Jag tolkar detta svar som att scenkonst \u00e4r en v\u00e4g att hitta gud eller livets mening eller n\u00e5 upplysning, enligt denna rabbin. Scenkonst m\u00e5ste vara likv\u00e4rdigt med att l\u00e4sa.<\/p>\n<p>N\u00e4r vi l\u00e4mnar detta livet och n\u00e4rmar oss d\u00f6dsriket kanske det ser lite olika ut beroende p\u00e5 vad vi har f\u00f6r tro. Kanske. Jag t\u00e4nker mig att scenkonst \u00e4r en lika m\u00f6jlig v\u00e4g att g\u00e5 f\u00f6r att n\u00e5 upplysning eller hitta gud och Scala-teatern i Stockholm \u00e4r en synagoga f\u00f6r oss scenkonsttroende n\u00e4r Grotesco tar sig an d\u00f6den i sin n\u00e4rad\u00f6denrevy. Om d\u00f6den \u00e4r det Grotesco bj\u00f6d p\u00e5 \u00e4r d\u00f6den inget att vara r\u00e4dd f\u00f6r.<\/p>\n<p><a href=\"http:\/\/kulturbloggen.com\/wp-content\/uploads\/2015\/01\/grotesco.jpg\"><img loading=\"lazy\" decoding=\"async\" class=\"alignright size-medium wp-image-90497\" src=\"http:\/\/kulturbloggen.com\/wp-content\/uploads\/2015\/01\/grotesco-300x300.jpg\" alt=\"grotesco\" width=\"300\" height=\"300\" srcset=\"https:\/\/kulturbloggen.com\/wp-content\/uploads\/2015\/01\/grotesco-300x300.jpg 300w, https:\/\/kulturbloggen.com\/wp-content\/uploads\/2015\/01\/grotesco-150x150.jpg 150w, https:\/\/kulturbloggen.com\/wp-content\/uploads\/2015\/01\/grotesco.jpg 700w\" sizes=\"auto, (max-width: 300px) 100vw, 300px\" \/><\/a>F\u00f6rest\u00e4llningen b\u00f6rjar med en scen ur &#8221;Stackars Koppelman&#8221; av \u00d6yvind Stentjerna Stenson, ett norskt h\u00f6gborgerligt 1800-talsdrama av stel sort. Om ni googlar p\u00e5 det ser ni att informationssidan om &#8221;Stackars Koppelman&#8221; \u00e4r borttaget fr\u00e5n wikipedia, s\u00e5 ni anar v\u00e4l att det inte \u00e4r ett drama som existerar i v\u00e5r v\u00e4rld. N\u00e5v\u00e4l det \u00e4r roligt stelt och Grotesco framf\u00f6r en rolig drift med s\u00e5 kallad finteater. Jag tror att en och annan som \u00e4lskar Grotesco var en aning undrande &#8211; det \u00e4r ju inte direkt vad vi f\u00f6rknippar med detta underbara humorg\u00e4ng. Men sedan dras proppen ur och det \u00e4r fullt \u00f6s. Vi, publiken, skrattar p\u00e5 fel st\u00e4lle och det straffas vi f\u00e5r. R\u00f6sten av Johan Rabaeus d\u00f6mer oss till d\u00f6den och vi f\u00e5r uppleva en resa genom d\u00f6dsriket. Vi f\u00e5r m\u00f6ta f\u00f6rs\u00e4kringsbolag som tar hand om v\u00e5r existens efter livet, om vi lyckats fylla i formul\u00e4ret r\u00e4tt vill s\u00e4ga och har de korrekta intygen p\u00e5 att vi verkligen var levande innan vi dog.<\/p>\n<p>Humor \u00e4r sv\u00e5rt. Och att skapa skruvad humor d\u00e4r h\u00f6jdpunkterna \u00e4r n\u00e4r det ballar ur ordentligt \u00e4r en sv\u00e5r konst. G\u00e4nget i Grotesco beh\u00e4rskar denna konst och vissa delar av denna revy \u00e4r helt full\u00e4ndade, som n\u00e4r vi f\u00e5r se Tingaling framf\u00f6ras i fyra olika hiphopversioner och i popul\u00e4rmusikform a la Lady Gegga och i en makal\u00f6s rysk version.<\/p>\n<p>Framf\u00f6r allt \u00e4r det andra h\u00e4lften av f\u00f6rest\u00e4llningen som n\u00e5r h\u00f6gst p\u00e5 humorhimlen. Grotesco klarar ocks\u00e5 utm\u00e4rkt att ta upp aktuella \u00e4mnen som med S\u00e5ngen fr\u00e5n Sverigedemokraten i plenisalen och i scenen med Julia och romen, d\u00e4r en politiskt korrekt S\u00f6dermalmsfamiljs dotter tr\u00e4ffat en romsk tiggare och best\u00e4mt sig f\u00f6r att flytta till honom, f\u00f6r att leva under en presenning under en bro p\u00e5 S\u00f6dermalm.<\/p>\n<p>F\u00f6rest\u00e4llningen har m\u00e5nga bottnar och d\u00e4r finns mycket att uppt\u00e4cka, f\u00f6rest\u00e4llningen \u00e4r v\u00e4l v\u00e4rd att ses mer \u00e4n en g\u00e5ng. Jag t\u00e4nker till exempel p\u00e5 n\u00e4r Doktorn ska vrida upp klockan som stannat och n\u00e4r han \u00f6ppnar den \u00e4r det Per Anderssons ansikte som \u00e4r klockans mekanik. N\u00e4r vi skrattar p\u00e5 fel st\u00e4lle har vi f\u00f6rol\u00e4mpat Per Andersson som st\u00e5tt d\u00e4r i timmar f\u00f6r att kunna utf\u00f6ra rollen, s\u00e4ger han. Detta medan fru V\u00e5lerengen \u00e4r sysselsatt med att l\u00e4gga en patiens som aldrig g\u00e5r ut. Precis som livet kanske. Kanske \u00e4r livet en patiens som aldrig g\u00e5r att f\u00e5 r\u00e4tt. Kanske \u00e4r denna n\u00e4rad\u00f6denrevy ett spel helt i linje med August Strindbergs Ett dr\u00f6mspel. Kanske skulle k\u00e4re August f\u00e5tt sig flera rej\u00e4la skratt om han suttit i publiken. Varf\u00f6r inte? Det g\u00e5r alldeles utm\u00e4rkt att ta upp viktiga saker i form av en urballad komedi.<\/p>\n<p>Jag \u00e4r oerh\u00f6rt imponerad av Grotescos medlemmar och egentligen \u00e4r det inte vettigt att n\u00e4mna n\u00e5gon mer \u00e4n n\u00e5gon annan, alla beh\u00f6vs f\u00f6r att helheten ska bli s\u00e5 underbart utflippad som den \u00e4r. Men \u00e4nd\u00e5 g\u00e5r det inte att komma f\u00f6rbi att Henrik Dorsin \u00e4r en av de skickligaste nu svenska aktiva komikerna.<\/p>\n<p>Foto: Robert Eldrim \/ Medljus<\/p>\n<p><a href=\"http:\/\/kulturbloggen.com\/wp-content\/uploads\/2015\/01\/grotesco2.jpg\"><img loading=\"lazy\" decoding=\"async\" class=\"aligncenter size-medium wp-image-90498\" src=\"http:\/\/kulturbloggen.com\/wp-content\/uploads\/2015\/01\/grotesco2-300x200.jpg\" alt=\"grotesco2\" width=\"300\" height=\"200\" srcset=\"https:\/\/kulturbloggen.com\/wp-content\/uploads\/2015\/01\/grotesco2-300x200.jpg 300w, https:\/\/kulturbloggen.com\/wp-content\/uploads\/2015\/01\/grotesco2.jpg 700w\" sizes=\"auto, (max-width: 300px) 100vw, 300px\" \/><\/a><\/p>\n<p><a href=\"http:\/\/kulturbloggen.com\/wp-content\/uploads\/2015\/01\/grotescoganget.jpg\"><img loading=\"lazy\" decoding=\"async\" class=\"alignright size-medium wp-image-90499\" src=\"http:\/\/kulturbloggen.com\/wp-content\/uploads\/2015\/01\/grotescoganget-300x200.jpg\" alt=\"grotescoganget\" width=\"300\" height=\"200\" srcset=\"https:\/\/kulturbloggen.com\/wp-content\/uploads\/2015\/01\/grotescoganget-300x200.jpg 300w, https:\/\/kulturbloggen.com\/wp-content\/uploads\/2015\/01\/grotescoganget.jpg 700w\" sizes=\"auto, (max-width: 300px) 100vw, 300px\" \/><\/a><\/p>\n<p><a href=\"http:\/\/www.aftonbladet.se\/nojesbladet\/scen\/article20167837.ab\">Aftonbladet gav f\u00f6rresten f\u00f6rest\u00e4llningen betyg 4.<\/a><br \/>\nExpressens Anders Bj\u00f6rkman <a href=\"http:\/\/www.expressen.se\/noje\/kronikorer\/anders-bjorkman\/sa-var-grotescos-debut-pa-teatern\/\">gav betyg 3.<\/a><\/p>\n","protected":false},"excerpt":{"rendered":"<p>Grotesco p\u00e5 Scala &#8211; En n\u00e4rad\u00f6denrevy Regi Anna Vnuk Premi\u00e4r p\u00e5 Scala i Stockholm 15 januari 2015 Vad \u00e4r det viktigaste f\u00f6r att l\u00e4ra k\u00e4nna gud? Den fr\u00e5gan st\u00e4lldes en g\u00e5ng till en judisk rabbin i ett m\u00f6te jag var med p\u00e5. &#8211; L\u00e4s, det \u00e4r det viktigaste och d\u00e5 menar jag inte n\u00f6dv\u00e4ndigtvis Bibeln [&hellip;]<\/p>\n","protected":false},"author":2,"featured_media":0,"comment_status":"open","ping_status":"open","sticky":false,"template":"","format":"standard","meta":{"_genesis_hide_title":false,"_genesis_hide_breadcrumbs":false,"_genesis_hide_singular_image":false,"_genesis_hide_footer_widgets":false,"_genesis_custom_body_class":"","_genesis_custom_post_class":"","_genesis_layout":"","footnotes":""},"categories":[20,30],"tags":[11737,11738,4734,11739],"class_list":{"0":"post-90493","1":"post","2":"type-post","3":"status-publish","4":"format-standard","6":"category-film","7":"category-teater","8":"tag-grotesco","9":"tag-nara-doden","10":"tag-revy","11":"tag-scala","12":"entry"},"_links":{"self":[{"href":"https:\/\/kulturbloggen.com\/index.php?rest_route=\/wp\/v2\/posts\/90493","targetHints":{"allow":["GET"]}}],"collection":[{"href":"https:\/\/kulturbloggen.com\/index.php?rest_route=\/wp\/v2\/posts"}],"about":[{"href":"https:\/\/kulturbloggen.com\/index.php?rest_route=\/wp\/v2\/types\/post"}],"author":[{"embeddable":true,"href":"https:\/\/kulturbloggen.com\/index.php?rest_route=\/wp\/v2\/users\/2"}],"replies":[{"embeddable":true,"href":"https:\/\/kulturbloggen.com\/index.php?rest_route=%2Fwp%2Fv2%2Fcomments&post=90493"}],"version-history":[{"count":7,"href":"https:\/\/kulturbloggen.com\/index.php?rest_route=\/wp\/v2\/posts\/90493\/revisions"}],"predecessor-version":[{"id":96716,"href":"https:\/\/kulturbloggen.com\/index.php?rest_route=\/wp\/v2\/posts\/90493\/revisions\/96716"}],"wp:attachment":[{"href":"https:\/\/kulturbloggen.com\/index.php?rest_route=%2Fwp%2Fv2%2Fmedia&parent=90493"}],"wp:term":[{"taxonomy":"category","embeddable":true,"href":"https:\/\/kulturbloggen.com\/index.php?rest_route=%2Fwp%2Fv2%2Fcategories&post=90493"},{"taxonomy":"post_tag","embeddable":true,"href":"https:\/\/kulturbloggen.com\/index.php?rest_route=%2Fwp%2Fv2%2Ftags&post=90493"}],"curies":[{"name":"wp","href":"https:\/\/api.w.org\/{rel}","templated":true}]}}