{"id":90226,"date":"2014-12-26T20:45:26","date_gmt":"2014-12-26T18:45:26","guid":{"rendered":"http:\/\/kulturbloggen.com\/?p=90226"},"modified":"2014-12-26T20:45:26","modified_gmt":"2014-12-26T18:45:26","slug":"albert-bonniers-forlag-ger-ut-fredrik-reinfeldt-hosten-2015","status":"publish","type":"post","link":"https:\/\/kulturbloggen.com\/?p=90226","title":{"rendered":"Albert Bonniers F\u00f6rlag ger ut Fredrik Reinfeldt h\u00f6sten 2015"},"content":{"rendered":"<p><a href=\"http:\/\/kulturbloggen.com\/wp-content\/uploads\/2014\/12\/fredrikreinfeldt_bonniers.jpg\"><img loading=\"lazy\" decoding=\"async\" src=\"http:\/\/kulturbloggen.com\/wp-content\/uploads\/2014\/12\/fredrikreinfeldt_bonniers-300x211.jpg\" alt=\"fredrikreinfeldt_bonniers\" width=\"300\" height=\"211\" class=\"aligncenter size-medium wp-image-90227\" srcset=\"https:\/\/kulturbloggen.com\/wp-content\/uploads\/2014\/12\/fredrikreinfeldt_bonniers-300x211.jpg 300w, https:\/\/kulturbloggen.com\/wp-content\/uploads\/2014\/12\/fredrikreinfeldt_bonniers.jpg 454w\" sizes=\"auto, (max-width: 300px) 100vw, 300px\" \/><\/a><\/p>\n<p>Den tidigare statsministern och <a href=\"http:\/\/www.moderat.se\">moderatledaren<\/a> Fredrik Reinfeldt ger ut en bok d\u00e4r han med egna ord ber\u00e4ttar om sina tjugofem \u00e5r i politiken. Boken ges ut h\u00f6sten 2015 p\u00e5 Bonniers.<\/p>\n<p>Fredrik Reinfeldt s\u00e4ger i ett pressmeddelande:<br \/>\n&#8211; Jag ser fram emot att f\u00e5 ber\u00e4tta med egna ord om mina tjugofem \u00e5r i politiken. Min f\u00f6rhoppning \u00e4r att l\u00e4sare ska k\u00e4nna att de f\u00e5r f\u00f6lja med p\u00e5 en del av mina upplevelser och ta del av n\u00e5gonting nytt. Det \u00e4r gl\u00e4djande att f\u00e5 samarbeta med Albert Bonniers F\u00f6rlag.<\/p>\n<p>Albert Bonnier, bokf\u00f6rl\u00e4ggare, s\u00e4ger:<br \/>\n&#8211; Fredrik Reinfeldt \u00e4r en av v\u00e5r tids stora statsm\u00e4n. Han \u00e4r ocks\u00e5 n\u00e5got s\u00e5 ovanligt som en skrivande politiker. Det ska bli oerh\u00f6rt sp\u00e4nnande att f\u00e5 l\u00e4sa hans egen ber\u00e4ttelse om ett liv i storpolitikens hetluft. Vi \u00e4r b\u00e5de stolta och glada \u00f6ver att ha blivit hans f\u00f6rl\u00e4ggare.\u201d<\/p>\n","protected":false},"excerpt":{"rendered":"<p>Den tidigare statsministern och moderatledaren Fredrik Reinfeldt ger ut en bok d\u00e4r han med egna ord ber\u00e4ttar om sina tjugofem \u00e5r i politiken. Boken ges ut h\u00f6sten 2015 p\u00e5 Bonniers. Fredrik Reinfeldt s\u00e4ger i ett pressmeddelande: &#8211; Jag ser fram emot att f\u00e5 ber\u00e4tta med egna ord om mina tjugofem \u00e5r i politiken. Min f\u00f6rhoppning [&hellip;]<\/p>\n","protected":false},"author":13,"featured_media":0,"comment_status":"open","ping_status":"open","sticky":false,"template":"","format":"standard","meta":{"_genesis_hide_title":false,"_genesis_hide_breadcrumbs":false,"_genesis_hide_singular_image":false,"_genesis_hide_footer_widgets":false,"_genesis_custom_body_class":"","_genesis_custom_post_class":"","_genesis_layout":"","footnotes":""},"categories":[3],"tags":[11706,7021,11707],"class_list":{"0":"post-90226","1":"post","2":"type-post","3":"status-publish","4":"format-standard","6":"category-litteratur","7":"tag-bonniers","8":"tag-fredrik-reinfeldt","9":"tag-moderat","10":"entry"},"_links":{"self":[{"href":"https:\/\/kulturbloggen.com\/index.php?rest_route=\/wp\/v2\/posts\/90226","targetHints":{"allow":["GET"]}}],"collection":[{"href":"https:\/\/kulturbloggen.com\/index.php?rest_route=\/wp\/v2\/posts"}],"about":[{"href":"https:\/\/kulturbloggen.com\/index.php?rest_route=\/wp\/v2\/types\/post"}],"author":[{"embeddable":true,"href":"https:\/\/kulturbloggen.com\/index.php?rest_route=\/wp\/v2\/users\/13"}],"replies":[{"embeddable":true,"href":"https:\/\/kulturbloggen.com\/index.php?rest_route=%2Fwp%2Fv2%2Fcomments&post=90226"}],"version-history":[{"count":1,"href":"https:\/\/kulturbloggen.com\/index.php?rest_route=\/wp\/v2\/posts\/90226\/revisions"}],"predecessor-version":[{"id":90228,"href":"https:\/\/kulturbloggen.com\/index.php?rest_route=\/wp\/v2\/posts\/90226\/revisions\/90228"}],"wp:attachment":[{"href":"https:\/\/kulturbloggen.com\/index.php?rest_route=%2Fwp%2Fv2%2Fmedia&parent=90226"}],"wp:term":[{"taxonomy":"category","embeddable":true,"href":"https:\/\/kulturbloggen.com\/index.php?rest_route=%2Fwp%2Fv2%2Fcategories&post=90226"},{"taxonomy":"post_tag","embeddable":true,"href":"https:\/\/kulturbloggen.com\/index.php?rest_route=%2Fwp%2Fv2%2Ftags&post=90226"}],"curies":[{"name":"wp","href":"https:\/\/api.w.org\/{rel}","templated":true}]}}