{"id":90223,"date":"2014-12-30T13:20:25","date_gmt":"2014-12-30T11:20:25","guid":{"rendered":"http:\/\/kulturbloggen.com\/?p=90223"},"modified":"2014-12-30T13:22:50","modified_gmt":"2014-12-30T11:22:50","slug":"den-fjarde-mannen-ett-tv-tips-infor-nyar-med-start-30-december","status":"publish","type":"post","link":"https:\/\/kulturbloggen.com\/?p=90223","title":{"rendered":"Den fj\u00e4rde mannen &#8211; ett tv-tips inf\u00f6r ny\u00e5r med start 30 december"},"content":{"rendered":"<p><img loading=\"lazy\" decoding=\"async\" class=\"aligncenter size-full wp-image-90260\" src=\"http:\/\/kulturbloggen.com\/wp-content\/uploads\/2014\/12\/denfjardemannen.jpg\" alt=\"denfjardemannen\" width=\"450\" height=\"428\" srcset=\"https:\/\/kulturbloggen.com\/wp-content\/uploads\/2014\/12\/denfjardemannen.jpg 450w, https:\/\/kulturbloggen.com\/wp-content\/uploads\/2014\/12\/denfjardemannen-300x285.jpg 300w\" sizes=\"auto, (max-width: 450px) 100vw, 450px\" \/><\/p>\n<p>SVT bjuder p\u00e5 en Leif GW Persson-deckare i tre avsnitt, &#8221;Den fj\u00e4rde mannen&#8221; som startar i SVT1 tisdag 30 december kl 21.00.<\/p>\n<p>Om du har l\u00e4st n\u00e5gra av GW Perssons deckare med den homofobe poliskommissarien Evert B\u00e4ckstr\u00f6m i huvudrollen och skrattat \u00e5t och retat dig p\u00e5 denna dumme polisman, d\u00e5 har du tre h\u00f6gtidsstunder att se fram emot. Evert B\u00e4ckstr\u00f6m spelas suver\u00e4nt av Claes Malmberg. Dagens Nyheters tv-kr\u00f6nik\u00f6r <a href=\"http:\/\/www.dn.se\/kultur-noje\/kronikor\/johan-croneman-claes-malmberg-ar-helt-enkelt-lysande-i-den-fjarde-mannen\/\">Johan Croneman hyllar serien<\/a> &#8221;Den fj\u00e4rde mannen&#8221; i kulturdelen av DN den 30 december och alldeles speciellt hyllar han Claes Malmbergs rolltolkning. &#8221;Claes Malmberg \u00e4r helt enkelt lysande i Den fj\u00e4rde mannen&#8221;, skriver han. Croneman menar att karakt\u00e4ren \u00e4r som skriven direkt f\u00f6r att spelas av Claes Malmberg.<\/p>\n<p>Ja det \u00e4r lustigt hur en person som Claes Malmberg kan hitta s\u00e5 r\u00e4tt n\u00e4r han som person sj\u00e4lv verkar vara v\u00e4ldigt annorlunda. Evert B\u00e4ckstr\u00f6m \u00e4r en olidligt vidrig person som \u00e4nd\u00e5 lyckas l\u00f6sa brotten och hamna med huvudet upp\u00e5t sj\u00e4lv.<\/p>\n<p>Den fj\u00e4rde mannen kretsar kring ockupationen av V\u00e4sttyska ambassaden 1975, en byk som fortfarande har fl\u00e4ckar. Parallellt skildrar ber\u00e4ttelsen ett ol\u00f6st mord 1989 som har sp\u00e5r som leder in i maktens nutida korridorer. Handlingen pendlar mellan dessa tre tidsepoker.<\/p>\n<p>Rolf Lassg\u00e5rd spelar nytilltr\u00e4dd S\u00e4po-chef som f\u00e5r reda ut h\u00e4rvorna.<\/p>\n<p>Serien i tre delar bygger p\u00e5 Leif GW Perssons roman \u201dEn annan tid, ett annat liv\u201d. Regi: Kristian Petri.<\/p>\n<p>Jag har sett de f\u00f6rsta tv\u00e5 avsnitten och tycker att den \u00e4r sev\u00e4rd, speciellt f\u00f6r den som \u00e4r intresserad av samh\u00e4llsfr\u00e5gor och politik, dock tycker jag den \u00e4r ganska f\u00f6ruts\u00e4gbar till stora delar. Den \u00f6verraskar mig inte s\u00e5 mycket. Croneman hyllar sk\u00e5despelarna och menar att de agerar helt perfekt alltigenom. Jag kan tycka att regin varit n\u00e5got \u00f6vertydlig och att jag sett liknande tidigare, att de \u00e4r karikatyrer p\u00e5 liknande karakt\u00e4rer.<\/p>\n<p>Men bland de stora utbudet under ny\u00e5rs- och trettonhelgen i tv \u00e4r detta v\u00e4l \u00e4nd\u00e5 n\u00e5got av det mest sev\u00e4rda.<\/p>\n<p><strong>Ett pressmeddelande ber\u00e4ttar lite mer om serien:<\/strong><\/p>\n<p>1975 ockuperas V\u00e4sttyska ambassaden i Stockholm av tyska terrorister. Attacken sl\u00e5r inte bara mot ambassaden utan \u00e4ven mot Sveriges stolthet som en fredlig nation. S\u00e4kerhetspolisen anser i efterhand att terroristerna m\u00e5ste haft hj\u00e4lp av folk i Sverige, men det kan inte bevisas.<\/p>\n<p>1989 m\u00f6rdas en man i sin l\u00e4genhet i centrala Stockholm. Det \u00e4r en l\u00e4gre tj\u00e4nsteman som verkar ha levt ett oansenligt liv utan familj eller n\u00e4ra v\u00e4nner. Den homofobe poliskommissarien Evert B\u00e4ckstr\u00f6m f\u00e5r hand om utredningen och avskriver fallet som ett \u201db\u00f6gmord\u201d.<\/p>\n<p>H\u00e4r och nu s\u00e5 utn\u00e4mns Lars Martin Johansson, LMJ, till ny chef f\u00f6r S\u00e4kerhetspolisen. Hans f\u00f6rsta uppgift blir att ta en ny titt p\u00e5 ambassaddramat fr\u00e5n 1975. Tv\u00e5 nya namn har nyligen lagts in i mappen, varav det ena \u00e4r offret fr\u00e5n B\u00e4ckstr\u00f6ms ol\u00f6sta mord 1989. LMJ s\u00e4tter ihop en utredningsgrupp vars diskreta unders\u00f6kning, pusselbit f\u00f6r pusselbit, leder in i maktens korridorer.<\/p>\n<p>Dramaserien Den fj\u00e4rde mannen \u00e4r i tre entimmes avsnitt och baserad p\u00e5 Leif GW Perssons roman \u201dEn annan tid, ett annat liv\u201d. Serien \u00e4r gjord av samma team som l\u00e5g bakom En pilgrims d\u00f6d (2012).<\/p>\n<p>Huvudrollerna spelas \u00e5terigen av Rolf Lassg\u00e5rd, Helena af Sandeberg, Claes Malmberg, Henrik Norl\u00e9n, Kjell Bergqvist, Jacob Ericksson, Johannes Brost och Per Svensson. Dessutom spelar Helena Bergstr\u00f6m rollen som statssekreterare Helena Stein.<br \/>\nRegi: Kristian Petri. Manus: Sara Heldt och Johan Widerberg.<\/p>\n<p>SVT1 tisdag 30 december kl 21.00: Den fj\u00e4rde mannen<br \/>\nDel 2 s\u00e4nds 1 januari kl 21.00<br \/>\nDel 3 s\u00e4nds 3 januari kl 21.00<\/p>\n<p><strong><a href=\"http:\/\/www.svt.se\/den-fjarde-mannen\/den-fjarde-mannen\"><br \/>\nP\u00e5 SVT:s hemsida han du l\u00e4sa mer om Den fj\u00e4rde mannen.<\/a><\/strong><\/p>\n","protected":false},"excerpt":{"rendered":"<p>SVT bjuder p\u00e5 en Leif GW Persson-deckare i tre avsnitt, &#8221;Den fj\u00e4rde mannen&#8221; som startar i SVT1 tisdag 30 december kl 21.00. Om du har l\u00e4st n\u00e5gra av GW Perssons deckare med den homofobe poliskommissarien Evert B\u00e4ckstr\u00f6m i huvudrollen och skrattat \u00e5t och retat dig p\u00e5 denna dumme polisman, d\u00e5 har du tre h\u00f6gtidsstunder att [&hellip;]<\/p>\n","protected":false},"author":13,"featured_media":0,"comment_status":"open","ping_status":"open","sticky":false,"template":"","format":"standard","meta":{"_genesis_hide_title":false,"_genesis_hide_breadcrumbs":false,"_genesis_hide_singular_image":false,"_genesis_hide_footer_widgets":false,"_genesis_custom_body_class":"","_genesis_custom_post_class":"","_genesis_layout":"","footnotes":""},"categories":[20],"tags":[11709,1197,11710,11711,4817,5544],"class_list":{"0":"post-90223","1":"post","2":"type-post","3":"status-publish","4":"format-standard","6":"category-film","7":"tag-claes-malmberg","8":"tag-deckare","9":"tag-den-fjarde-mannen","10":"tag-leif-gw-persson","11":"tag-rolf-lassgard","12":"tag-svt","13":"entry"},"_links":{"self":[{"href":"https:\/\/kulturbloggen.com\/index.php?rest_route=\/wp\/v2\/posts\/90223","targetHints":{"allow":["GET"]}}],"collection":[{"href":"https:\/\/kulturbloggen.com\/index.php?rest_route=\/wp\/v2\/posts"}],"about":[{"href":"https:\/\/kulturbloggen.com\/index.php?rest_route=\/wp\/v2\/types\/post"}],"author":[{"embeddable":true,"href":"https:\/\/kulturbloggen.com\/index.php?rest_route=\/wp\/v2\/users\/13"}],"replies":[{"embeddable":true,"href":"https:\/\/kulturbloggen.com\/index.php?rest_route=%2Fwp%2Fv2%2Fcomments&post=90223"}],"version-history":[{"count":5,"href":"https:\/\/kulturbloggen.com\/index.php?rest_route=\/wp\/v2\/posts\/90223\/revisions"}],"predecessor-version":[{"id":90262,"href":"https:\/\/kulturbloggen.com\/index.php?rest_route=\/wp\/v2\/posts\/90223\/revisions\/90262"}],"wp:attachment":[{"href":"https:\/\/kulturbloggen.com\/index.php?rest_route=%2Fwp%2Fv2%2Fmedia&parent=90223"}],"wp:term":[{"taxonomy":"category","embeddable":true,"href":"https:\/\/kulturbloggen.com\/index.php?rest_route=%2Fwp%2Fv2%2Fcategories&post=90223"},{"taxonomy":"post_tag","embeddable":true,"href":"https:\/\/kulturbloggen.com\/index.php?rest_route=%2Fwp%2Fv2%2Ftags&post=90223"}],"curies":[{"name":"wp","href":"https:\/\/api.w.org\/{rel}","templated":true}]}}