{"id":89920,"date":"2014-12-12T11:10:18","date_gmt":"2014-12-12T09:10:18","guid":{"rendered":"http:\/\/kulturbloggen.com\/?p=89920"},"modified":"2015-01-17T20:12:09","modified_gmt":"2015-01-17T18:12:09","slug":"per-egland-jag-har-alltid-haft-en-ide-om-att-jag-vill-spela-med-aldre-och-yngre-manniskor","status":"publish","type":"post","link":"https:\/\/kulturbloggen.com\/?p=89920","title":{"rendered":"Per Egland: &#8221;Jag har alltid haft en id\u00e9 om att jag vill spela med \u00e4ldre och yngre m\u00e4nniskor&#8221;"},"content":{"rendered":"<p><a href=\"http:\/\/kulturbloggen.com\/wp-content\/uploads\/2014\/12\/egland1.png\"><img loading=\"lazy\" decoding=\"async\" class=\"aligncenter size-medium wp-image-89921\" src=\"http:\/\/kulturbloggen.com\/wp-content\/uploads\/2014\/12\/egland1-298x300.png\" alt=\"egland\" width=\"298\" height=\"300\" srcset=\"https:\/\/kulturbloggen.com\/wp-content\/uploads\/2014\/12\/egland1-298x300.png 298w, https:\/\/kulturbloggen.com\/wp-content\/uploads\/2014\/12\/egland1-150x150.png 150w, https:\/\/kulturbloggen.com\/wp-content\/uploads\/2014\/12\/egland1.png 757w\" sizes=\"auto, (max-width: 298px) 100vw, 298px\" \/><\/a><\/p>\n<p>Den 12 december sl\u00e4pper Per Egland sitt tredje album <em>1980-1991<\/em>. Albumet f\u00f6ljer upp 2010 \u00e5rs <em>Slut dina \u00f6gon och dr\u00f6m och Per Egland<\/em> samt 2012 \u00e5rs <em>Allt f\u00f6r din skuld<\/em>. Inf\u00f6r varje albumsl\u00e4pp har jag m\u00f6tt upp honom p\u00e5 samma s\u00f6derfik, en tradition som h\u00f6lls vid liv \u00e4ven denna g\u00e5ng.<\/p>\n<p><strong>Du \u00e4r aktuell med ditt tredje album. Hur \u00e4r k\u00e4nslan nu?<\/strong><\/p>\n<p>&#8211; Jomen det \u00e4r bra, jag h\u00f6rde att P3 och ni p\u00e5 Kulturbloggen hade en liten premi\u00e4r av <em>Bowie framf\u00f6r spegeln<\/em>. Jag h\u00f6rde l\u00e5ten p\u00e5 radio och t\u00e4nkte \u201dden h\u00e4r kommer de aldrig spela igen\u201d. Den l\u00e4t verkligen inte radiom\u00e4ssig, fast det var inte heller tanken.<\/p>\n<p><strong>Jag kom att t\u00e4nka p\u00e5 Ariel Pink. Produktionen \u00e4r r\u00e4tt lo-fi samtidigt som det k\u00e4nns musikaliskt sp\u00e4nnande.<\/strong><\/p>\n<p>&#8211; Allt l\u00e5ter ju likadant nuf\u00f6rtiden, s\u00e5 fort du h\u00f6r n\u00e5got som inte l\u00e5ter som allt annat s\u00e5 hajar du till. Och s\u00e5 ing\u00e5r det i konceptet att det ska vara som ett band du\u00a0hittar fr\u00e5n n\u00e4r du\u00a0var elva \u00e5r. Jag har flera s\u00e5dana band hemma, de l\u00e5ter ungef\u00e4r s\u00e5d\u00e4r. Men det kan ocks\u00e5 ha att g\u00f6ra med att jag mixade det sj\u00e4lv.<\/p>\n<p><strong>Hur kom tanken bakom konceptet till?<\/strong><\/p>\n<p>&#8211; Det b\u00f6rjade med att jag var klar med f\u00f6rra skivan innan den kom ut och hamnade i n\u00e5got vakuum. B\u00f6rjade m\u00e5 d\u00e5ligt. Vad fan ska jag g\u00f6ra nu? S\u00e5 hittade jag en gammal synth som l\u00e4t precis som en gammal Casio-synth jag lekte med n\u00e4r jag var tio-elva \u00e5r. D\u00e5 f\u00f6ddes tanken, s\u00e5 gjorde jag massa l\u00e5tar och direkt kom det fram minnesbilder fr\u00e5n n\u00e4r jag var tio bast, eldade upp \u00e4ngen och blev tagen av polisen. Sj\u00e4lva soundet p\u00e5 synthen slog an en ton inom mig.<\/p>\n<p><strong>Annars har jag h\u00f6rt att lukten \u00e4r det sinne som har mest med minnet att g\u00f6ra, men det kanske fungerar likadant med ljud.<\/strong><\/p>\n<p>&#8211; Sinnena \u00e4r ganska sammnakopplade, n\u00e4r jag tr\u00e4dde in i den d\u00e4r synthens v\u00e4rld b\u00f6rjade jag direkt k\u00e4nna smaken av saltlakrits. Och lukten av br\u00e4nt gr\u00e4s.<\/p>\n<p><strong>Just <em>Bowie framf\u00f6r spegeln<\/em> tar till viss del \u00e4ven upp \u00e4mnen som idolskap. Hur f\u00f6ddes id\u00e9n till den l\u00e5ten?<\/strong><\/p>\n<p>&#8211; Skivan var egentligen klar. Jag brukar ofta utg\u00e5 fr\u00e5n ett trumbeat eller ett groove, och den d\u00e4r typen av sv\u00e4ng var n\u00e5got jag hade g\u00e5tt och funderat p\u00e5 l\u00e4nge. S\u00e5 b\u00f6rjade jag spela in n\u00e5gra skisser som l\u00e4t okej, sedan spelade jag in en s\u00e5dan h\u00e4r Solstollarna-k\u00f6r som jag skrattade \u00e5t i flera dagar. Sj\u00e4lva id\u00e9n till texten kom ganska direkt. Jag har s\u00e5 tydliga minnen av n\u00e4r det h\u00e4nde. Uppvaknandet av att se coola m\u00e4nniskor p\u00e5 tv.<\/p>\n<p><strong>Har du en annan relation till dina idoler idag?<\/strong><\/p>\n<p>&#8211; Vissa av de f\u00f6rsta jag blev helt fr\u00e4lst i tycker jag n\u00e4stan fortfarande \u00e4r lika coola. Billy Idol, Th\u00e5str\u00f6m, Kate Bush. Bowie f\u00f6rst\u00e5s. Det kan nog ha varit s\u00e5 att jag tog bort dem jag sk\u00e4mdes \u00f6ver.<\/p>\n<p><strong>En annan l\u00e5t p\u00e5 albumet heter <em>Var \u00e4r morfar?<\/em>. I den sjunger du duett med din mamma. Hur var det att sjunga med henne?<\/strong><\/p>\n<p>&#8211; Det \u00e4r egentligen min gammelmorfar. Min mamma v\u00e4xte upp med sin morfar eftersom hon f\u00f6rlorade sin mamma n\u00e4r hon var fem \u00e5r. Han var s\u00e5 j\u00e4vla sn\u00e4ll. En g\u00e5ng l\u00e4t han en geting bita honom i halsen eftersom han tyckte synd om getingen och inte ville vifta bort den. Jag spelade in l\u00e5ten och d\u00e5 f\u00f6ddes tanken att jag m\u00e5ste f\u00e5 mamma att sjunga p\u00e5 den. S\u00e5 gick jag och gr\u00e4mde mig ett halv\u00e5r \u00f6ver n\u00e4r jag skulle v\u00e5ga fr\u00e5ga. Jag var hemma hos f\u00f6r\u00e4ldrarna \u00f6ver p\u00e5sk och hade samlat mod i flera dagar, helt pl\u00f6tsligt sade jag \u201ddu ska sjunga p\u00e5 en grej\u201d. D\u00e5 sade hon bara \u201dusch d\u00e5\u201d. Under hela inspelningen tittade hon p\u00e5 danska deckare med ljudet nedskruvat. Hon hade opererat ryggen s\u00e5 hon kunde inte g\u00e5. S\u00e5 hon ligger med benen uppe p\u00e5 soffan och sjunger samtidigt som hon tittar p\u00e5 deckarna. Men hon tyckte mycket om l\u00e5ten sedan n\u00e4r hon h\u00f6rde den.<\/p>\n<p><strong>Om <em>Allt f\u00f6r din skuld<\/em> var en reaktion mot debutalbumet, skulle du s\u00e4ga att det h\u00e4r albumet \u00e4r en reaktion mot <em>Allt f\u00f6r din skuld<\/em>?<\/strong><\/p>\n<p>&#8211; Egentligen har jag jobbat med en annan skiva mycket mer \u00e4n den h\u00e4r skivan, och den var en reaktion p\u00e5 <em>Allt f\u00f6r din skuld<\/em>. Den h\u00e4r skivan var egentligen t\u00e4nkt att komma n\u00e4sta \u00e5r, men eftersom det \u00e4r ett konceptalbum gick det fortare. Egentligen \u00e4r det h\u00e4r n\u00e5got helt annat, n\u00e5got l\u00f6sryckt, s\u00e5 jag kan inte s\u00e4ga att det \u00e4r n\u00e5gon reaktion p\u00e5 <em>Allt f\u00f6r din skuld<\/em>, f\u00f6rutom att det var ett totalt idiotprojekt och det h\u00e4r har g\u00e5tt v\u00e4ldigt fort att g\u00f6ra.<\/p>\n<p><strong>Kan du ber\u00e4tta lite om det h\u00e4r andra albumet du h\u00e5ller p\u00e5 med?<\/strong><\/p>\n<p>&#8211; Den \u00e4r n\u00e4stan f\u00e4rdig faktiskt. Den \u00e4r mer lik de tv\u00e5 f\u00f6rsta skivorna, med den skillnaden att vi var utan lokal v\u00e4ldigt l\u00e4nge, s\u00e5 jag kunde inte spela in n\u00e5gra trummor. Det \u00e4r bara programmerade trummor. Jag gillar annars att blanda upp saker s\u00e5 mycket som m\u00f6jligt, men den \u00e4r ganska strikt h\u00e5llen. I \u00f6vrigt \u00e4r den mycket mer splittrad \u00e4n den h\u00e4r skivan. Det \u00e4r ingen konceptskiva.<\/p>\n<p><strong>Du har ocks\u00e5 h\u00e5llit p\u00e5 med barnteater och lite andra projekt i olika musikaliska v\u00e4rldar. Hur mycket har du tagit med dig d\u00e4rifr\u00e5n? Har du hittat inspiration d\u00e4rifr\u00e5n i ditt l\u00e5tskrivande?<\/strong><\/p>\n<p>&#8211; Det har det oundvikligen gjort. N\u00e4r du jobbar fifty-fifty i tv\u00e5 olika v\u00e4rldar s\u00e5 f\u00e5r du tv\u00e5 blickar, i det avseendet att du betraktar de tv\u00e5 v\u00e4rldarna p\u00e5 olika s\u00e4tt och f\u00f6rs\u00f6ker hitta din egen v\u00e4g d\u00e4remellan. Du f\u00e5r ett st\u00f6rre perspektiv p\u00e5 vad det \u00e4r du h\u00e5ller p\u00e5 med.<\/p>\n<p><strong>Blir det sv\u00e5rt att h\u00e5lla is\u00e4r de tv\u00e5 v\u00e4rldarna? S\u00e5 att inte allt blir&#8230;<\/strong><\/p>\n<p>&#8211; &#8230;mischmasch av alltihop. Det \u00e4r v\u00e4l lite id\u00e9n. N\u00e4r du skriver musik, oavsett om du \u00e4r med i en saxofonkvartett eller g\u00f6r l\u00e5tar, s\u00e5 har du \u00e4nd\u00e5 samma mission. Du h\u00e5ller p\u00e5 med samma grej, fast det \u00e4r olika spr\u00e5k. Det vore sk\u00f6nt om du\u00a0slapp h\u00e5lla is\u00e4r s\u00e5 mycket. Den h\u00e4r nya skivan \u00e4r v\u00e4l den grejen jag gjort som \u00e4r mest i b\u00e5da v\u00e4rldarna.<\/p>\n<p><strong>Kommer du \u00e5ka ut och turnera med det h\u00e4r albumet?<\/strong><\/p>\n<p>&#8211; Vi ska spela litegrann, jag tror vi har en spelning bokad. Det har att g\u00f6ra med att det \u00e4r s\u00e5 sv\u00e5rt. Jag har alltid haft en id\u00e9 om att jag vill spela med \u00e4ldre och yngre m\u00e4nniskor. Det \u00e4r ocks\u00e5 en grej jag tagit med mig fr\u00e5n den andra v\u00e4rlden. Det \u00e4r tr\u00e5kigt att det \u00e4r s\u00e5 segregerat. Jag h\u00e5ller p\u00e5 att s\u00e4tta ihop ett band med en \u00e4ldre dam p\u00e5 piano och n\u00e5gra barn. D\u00e5 g\u00e5r det inte att \u00e5ka omkring, f\u00f6r det f\u00f6rsta eftersom vi inte kan ha tio\u00e5ringar p\u00e5 st\u00e4llen som serverar alkohol. Det g\u00e5r inte att g\u00f6ra samma typ av klubbspelningar, samtidigt som det inte heller klaffar att spela p\u00e5 seri\u00f6sa konsertst\u00e4llen. Vi hamnar lite mittemellan, men det g\u00f6r inte s\u00e5 mycket, jag tycker det \u00e4r lite l\u00e4skigt att spela.<\/p>\n<p><strong>Inf\u00f6r sl\u00e4ppet av f\u00f6rra skivan pratade du mycket om Greg Dulli och The Afghan Whigs. Har du hittat n\u00e5gra nya influenser sedan dess?<\/strong><\/p>\n<p>&#8211; Nej, jag \u00e4r faktiskt v\u00e4ldigt d\u00e5lig p\u00e5 det. Ariel Pink \u00e4r kul, men jag lyssnar mest p\u00e5 \u00e4ldre grejer. Konstmusik. Jag vet inte om jag bara blir \u00e4ldre&#8230; Barn \u00e4r en bra influens. Barn p\u00e5minner en konstant att du m\u00e5ste h\u00e5lla fantasin vid liv. Barn \u00e4r en v\u00e4ldigt stor influens.<\/p>\n<p><iframe loading=\"lazy\" src=\"https:\/\/w.soundcloud.com\/player\/?url=https%3A\/\/api.soundcloud.com\/tracks\/177949606&amp;auto_play=false&amp;hide_related=false&amp;show_comments=true&amp;show_user=true&amp;show_reposts=false&amp;visual=true\" width=\"100%\" height=\"450\" frameborder=\"no\" scrolling=\"no\"><\/iframe><\/p>\n","protected":false},"excerpt":{"rendered":"<p>Den 12 december sl\u00e4pper Per Egland sitt tredje album 1980-1991. Albumet f\u00f6ljer upp 2010 \u00e5rs Slut dina \u00f6gon och dr\u00f6m och Per Egland samt 2012 \u00e5rs Allt f\u00f6r din skuld. Inf\u00f6r varje albumsl\u00e4pp har jag m\u00f6tt upp honom p\u00e5 samma s\u00f6derfik, en tradition som h\u00f6lls vid liv \u00e4ven denna g\u00e5ng. Du \u00e4r aktuell med ditt [&hellip;]<\/p>\n","protected":false},"author":3,"featured_media":0,"comment_status":"open","ping_status":"open","sticky":false,"template":"","format":"standard","meta":{"_genesis_hide_title":false,"_genesis_hide_breadcrumbs":false,"_genesis_hide_singular_image":false,"_genesis_hide_footer_widgets":false,"_genesis_custom_body_class":"","_genesis_custom_post_class":"","_genesis_layout":"","footnotes":""},"categories":[5,7],"tags":[11674,4309],"class_list":["post-89920","post","type-post","status-publish","format-standard","category-intervju","category-musik","tag-1980-1991","tag-per-egland","entry"],"_links":{"self":[{"href":"https:\/\/kulturbloggen.com\/index.php?rest_route=\/wp\/v2\/posts\/89920","targetHints":{"allow":["GET"]}}],"collection":[{"href":"https:\/\/kulturbloggen.com\/index.php?rest_route=\/wp\/v2\/posts"}],"about":[{"href":"https:\/\/kulturbloggen.com\/index.php?rest_route=\/wp\/v2\/types\/post"}],"author":[{"embeddable":true,"href":"https:\/\/kulturbloggen.com\/index.php?rest_route=\/wp\/v2\/users\/3"}],"replies":[{"embeddable":true,"href":"https:\/\/kulturbloggen.com\/index.php?rest_route=%2Fwp%2Fv2%2Fcomments&post=89920"}],"version-history":[{"count":8,"href":"https:\/\/kulturbloggen.com\/index.php?rest_route=\/wp\/v2\/posts\/89920\/revisions"}],"predecessor-version":[{"id":90036,"href":"https:\/\/kulturbloggen.com\/index.php?rest_route=\/wp\/v2\/posts\/89920\/revisions\/90036"}],"wp:attachment":[{"href":"https:\/\/kulturbloggen.com\/index.php?rest_route=%2Fwp%2Fv2%2Fmedia&parent=89920"}],"wp:term":[{"taxonomy":"category","embeddable":true,"href":"https:\/\/kulturbloggen.com\/index.php?rest_route=%2Fwp%2Fv2%2Fcategories&post=89920"},{"taxonomy":"post_tag","embeddable":true,"href":"https:\/\/kulturbloggen.com\/index.php?rest_route=%2Fwp%2Fv2%2Ftags&post=89920"}],"curies":[{"name":"wp","href":"https:\/\/api.w.org\/{rel}","templated":true}]}}