{"id":89904,"date":"2014-12-09T11:20:35","date_gmt":"2014-12-09T09:20:35","guid":{"rendered":"http:\/\/kulturbloggen.com\/?p=89904"},"modified":"2014-12-09T11:21:08","modified_gmt":"2014-12-09T09:21:08","slug":"lyssna-thorsten-flinck-du-maste-va-nan-med-thorsten-flincks-egna-kommentarer-om-sangen","status":"publish","type":"post","link":"https:\/\/kulturbloggen.com\/?p=89904","title":{"rendered":"Lyssna: Thorsten Flinck &#8211; Du m\u00e5ste va n\u00e5n &#8211; med Thorsten Flincks egna kommentarer om s\u00e5ngen"},"content":{"rendered":"<p><img loading=\"lazy\" decoding=\"async\" src=\"http:\/\/kulturbloggen.com\/wp-content\/uploads\/2014\/12\/thorstenflinckspar1.jpg\" alt=\"thorstenflinckspar1\" width=\"450\" height=\"251\" class=\"alignnone size-full wp-image-89905\" srcset=\"https:\/\/kulturbloggen.com\/wp-content\/uploads\/2014\/12\/thorstenflinckspar1.jpg 450w, https:\/\/kulturbloggen.com\/wp-content\/uploads\/2014\/12\/thorstenflinckspar1-300x167.jpg 300w\" sizes=\"auto, (max-width: 450px) 100vw, 450px\" \/><\/p>\n<p>Nu sl\u00e4pper Thorsten Flinck sin musik p\u00e5 YouTube. Som exklusivt material har han skapat en serie d\u00e4r han kommenterar samtliga 10 sp\u00e5r fr\u00e5n nya albumet, Till Flickorna p\u00e5 Upplandsgatan 71 fr\u00e5n fiaskot mittemot. Det kommer sl\u00e4ppas ett avsnitt (introduktion med tillh\u00f6rande l\u00e5t) p\u00e5 Thorstens Youtube-kanal varje vardag i tv\u00e5 veckors tid. Idag g\u00e5r Thorsten ut med f\u00f6rsta l\u00e5ten \u201dDu m\u00e5ste va n\u00e5n\u201d.<\/p>\n<p>Du m\u00e5ste va n\u00e5n (intro):<br \/>\n<iframe loading=\"lazy\" width=\"560\" height=\"315\" src=\"\/\/www.youtube.com\/embed\/ZNqSk131zIs?list=PLFxKGSXh0hWYDH5OQSltfb9UDwVugCAnb\" frameborder=\"0\" allowfullscreen><\/iframe><\/p>\n<p>Du m\u00e5ste va n\u00e5n (musik):<br \/>\n<iframe loading=\"lazy\" width=\"560\" height=\"315\" src=\"\/\/www.youtube.com\/embed\/61_I3BX_bnU?list=PLFxKGSXh0hWYDH5OQSltfb9UDwVugCAnb\" frameborder=\"0\" allowfullscreen><\/iframe><\/p>\n","protected":false},"excerpt":{"rendered":"<p>Nu sl\u00e4pper Thorsten Flinck sin musik p\u00e5 YouTube. Som exklusivt material har han skapat en serie d\u00e4r han kommenterar samtliga 10 sp\u00e5r fr\u00e5n nya albumet, Till Flickorna p\u00e5 Upplandsgatan 71 fr\u00e5n fiaskot mittemot. Det kommer sl\u00e4ppas ett avsnitt (introduktion med tillh\u00f6rande l\u00e5t) p\u00e5 Thorstens Youtube-kanal varje vardag i tv\u00e5 veckors tid. Idag g\u00e5r Thorsten ut [&hellip;]<\/p>\n","protected":false},"author":13,"featured_media":0,"comment_status":"open","ping_status":"open","sticky":false,"template":"","format":"standard","meta":{"_genesis_hide_title":false,"_genesis_hide_breadcrumbs":false,"_genesis_hide_singular_image":false,"_genesis_hide_footer_widgets":false,"_genesis_custom_body_class":"","_genesis_custom_post_class":"","_genesis_layout":"","footnotes":""},"categories":[7],"tags":[5843],"class_list":{"0":"post-89904","1":"post","2":"type-post","3":"status-publish","4":"format-standard","6":"category-musik","7":"tag-thorsten-flinck","8":"entry"},"_links":{"self":[{"href":"https:\/\/kulturbloggen.com\/index.php?rest_route=\/wp\/v2\/posts\/89904","targetHints":{"allow":["GET"]}}],"collection":[{"href":"https:\/\/kulturbloggen.com\/index.php?rest_route=\/wp\/v2\/posts"}],"about":[{"href":"https:\/\/kulturbloggen.com\/index.php?rest_route=\/wp\/v2\/types\/post"}],"author":[{"embeddable":true,"href":"https:\/\/kulturbloggen.com\/index.php?rest_route=\/wp\/v2\/users\/13"}],"replies":[{"embeddable":true,"href":"https:\/\/kulturbloggen.com\/index.php?rest_route=%2Fwp%2Fv2%2Fcomments&post=89904"}],"version-history":[{"count":1,"href":"https:\/\/kulturbloggen.com\/index.php?rest_route=\/wp\/v2\/posts\/89904\/revisions"}],"predecessor-version":[{"id":89906,"href":"https:\/\/kulturbloggen.com\/index.php?rest_route=\/wp\/v2\/posts\/89904\/revisions\/89906"}],"wp:attachment":[{"href":"https:\/\/kulturbloggen.com\/index.php?rest_route=%2Fwp%2Fv2%2Fmedia&parent=89904"}],"wp:term":[{"taxonomy":"category","embeddable":true,"href":"https:\/\/kulturbloggen.com\/index.php?rest_route=%2Fwp%2Fv2%2Fcategories&post=89904"},{"taxonomy":"post_tag","embeddable":true,"href":"https:\/\/kulturbloggen.com\/index.php?rest_route=%2Fwp%2Fv2%2Ftags&post=89904"}],"curies":[{"name":"wp","href":"https:\/\/api.w.org\/{rel}","templated":true}]}}