{"id":89876,"date":"2014-12-08T12:56:45","date_gmt":"2014-12-08T10:56:45","guid":{"rendered":"http:\/\/kulturbloggen.com\/?p=89876"},"modified":"2014-12-08T12:56:45","modified_gmt":"2014-12-08T10:56:45","slug":"psl-lagger-ned","status":"publish","type":"post","link":"https:\/\/kulturbloggen.com\/?p=89876","title":{"rendered":"PSL l\u00e4gger ned"},"content":{"rendered":"<p><a href=\"http:\/\/kulturbloggen.com\/wp-content\/uploads\/2014\/12\/psl.jpg\"><img loading=\"lazy\" decoding=\"async\" class=\"aligncenter size-medium wp-image-89877\" src=\"http:\/\/kulturbloggen.com\/wp-content\/uploads\/2014\/12\/psl-300x168.jpg\" alt=\"psl\" width=\"300\" height=\"168\" srcset=\"https:\/\/kulturbloggen.com\/wp-content\/uploads\/2014\/12\/psl-300x168.jpg 300w, https:\/\/kulturbloggen.com\/wp-content\/uploads\/2014\/12\/psl.jpg 583w\" sizes=\"auto, (max-width: 300px) 100vw, 300px\" \/><\/a><\/p>\n<p>Efter sju och ett halvt \u00e5r s\u00e4ger PSL farv\u00e4l.<\/p>\n<p><em>&#8211; Det k\u00e4nns vemodigt, men vi \u00e4r tacksamma \u00f6ver att f\u00e5 ha gjort den h\u00e4r sidan sedan sommaren 2007. \u00d6ver att f\u00e5 ha varit med n\u00e4r en hel generation artister v\u00e4xte fram<\/em>, s\u00e4ger Per Sinding Larsen i ett mail.<\/p>\n<p>Lykke Li, Linda Pira och First Aid Kit \u00e4r bara n\u00e5gra av de artister som gjorde sina f\u00f6rsta publika framtr\u00e4danden p\u00e5 PSL. I de n\u00e4rmare 10.000 inl\u00e4gg som gjorts p\u00e5 PSL \u00e5terfinns n\u00e4stan 500 musikinspelningar, \u00f6ver 1000 filmade intervjuer, bloggtexter, webbserier, TV-serier, konserter, videovisningar och lite till.<\/p>\n<p>PSL h\u00e5lls \u00f6ppen fram till ny\u00e5rsnatten. P\u00e5 fredag, den 12 december, s\u00e4nds ett specialprogram om \u00e5ren med PSL p\u00e5 SVTPlay och svt.se\/psl.<\/p>\n","protected":false},"excerpt":{"rendered":"<p>Efter sju och ett halvt \u00e5r s\u00e4ger PSL farv\u00e4l. &#8211; Det k\u00e4nns vemodigt, men vi \u00e4r tacksamma \u00f6ver att f\u00e5 ha gjort den h\u00e4r sidan sedan sommaren 2007. \u00d6ver att f\u00e5 ha varit med n\u00e4r en hel generation artister v\u00e4xte fram, s\u00e4ger Per Sinding Larsen i ett mail. Lykke Li, Linda Pira och First Aid [&hellip;]<\/p>\n","protected":false},"author":3,"featured_media":0,"comment_status":"open","ping_status":"open","sticky":false,"template":"","format":"standard","meta":{"_genesis_hide_title":false,"_genesis_hide_breadcrumbs":false,"_genesis_hide_singular_image":false,"_genesis_hide_footer_widgets":false,"_genesis_custom_body_class":"","_genesis_custom_post_class":"","_genesis_layout":"","footnotes":""},"categories":[7],"tags":[4547],"class_list":{"0":"post-89876","1":"post","2":"type-post","3":"status-publish","4":"format-standard","6":"category-musik","7":"tag-psl","8":"entry"},"_links":{"self":[{"href":"https:\/\/kulturbloggen.com\/index.php?rest_route=\/wp\/v2\/posts\/89876","targetHints":{"allow":["GET"]}}],"collection":[{"href":"https:\/\/kulturbloggen.com\/index.php?rest_route=\/wp\/v2\/posts"}],"about":[{"href":"https:\/\/kulturbloggen.com\/index.php?rest_route=\/wp\/v2\/types\/post"}],"author":[{"embeddable":true,"href":"https:\/\/kulturbloggen.com\/index.php?rest_route=\/wp\/v2\/users\/3"}],"replies":[{"embeddable":true,"href":"https:\/\/kulturbloggen.com\/index.php?rest_route=%2Fwp%2Fv2%2Fcomments&post=89876"}],"version-history":[{"count":1,"href":"https:\/\/kulturbloggen.com\/index.php?rest_route=\/wp\/v2\/posts\/89876\/revisions"}],"predecessor-version":[{"id":89878,"href":"https:\/\/kulturbloggen.com\/index.php?rest_route=\/wp\/v2\/posts\/89876\/revisions\/89878"}],"wp:attachment":[{"href":"https:\/\/kulturbloggen.com\/index.php?rest_route=%2Fwp%2Fv2%2Fmedia&parent=89876"}],"wp:term":[{"taxonomy":"category","embeddable":true,"href":"https:\/\/kulturbloggen.com\/index.php?rest_route=%2Fwp%2Fv2%2Fcategories&post=89876"},{"taxonomy":"post_tag","embeddable":true,"href":"https:\/\/kulturbloggen.com\/index.php?rest_route=%2Fwp%2Fv2%2Ftags&post=89876"}],"curies":[{"name":"wp","href":"https:\/\/api.w.org\/{rel}","templated":true}]}}