{"id":89716,"date":"2014-12-02T15:39:47","date_gmt":"2014-12-02T13:39:47","guid":{"rendered":"http:\/\/kulturbloggen.com\/?p=89716"},"modified":"2014-12-02T15:41:34","modified_gmt":"2014-12-02T13:41:34","slug":"lorentz-forvanta-er-nagonting-storslaget","status":"publish","type":"post","link":"https:\/\/kulturbloggen.com\/?p=89716","title":{"rendered":"Lorentz: &#8221;F\u00f6rv\u00e4nta er n\u00e5gonting storslaget&#8221;"},"content":{"rendered":"<p><a href=\"http:\/\/kulturbloggen.com\/wp-content\/uploads\/2014\/12\/lorentz.jpg\"><img loading=\"lazy\" decoding=\"async\" class=\"aligncenter size-medium wp-image-89717\" src=\"http:\/\/kulturbloggen.com\/wp-content\/uploads\/2014\/12\/lorentz-300x150.jpg\" alt=\"lorentz\" width=\"300\" height=\"150\" srcset=\"https:\/\/kulturbloggen.com\/wp-content\/uploads\/2014\/12\/lorentz-300x150.jpg 300w, https:\/\/kulturbloggen.com\/wp-content\/uploads\/2014\/12\/lorentz.jpg 750w\" sizes=\"auto, (max-width: 300px) 100vw, 300px\" \/><\/a><\/p>\n<p><em>&#8211; Det k\u00e4nns skitkul att vara nominerad som &#8221;\u00e5rets artist&#8221; och \u201d\u00e5rets hiphop\/soul\u201d. Det betyder att jag har gjort n\u00e5gonting r\u00e4tt<\/em>, s\u00e4ger Lorentz n\u00e4r Kulturbloggen m\u00f6ter upp honom i Radiohuset \u00a0i Stockholm. Hans solodebut <em>K\u00e4rleksl\u00e5tar<\/em>\u00a0sl\u00e4pptes tidigare i \u00e5r och fick betyg 4\/5 av v\u00e5r recensent, som beskrev albumet som &#8221;en s\u00e4ker debut fylld av sk\u00f6na, klubbiga k\u00e4rleksballader som gjorda f\u00f6r dansgolvet&#8221;.<\/p>\n<p><strong>Tidigare har du varit P3 Guld-nominerad med Lorentz &amp; Sakarias. Vad betyder det f\u00f6r dig att \u00e4ven f\u00e5 ett s\u00e5dant h\u00e4r gensvar som soloartist?<\/strong><\/p>\n<p>&#8211; Det k\u00e4nns fantastiskt att min f\u00f6rsta egna grej fl\u00f6t s\u00e5 h\u00e4r bra. Det \u00e4r en annan grej \u00e4n att vara nominerad som grupp. Jag vet inte riktigt vad skillnaden \u00e4r, har inte riktigt landat i k\u00e4nslan, s\u00e5 det \u00e4r sv\u00e5rt att ha en definition. Det k\u00e4nns bara j\u00e4vligt bra. Jag \u00e4lskar P3 Guld, det \u00e4r en s\u00e5 sk\u00f6n fest och rolig inramning att hylla all musik som kommit under \u00e5ret. Det \u00e4r ocks\u00e5 kul att det \u00e4r s\u00e5 m\u00e5nga nya artister i \u00e5r som \u00e4r nominerade. Folk jag gillar sj\u00e4lv.<\/p>\n<p><strong>Sett till sj\u00e4lva skapandet, hur skiljer det sig att g\u00f6ra musik enbart som Lorentz ist\u00e4llet f\u00f6r Lorentz &amp; Sakarias?<\/strong><\/p>\n<p>&#8211; Det \u00e4r en stor skillnad. Skapandeprocessen h\u00e4nder bara inom mig nu. Id\u00e9erna och texterna. Sedan samarbetar jag med Vittorio Grasso som arbetade tillsammans med Lorentz &amp; Sakarias ocks\u00e5. S\u00e5 det \u00e4r m\u00e5nga saker som \u00e4r likadana. Det som \u00e4r annorlunda \u00e4r v\u00e4l att det som skrivs och det som s\u00e4gs bara \u00e4r mitt. Det blir \u00e4nnu mer personligt.<\/p>\n<p><strong>Du kommer \u00e4ven upptr\u00e4da p\u00e5 galan. Vad kan vi f\u00f6rv\u00e4nta oss?<\/strong><\/p>\n<p>&#8211; Ni kan f\u00f6rv\u00e4nta er n\u00e5gonting storslaget. Nu har jag m\u00f6jligheten att g\u00f6ra n\u00e5gonting jag verkligen vill g\u00f6ra. Annars \u00e4r man ofta begr\u00e4nsad, men p\u00e5 P3 Guld kan man g\u00f6ra ett riktigt nummer som g\u00f6r l\u00e5ten r\u00e4ttvisa. Jag har k\u00f6rt s\u00e5 mycket live i \u00e5r och jag \u00e4lskar det, ska bli kul att g\u00f6ra det p\u00e5 den h\u00e4r galan.<\/p>\n<p><strong>Vilken l\u00e5t ska du spela?<\/strong><\/p>\n<p>Det \u00e4r hemligt! Det f\u00e5r ni h\u00f6ra p\u00e5 plats.<\/p>\n","protected":false},"excerpt":{"rendered":"<p>&#8211; Det k\u00e4nns skitkul att vara nominerad som &#8221;\u00e5rets artist&#8221; och \u201d\u00e5rets hiphop\/soul\u201d. Det betyder att jag har gjort n\u00e5gonting r\u00e4tt, s\u00e4ger Lorentz n\u00e4r Kulturbloggen m\u00f6ter upp honom i Radiohuset \u00a0i Stockholm. Hans solodebut K\u00e4rleksl\u00e5tar\u00a0sl\u00e4pptes tidigare i \u00e5r och fick betyg 4\/5 av v\u00e5r recensent, som beskrev albumet som &#8221;en s\u00e4ker debut fylld av sk\u00f6na, [&hellip;]<\/p>\n","protected":false},"author":3,"featured_media":0,"comment_status":"open","ping_status":"open","sticky":false,"template":"","format":"standard","meta":{"_genesis_hide_title":false,"_genesis_hide_breadcrumbs":false,"_genesis_hide_singular_image":false,"_genesis_hide_footer_widgets":false,"_genesis_custom_body_class":"","_genesis_custom_post_class":"","_genesis_layout":"","footnotes":""},"categories":[7],"tags":[11027,4233],"class_list":{"0":"post-89716","1":"post","2":"type-post","3":"status-publish","4":"format-standard","6":"category-musik","7":"tag-lorentz","8":"tag-p3-guld","9":"entry"},"_links":{"self":[{"href":"https:\/\/kulturbloggen.com\/index.php?rest_route=\/wp\/v2\/posts\/89716","targetHints":{"allow":["GET"]}}],"collection":[{"href":"https:\/\/kulturbloggen.com\/index.php?rest_route=\/wp\/v2\/posts"}],"about":[{"href":"https:\/\/kulturbloggen.com\/index.php?rest_route=\/wp\/v2\/types\/post"}],"author":[{"embeddable":true,"href":"https:\/\/kulturbloggen.com\/index.php?rest_route=\/wp\/v2\/users\/3"}],"replies":[{"embeddable":true,"href":"https:\/\/kulturbloggen.com\/index.php?rest_route=%2Fwp%2Fv2%2Fcomments&post=89716"}],"version-history":[{"count":3,"href":"https:\/\/kulturbloggen.com\/index.php?rest_route=\/wp\/v2\/posts\/89716\/revisions"}],"predecessor-version":[{"id":89720,"href":"https:\/\/kulturbloggen.com\/index.php?rest_route=\/wp\/v2\/posts\/89716\/revisions\/89720"}],"wp:attachment":[{"href":"https:\/\/kulturbloggen.com\/index.php?rest_route=%2Fwp%2Fv2%2Fmedia&parent=89716"}],"wp:term":[{"taxonomy":"category","embeddable":true,"href":"https:\/\/kulturbloggen.com\/index.php?rest_route=%2Fwp%2Fv2%2Fcategories&post=89716"},{"taxonomy":"post_tag","embeddable":true,"href":"https:\/\/kulturbloggen.com\/index.php?rest_route=%2Fwp%2Fv2%2Ftags&post=89716"}],"curies":[{"name":"wp","href":"https:\/\/api.w.org\/{rel}","templated":true}]}}