{"id":8919,"date":"2009-04-23T07:37:41","date_gmt":"2009-04-23T05:37:41","guid":{"rendered":"http:\/\/kulturbloggen.com\/?p=8919"},"modified":"2009-04-23T07:37:41","modified_gmt":"2009-04-23T05:37:41","slug":"ar-boktipset-en-bokbloggsdodare","status":"publish","type":"post","link":"https:\/\/kulturbloggen.com\/?p=8919","title":{"rendered":"\u00c4r Boktipset en bokbloggsd\u00f6dare?"},"content":{"rendered":"<p><img loading=\"lazy\" decoding=\"async\" src=\"http:\/\/sodergren.com\/kulturbloggen\/wp-content\/uploads\/2009\/04\/boktipset290.jpg\" alt=\"boktipset290\" title=\"boktipset290\" width=\"290\" height=\"200\" class=\"alignright size-full wp-image-8920\" \/><br \/>\nBonnier har startat en stor portal f\u00f6r boktips och bokdiskussioner. <a href=\"http:\/\/www.boktipset.se\/\">Boktipset startades p\u00e5 onsdagen 22 april<\/a> och drivs av Bonnier. <a href=\"http:\/\/www.dn.se\/dnbok\/nytt-slagfalt-for-litteraturen-1.850116\">P\u00e5 tillika Bonnier-\u00e4gda DN<\/a> finns en trevlig presentation:<br \/>\nP\u00e5 den nya hemsidan Bokstipset.se kan anv\u00e4ndare tjuvkika p\u00e5 varandras bokhyllor och utbyta litter\u00e4ra erfarenheter. Intresset under premi\u00e4ren p\u00e5 onsdagen var \u00f6ver f\u00f6rv\u00e4ntan, och betygs\u00e4ttandet p\u00e5g\u00e5r redan f\u00f6r fullt.<br \/>\n<!--more--><br \/>\nDet \u00e4r inte mycket till kritiskt granskande journalistik, direkt i den ingressen.<\/p>\n<p>Boktipset \u00e4r startat av Sigge Eklund, som ju bland annat startat Bloggportalen som sedan k\u00f6ptes upp av Aftonbladet.<\/p>\n<p>P\u00e5 Boktipset kan man allts\u00e5 ber\u00e4tta vad man l\u00e4ser, tipsa varandra, diskutera. Ur DN-artikeln:<\/p>\n<blockquote><p>&#8211; N\u00e4r en massa l\u00e4sare pl\u00f6tsligt ville diskutera Liza Marklunds \u201dG\u00f6mda\u201d fanns det inget sj\u00e4lvklart forum att v\u00e4nda sig till. Men nu kan du g\u00e5 in p\u00e5 v\u00e5r sida och se vilka som har l\u00e4st boken och vad de tyckte om den. Det \u00e4r bara en tidsfr\u00e5ga innan n\u00e4sta Maja Lundgren eller Nor\u00e9n-debatt blossar upp och nu finns det ett naturligt slagf\u00e4lt f\u00f6r det kriget, f\u00f6rklarar Sigge Eklund.<\/p><\/blockquote>\n<p>Det Sigge Eklund s\u00e4ger \u00e4r inte riktigt sant. Det fanns ett forum d\u00e4r diskussionen gick: i bloggosf\u00e4ren.<br \/>\nS\u00e5 vad Bonnier nu \u00e4n en g\u00e5ng g\u00f6r \u00e4r ett f\u00f6rs\u00f6k att f\u00f6ra \u00f6ver en del av bloggv\u00e4rldens diskussioner p\u00e5 en av deras sajter ist\u00e4llet. Precis som Bonnier gjorde med Newsmill, d\u00e4r de tog \u00f6ver en del av de politiska diskussionerna i bloggv\u00e4rlden. P\u00e5 samma skickliga s\u00e4tt som Bonnier\u00e4gda DN \u00e4ger den politiska debatten utanf\u00f6r bloggosf\u00e4ren. DN Debatt \u00e4r fortfarande h\u00f6gsta m\u00e5let att placera en debattartikel f\u00f6r landets pressavdelningar.<\/p>\n<p>\u00c5ter till Boktipset: Nu beh\u00f6ver det inte n\u00f6dv\u00e4ndigtvis betyda att debatten och diskussionen om b\u00f6cker minskar p\u00e5 bloggar. Men det finns f\u00f6rst\u00e5s en uppenbar risk f\u00f6r det. Om man n\u00e5r fler genom att agera p\u00e5 Boktipset ist\u00e4llet f\u00f6r att ha en egen blogg, d\u00e5 blir nog Boktipset ett sj\u00e4lvklart val f\u00f6r m\u00e5nga. Om det \u00e4r bra eller d\u00e5ligt, det vet jag inte. \u00c4r det bra att det finns m\u00e5nga bokbloggar &#8211; eller \u00e4r det b\u00e4ttre att samlas p\u00e5 ett st\u00e4lle?<\/p>\n<p><a href=\"http:\/\/www.dn.se\/blogg\/mediebloggen\/2009\/04\/22\/ett-facebook-for-bokalskare-2915\">DN:s Mediebloggen hyllar Boktipset<\/a>: Ett Facebook f\u00f6r bok\u00e4lskare.<br \/>\n<a href=\"http:\/\/mazarintanten.wordpress.com\/2009\/04\/22\/jag-laser-alltsa-ar-jag\/\"><br \/>\nMazarintanten<\/a>, <a href=\"http:\/\/monaspusselbit.blogg.se\/2009\/april\/utkast-ar-det.html\">Mona<\/a> och <a href=\"http:\/\/lillao.blogg.se\/2009\/april\/testat-lite.html\">Lilla O<\/a> har ocks\u00e5 bloggat om Boktipet.<\/p>\n<p><img loading=\"lazy\" decoding=\"async\" src=\"http:\/\/sodergren.com\/kulturbloggen\/wp-content\/uploads\/2009\/04\/boktipset600.jpg\" alt=\"boktipset600\" title=\"boktipset600\" width=\"600\" height=\"200\" class=\"alignright size-full wp-image-8921\" \/><\/p>\n","protected":false},"excerpt":{"rendered":"<p>Bonnier har startat en stor portal f\u00f6r boktips och bokdiskussioner. Boktipset startades p\u00e5 onsdagen 22 april och drivs av Bonnier. P\u00e5 tillika Bonnier-\u00e4gda DN finns en trevlig presentation: P\u00e5 den nya hemsidan Bokstipset.se kan anv\u00e4ndare tjuvkika p\u00e5 varandras bokhyllor och utbyta litter\u00e4ra erfarenheter. Intresset under premi\u00e4ren p\u00e5 onsdagen var \u00f6ver f\u00f6rv\u00e4ntan, och betygs\u00e4ttandet p\u00e5g\u00e5r redan [&hellip;]<\/p>\n","protected":false},"author":2,"featured_media":0,"comment_status":"open","ping_status":"open","sticky":false,"template":"","format":"standard","meta":{"_genesis_hide_title":false,"_genesis_hide_breadcrumbs":false,"_genesis_hide_singular_image":false,"_genesis_hide_footer_widgets":false,"_genesis_custom_body_class":"","_genesis_custom_post_class":"","_genesis_layout":"","footnotes":""},"categories":[62,3],"tags":[907,12280,791,1191,1302,3581,3582],"class_list":{"0":"post-8919","1":"post","2":"type-post","3":"status-publish","4":"format-standard","6":"category-medie-och-kulturpolitik","7":"category-litteratur","8":"tag-bocker","9":"tag-litteratur","10":"tag-boktips","11":"tag-debatt","12":"tag-diskussioner","13":"tag-mediepolitik","14":"tag-medier","15":"entry"},"_links":{"self":[{"href":"https:\/\/kulturbloggen.com\/index.php?rest_route=\/wp\/v2\/posts\/8919","targetHints":{"allow":["GET"]}}],"collection":[{"href":"https:\/\/kulturbloggen.com\/index.php?rest_route=\/wp\/v2\/posts"}],"about":[{"href":"https:\/\/kulturbloggen.com\/index.php?rest_route=\/wp\/v2\/types\/post"}],"author":[{"embeddable":true,"href":"https:\/\/kulturbloggen.com\/index.php?rest_route=\/wp\/v2\/users\/2"}],"replies":[{"embeddable":true,"href":"https:\/\/kulturbloggen.com\/index.php?rest_route=%2Fwp%2Fv2%2Fcomments&post=8919"}],"version-history":[{"count":0,"href":"https:\/\/kulturbloggen.com\/index.php?rest_route=\/wp\/v2\/posts\/8919\/revisions"}],"wp:attachment":[{"href":"https:\/\/kulturbloggen.com\/index.php?rest_route=%2Fwp%2Fv2%2Fmedia&parent=8919"}],"wp:term":[{"taxonomy":"category","embeddable":true,"href":"https:\/\/kulturbloggen.com\/index.php?rest_route=%2Fwp%2Fv2%2Fcategories&post=8919"},{"taxonomy":"post_tag","embeddable":true,"href":"https:\/\/kulturbloggen.com\/index.php?rest_route=%2Fwp%2Fv2%2Ftags&post=8919"}],"curies":[{"name":"wp","href":"https:\/\/api.w.org\/{rel}","templated":true}]}}