{"id":8875,"date":"2009-04-21T21:14:54","date_gmt":"2009-04-21T19:14:54","guid":{"rendered":"http:\/\/kulturbloggen.com\/?p=8875"},"modified":"2009-04-21T21:14:54","modified_gmt":"2009-04-21T19:14:54","slug":"lauryn-hill-erykah-badu-och-joss-stone-lyssna-pa-de-tre-souliga-tjejerna-som-kommer-till-jazzfestivalen","status":"publish","type":"post","link":"https:\/\/kulturbloggen.com\/?p=8875","title":{"rendered":"Lauryn Hill, Erykah Badu och Joss Stone &#8211; lyssna p\u00e5 de tre souliga tjejerna som kommer till jazzfestivalen"},"content":{"rendered":"<p><img loading=\"lazy\" decoding=\"async\" src=\"http:\/\/sodergren.com\/kulturbloggen\/wp-content\/uploads\/2009\/04\/erykah-badu290.jpg\" alt=\"erykah-badu290\" title=\"erykah-badu290\" width=\"290\" height=\"200\" class=\"alignright size-full wp-image-8876\" \/><br \/>\nLauryn Hill, Erykah Badu och Joss Stone &#8211; ingen d\u00e5lig trio jazziga damer. De kommer till Stockholms Jazzfestival i sommar.<br \/>\nDatum f\u00f6r festivalen: fem heta dagar i juli, 15-19 juli. Nu inskrivet i Kulturbloggens kalender, f\u00f6rst\u00e5s.<br \/>\nJazzfestivalen brukar vara en av de trevligaste och b\u00e4sta festivalerna, nu h\u00e5ller vi tummarna f\u00f6r att den nya ledningen inte f\u00f6rst\u00f6r den st\u00e4mningen, trots att priset ska f\u00f6rdubblas.<br \/>\n<!--more--><br \/>\nFestivalpass f\u00f6r fem dagar ska i \u00e5r 2009 kosta 1.995 kronor.<br \/>\n&#8211; \u00c4r man riktig fantast och orkar g\u00e5 i fem dagar f\u00e5r man \u00e4nd\u00e5 v\u00e4ldigt mycket f\u00f6r pengarna, s\u00e4ger Gunnar Lagerman  producent p\u00e5 jazzfestivalen <a href=\"http:\/\/stockholm.expressen.se\/noje\/musik\/1.1541868\/lauren-hill-till-stockholm-jazz\">till Expressen<\/a>.<\/p>\n<p><a href=\"http:\/\/www.stockholmjazz.com\/artist_lineup.php\">Programmet f\u00f6r festivalen \u00e4r nu klart och du kan kolla in det h\u00e4r.<\/a><\/p>\n<p>Jazzfestivalen har l\u00e4nge varit en sk\u00f6n festival d\u00e4r bes\u00f6karna bem\u00f6ts som vuxna som kan k\u00f6pa ett glas vin och s\u00e4tta sig p\u00e5 en b\u00e4nk och lyssna p\u00e5 artisterna, inte som p\u00e5 m\u00e5nga andra festivaler d\u00e4r den som vill ta ett glas m\u00e5ste ha ett stort st\u00e4ngsel emellan sig och scenerna.<\/p>\n<p>Ett annat stort plus \u00e4r hur pressavdelningen arbetat under jazzfestivalen d\u00e4r de arrangerat gemensamma presskonferenser d\u00e4r alla ackrediterade journalister och bloggare f\u00e5tt delta.  Det som g\u00f6r mig orolig \u00e4r att den nya festivalchefen tidigare jobbat med Hultsfred. D\u00e4r finns inte alls den servicen med presskonferenser utan d\u00e4r r\u00e5der djungelns lag. Varje reporter m\u00e5ste jaga alla artisters managers sj\u00e4lva. Jag \u00e4r \u00f6vertygad om att b\u00e5de artister och deras fans m\u00e5r liksom festivalen m\u00e5r b\u00e4ttre av om s\u00e5dant arrangeras snyggt med gemensamma konferenser. Det hindrar ju inte fr\u00e5n att ha mer enskilda intervjuer ocks\u00e5.<\/p>\n<p>Andra arister som kommer:  Lee Ritenour, McCoy Tyner Trio med Bill Frisell,  Mike Stern, Gilberto Gil, Titiyo och Emiliana Torrini och<br \/>\nSonny Rollins som tilldelades 2004 Grammy Lifetime Achievement Award och Polarpriset 2007. <\/p>\n<p>Lauryn Hill<br \/>\n<object width=\"425\" height=\"344\"><param name=\"movie\" value=\"http:\/\/www.youtube.com\/v\/FJ5BXfXUYwM&#038;hl=sv&#038;fs=1\"><\/param><param name=\"allowFullScreen\" value=\"true\"><\/param><param name=\"allowscriptaccess\" value=\"always\"><\/param><embed src=\"http:\/\/www.youtube.com\/v\/FJ5BXfXUYwM&#038;hl=sv&#038;fs=1\" type=\"application\/x-shockwave-flash\" allowscriptaccess=\"always\" allowfullscreen=\"true\" width=\"425\" height=\"344\"><\/embed><\/object><\/p>\n<p>Joss Stone &#8211; Son of a Preacher Man<br \/>\n<object width=\"425\" height=\"344\"><param name=\"movie\" value=\"http:\/\/www.youtube.com\/v\/TBH8o8XXnVM&#038;hl=sv&#038;fs=1\"><\/param><param name=\"allowFullScreen\" value=\"true\"><\/param><param name=\"allowscriptaccess\" value=\"always\"><\/param><embed src=\"http:\/\/www.youtube.com\/v\/TBH8o8XXnVM&#038;hl=sv&#038;fs=1\" type=\"application\/x-shockwave-flash\" allowscriptaccess=\"always\" allowfullscreen=\"true\" width=\"425\" height=\"344\"><\/embed><\/object><\/p>\n<p>Erykah Badu &#8211; On &#038; on<br \/>\n<object width=\"425\" height=\"344\"><param name=\"movie\" value=\"http:\/\/www.youtube.com\/v\/CbuhKR8YXlk&#038;hl=sv&#038;fs=1\"><\/param><param name=\"allowFullScreen\" value=\"true\"><\/param><param name=\"allowscriptaccess\" value=\"always\"><\/param><embed src=\"http:\/\/www.youtube.com\/v\/CbuhKR8YXlk&#038;hl=sv&#038;fs=1\" type=\"application\/x-shockwave-flash\" allowscriptaccess=\"always\" allowfullscreen=\"true\" width=\"425\" height=\"344\"><\/embed><\/object><\/p>\n<p><a href=\"http:\/\/natasamirosavic.blogspot.com\/2009\/04\/erykah-badu-kommer-till-sverige.html\">Natasa Mirosavic har ocks\u00e5 bloggat om Stockholm Jazz.<\/a><\/p>\n<p>Relaterat:<br \/>\n<a href=\"http:\/\/www.dn.se\/kultur-noje\/musik\/jazzfestivalen-vaxer-med-soul-1.849260\">Dagens Nyheter<\/a> och <a href=\"http:\/\/www.dn.se\/kultur-noje\/musik\/varldsstjarnor-till-jazzfestivalen-1.847887\">Dagens Nyheter 2<\/a>. <a href=\"http:\/\/www.svd.se\/kulturnoje\/nyheter\/artikel_2769875.svd\">Svenska Dagbladet.<\/a><\/p>\n<p><img loading=\"lazy\" decoding=\"async\" src=\"http:\/\/sodergren.com\/kulturbloggen\/wp-content\/uploads\/2009\/04\/erykah-badu600.jpg\" alt=\"erykah-badu600\" title=\"erykah-badu600\" width=\"600\" height=\"200\" class=\"alignright size-full wp-image-8877\" \/><\/p>\n<p>Andra bloggar om: <a href=\"http:\/\/bloggar.se\/om\/Lauryn+Hill\" rel=\"tag\">Lauryn Hill<\/a>, <a href=\"http:\/\/bloggar.se\/om\/Erykah+Badu\" rel=\"tag\">Erykah Badu<\/a>, <a href=\"http:\/\/bloggar.se\/om\/Joss+Stone\" rel=\"tag\">Joss Stone<\/a>, <a href=\"http:\/\/bloggar.se\/om\/Stockholm+Jazz\" rel=\"tag\">Stockholm Jazz<\/a>, <a href=\"http:\/\/bloggar.se\/om\/soul\" rel=\"tag\">soul<\/a>, <a href=\"http:\/\/bloggar.se\/om\/jazz\" rel=\"tag\">jazz<\/a>, <a href=\"http:\/\/bloggar.se\/om\/musik\" rel=\"tag\">musik<\/a>, <a href=\"http:\/\/bloggar.se\/om\/musikfestival\" rel=\"tag\">musikfestival<\/a>, <a href=\"http:\/\/bloggar.se\/om\/Skeppsholmen\" rel=\"tag\">Skeppsholmen<\/a><\/p>\n","protected":false},"excerpt":{"rendered":"<p>Lauryn Hill, Erykah Badu och Joss Stone &#8211; ingen d\u00e5lig trio jazziga damer. De kommer till Stockholms Jazzfestival i sommar. Datum f\u00f6r festivalen: fem heta dagar i juli, 15-19 juli. Nu inskrivet i Kulturbloggens kalender, f\u00f6rst\u00e5s. Jazzfestivalen brukar vara en av de trevligaste och b\u00e4sta festivalerna, nu h\u00e5ller vi tummarna f\u00f6r att den nya ledningen [&hellip;]<\/p>\n","protected":false},"author":2,"featured_media":0,"comment_status":"open","ping_status":"open","sticky":false,"template":"","format":"standard","meta":{"_genesis_hide_title":false,"_genesis_hide_breadcrumbs":false,"_genesis_hide_singular_image":false,"_genesis_hide_footer_widgets":false,"_genesis_custom_body_class":"","_genesis_custom_post_class":"","_genesis_layout":"","footnotes":""},"categories":[7],"tags":[1693,2632,12282,24,5404],"class_list":{"0":"post-8875","1":"post","2":"type-post","3":"status-publish","4":"format-standard","6":"category-musik","7":"tag-festival","8":"tag-jazz","9":"tag-musik","10":"tag-soul-musik","11":"tag-stockholm-jazz","12":"entry"},"_links":{"self":[{"href":"https:\/\/kulturbloggen.com\/index.php?rest_route=\/wp\/v2\/posts\/8875","targetHints":{"allow":["GET"]}}],"collection":[{"href":"https:\/\/kulturbloggen.com\/index.php?rest_route=\/wp\/v2\/posts"}],"about":[{"href":"https:\/\/kulturbloggen.com\/index.php?rest_route=\/wp\/v2\/types\/post"}],"author":[{"embeddable":true,"href":"https:\/\/kulturbloggen.com\/index.php?rest_route=\/wp\/v2\/users\/2"}],"replies":[{"embeddable":true,"href":"https:\/\/kulturbloggen.com\/index.php?rest_route=%2Fwp%2Fv2%2Fcomments&post=8875"}],"version-history":[{"count":0,"href":"https:\/\/kulturbloggen.com\/index.php?rest_route=\/wp\/v2\/posts\/8875\/revisions"}],"wp:attachment":[{"href":"https:\/\/kulturbloggen.com\/index.php?rest_route=%2Fwp%2Fv2%2Fmedia&parent=8875"}],"wp:term":[{"taxonomy":"category","embeddable":true,"href":"https:\/\/kulturbloggen.com\/index.php?rest_route=%2Fwp%2Fv2%2Fcategories&post=8875"},{"taxonomy":"post_tag","embeddable":true,"href":"https:\/\/kulturbloggen.com\/index.php?rest_route=%2Fwp%2Fv2%2Ftags&post=8875"}],"curies":[{"name":"wp","href":"https:\/\/api.w.org\/{rel}","templated":true}]}}