{"id":88739,"date":"2014-10-29T17:02:59","date_gmt":"2014-10-29T15:02:59","guid":{"rendered":"http:\/\/kulturbloggen.com\/?p=88739"},"modified":"2014-10-29T17:02:59","modified_gmt":"2014-10-29T15:02:59","slug":"blood-orange-framforde-it-is-what-it-is-hos-jimmy-kimmel","status":"publish","type":"post","link":"https:\/\/kulturbloggen.com\/?p=88739","title":{"rendered":"Blood Orange framf\u00f6rde &#8221;It Is What It Is&#8221; hos Jimmy Kimmel"},"content":{"rendered":"<p><a href=\"http:\/\/kulturbloggen.com\/wp-content\/uploads\/2014\/10\/bloodorange.jpg\"><img loading=\"lazy\" decoding=\"async\" class=\"aligncenter size-medium wp-image-88740\" src=\"http:\/\/kulturbloggen.com\/wp-content\/uploads\/2014\/10\/bloodorange-300x195.jpg\" alt=\"bloodorange\" width=\"300\" height=\"195\" srcset=\"https:\/\/kulturbloggen.com\/wp-content\/uploads\/2014\/10\/bloodorange-300x195.jpg 300w, https:\/\/kulturbloggen.com\/wp-content\/uploads\/2014\/10\/bloodorange.jpg 960w\" sizes=\"auto, (max-width: 300px) 100vw, 300px\" \/><\/a><\/p>\n<p>Kryckor kanske hindrade Blood Orange, eller Dev Hynes som han egentligen heter, fr\u00e5n att g\u00e5 f\u00f6r fullt\u00a0under Way Out West-spelningen i Slottsskogen i somras. Hans f\u00f6rsta tv-framtr\u00e4dande bj\u00f6d p\u00e5 desto mer dans; if\u00f6rd en tr\u00f6ja med texten\u00a0&#8221;Black Lives Matter&#8221; famf\u00f6rde han\u00a0tillsammans med sin flickv\u00e4n Samantha Urbani och n\u00e5gra bakgrundsdansare <em>It Is What It Is<\/em> fr\u00e5n senaste albumet\u00a0<em>Cupid Deluxe<\/em>.<\/p>\n<p><strong>H\u00e4r kan du se honom framf\u00f6ra <em>It Is What It Is<\/em> hos Jimmy Kimmel:<\/strong><\/p>\n<p><iframe loading=\"lazy\" src=\"\/\/www.youtube.com\/embed\/BPKGp12KSYk\" width=\"560\" height=\"315\" frameborder=\"0\" allowfullscreen=\"allowfullscreen\"><\/iframe><\/p>\n","protected":false},"excerpt":{"rendered":"<p>Kryckor kanske hindrade Blood Orange, eller Dev Hynes som han egentligen heter, fr\u00e5n att g\u00e5 f\u00f6r fullt\u00a0under Way Out West-spelningen i Slottsskogen i somras. Hans f\u00f6rsta tv-framtr\u00e4dande bj\u00f6d p\u00e5 desto mer dans; if\u00f6rd en tr\u00f6ja med texten\u00a0&#8221;Black Lives Matter&#8221; famf\u00f6rde han\u00a0tillsammans med sin flickv\u00e4n Samantha Urbani och n\u00e5gra bakgrundsdansare It Is What It Is fr\u00e5n [&hellip;]<\/p>\n","protected":false},"author":3,"featured_media":0,"comment_status":"open","ping_status":"open","sticky":false,"template":"","format":"standard","meta":{"_genesis_hide_title":false,"_genesis_hide_breadcrumbs":false,"_genesis_hide_singular_image":false,"_genesis_hide_footer_widgets":false,"_genesis_custom_body_class":"","_genesis_custom_post_class":"","_genesis_layout":"","footnotes":""},"categories":[7],"tags":[10308,11554],"class_list":{"0":"post-88739","1":"post","2":"type-post","3":"status-publish","4":"format-standard","6":"category-musik","7":"tag-blood-orange","8":"tag-it-is-what-it-is","9":"entry"},"_links":{"self":[{"href":"https:\/\/kulturbloggen.com\/index.php?rest_route=\/wp\/v2\/posts\/88739","targetHints":{"allow":["GET"]}}],"collection":[{"href":"https:\/\/kulturbloggen.com\/index.php?rest_route=\/wp\/v2\/posts"}],"about":[{"href":"https:\/\/kulturbloggen.com\/index.php?rest_route=\/wp\/v2\/types\/post"}],"author":[{"embeddable":true,"href":"https:\/\/kulturbloggen.com\/index.php?rest_route=\/wp\/v2\/users\/3"}],"replies":[{"embeddable":true,"href":"https:\/\/kulturbloggen.com\/index.php?rest_route=%2Fwp%2Fv2%2Fcomments&post=88739"}],"version-history":[{"count":1,"href":"https:\/\/kulturbloggen.com\/index.php?rest_route=\/wp\/v2\/posts\/88739\/revisions"}],"predecessor-version":[{"id":88741,"href":"https:\/\/kulturbloggen.com\/index.php?rest_route=\/wp\/v2\/posts\/88739\/revisions\/88741"}],"wp:attachment":[{"href":"https:\/\/kulturbloggen.com\/index.php?rest_route=%2Fwp%2Fv2%2Fmedia&parent=88739"}],"wp:term":[{"taxonomy":"category","embeddable":true,"href":"https:\/\/kulturbloggen.com\/index.php?rest_route=%2Fwp%2Fv2%2Fcategories&post=88739"},{"taxonomy":"post_tag","embeddable":true,"href":"https:\/\/kulturbloggen.com\/index.php?rest_route=%2Fwp%2Fv2%2Ftags&post=88739"}],"curies":[{"name":"wp","href":"https:\/\/api.w.org\/{rel}","templated":true}]}}