{"id":88595,"date":"2014-10-29T00:10:43","date_gmt":"2014-10-28T22:10:43","guid":{"rendered":"http:\/\/kulturbloggen.com\/?p=88595"},"modified":"2014-10-26T20:24:09","modified_gmt":"2014-10-26T18:24:09","slug":"sonen-av-jo-nesbo-underhallande-men-skrammande","status":"publish","type":"post","link":"https:\/\/kulturbloggen.com\/?p=88595","title":{"rendered":"Sonen av Jo Nesb\u00f8 &#8211; underh\u00e5llande men skr\u00e4mmande"},"content":{"rendered":"<p><a href=\"http:\/\/kulturbloggen.com\/wp-content\/uploads\/2014\/10\/sonen.jpg\"><img loading=\"lazy\" decoding=\"async\" src=\"http:\/\/kulturbloggen.com\/wp-content\/uploads\/2014\/10\/sonen.jpg\" alt=\"sonen\" width=\"193\" height=\"300\" class=\"aligncenter size-full wp-image-88596\" \/><\/a><\/p>\n<p><strong>Sonen<\/strong><br \/>\nF\u00f6rfattare: Jo Nesb\u00f8<br \/>\nSpr\u00e5k: Svenska Utgiven: 2014-10<br \/>\n\u00d6vers\u00e4ttare: Per Olaisen<br \/>\nFormgivare: Mattias Bostr\u00f6m<br \/>\nISBN: 9789164204363 F\u00f6rlag:<br \/>\nPiratf\u00f6rlaget<\/p>\n<p>Den norske deckarf\u00f6rfattaren Jo Nesb\u00f8 \u00e4r en av v\u00e4rldens stors\u00e4ljare i kriminalhistorier. Han har s\u00e5lt 23 miljoner b\u00f6cker \u00f6ver hela v\u00e4rlden och har toppat New York Times b\u00e4sts\u00e4ljarlista. Han har bland annat skrivit den internationella succ\u00e9serien om Harry Hole. Sonen \u00e4r Jo Nesb\u00f8s tolfte thriller. Men nu \u00e4r det en thriller utan Harry Hole. Ist\u00e4llet dyker det upp en kvinnlig polis, Kari, och en manlig, Simon, som b\u00e4r huvudrollerna i den del av ber\u00e4ttelsen som \u00e4r polisen. Huvudkarakt\u00e4ren d\u00e4remot \u00e4r Sonny Lofthus som \u00e4r en ung man som sitter i f\u00e4ngelse. Han \u00e4r d\u00f6md f\u00f6r flera grova v\u00e5ldsbrott och mord, fast egentligen har han inte utf\u00f6rt dessa brott. Han har erk\u00e4nt dem f\u00f6r att i geng\u00e4ld vara garanterad heroin resten av sitt liv. Han f\u00f6rses med heroin dagligen, trots att han sitter f\u00e4ngslad.<\/p>\n<p>Ber\u00e4ttelsen \u00e4r, som v\u00e4l alla kriminalhistorier av Jo Nesb\u00f8, v\u00e5ldsam. Det \u00e4r blodiga och grymma v\u00e5ldsbrott som sker. Jag blir rent av m\u00f6rkr\u00e4dd n\u00e4r jag l\u00e4ser den. Sonny Lofthus utnyttjas som syndabock f\u00f6r flera mord och utnyttjas av s\u00e5v\u00e4l kriminell maffia som kriminella poliser och politiker.<\/p>\n<p>En dag f\u00e5r dock Sonny reda p\u00e5 att han blivit lurad. F\u00f6ruts\u00e4ttningarna f\u00f6r att han gett upp hela sitt liv \u00e4r falska och han tar p\u00e5 sig rollen som h\u00e4mnare. H\u00f6ga polischefer, f\u00e4ngelsechefer, framst\u00e5ende personer inom n\u00e4ringslivet s\u00e5v\u00e4l som ledare inom brottssyndikaten f\u00e5r se upp. En grym h\u00e4mnare som inte r\u00e4ds n\u00e5got \u00e4r ute efter dem. Alla onda och korrumperade \u00e4r i riskzonen.<\/p>\n<p>Det \u00e4r fascinerande hur f\u00f6rfattaren kan f\u00e5 oss som l\u00e4sare att sympatisera med en h\u00e4mnare som utf\u00f6r s\u00e5 grymma mord p\u00e5 sin h\u00e4mndturn\u00e9. <\/p>\n<p>Funderar p\u00e5 namnet p\u00e5 boken. Visserligen handlar det om en son &#8211; men jag tror det ligger fler associationer i namnet. Sonen, precis som guds son var uts\u00e4nd f\u00f6r att r\u00e4dda m\u00e4nskligheten \u00e4r Sonny Lofthus ute att f\u00f6rg\u00f6ra det onda och p\u00e5 s\u00e5 s\u00e4tt r\u00e4dda det norska samh\u00e4llet, befria det norska samh\u00e4llet fr\u00e5n korruption och ondska.<\/p>\n<p>Deckaren eller ber\u00e4ttelsen \u00e4r sp\u00e4nnande att l\u00e4sa, jag har sv\u00e5rt att slita mig. Det \u00e4r en typisk s\u00e5dan bok som jag helst str\u00e4ckl\u00e4ser. Eftersom flera av Nesb\u00f8s b\u00f6cker nu b\u00f6rjat filmatiseras r\u00e4knar jag kallt med att ocks\u00e5 denna kommer att bli film s\u00e5 sm\u00e5ningom.<\/p>\n<p>Nesb\u00f8 har driv och flyt i sitt s\u00e4tt att ber\u00e4tta. Det r\u00e5der det ingen tvekan om. Men karakt\u00e4rerna \u00e4r r\u00e4tt fyrkantiga. Antingen \u00e4r de onda eller s\u00e5 \u00e4r de goda, antingen \u00e4r de r\u00e4ttskaffens eller s\u00e5 \u00e4r de korrumperade. Det \u00e4r ju inte direkt en bok jag l\u00e4ser f\u00f6r att l\u00e4ra mig mer om m\u00e4nniskors inre liv eller om existentiella fr\u00e5gor. Det \u00e4r en underh\u00e5llande bok och f\u00e5r mig att fundera p\u00e5 hur vi kan p\u00e5verkas och faktiskt sitta och h\u00e5lla med h\u00e4mnaren som ju faktiskt beg\u00e5r r\u00e4tt hemska handlingar. Och ibland skulle jag vilja g\u00f6ra samma sak med alla knarkhandlare.<\/p>\n<p><a href=\"http:\/\/www.expressen.se\/noje\/jo-nesbo-det-handlar-min-nya-romanen-om\/\">H\u00e4r har Expressen intervjuat Nesb\u00f8 om boken.<\/a><\/p>\n<p>Den 29 oktober kl 19 g\u00e4star Jo Nesb\u00f8 Internationell f\u00f6rfattarscen p\u00e5 Kulturhuset i Stockholm f\u00f6r ett samtal med Lotta Olsson fr\u00e5n Dagens Nyheter.<\/p>\n","protected":false},"excerpt":{"rendered":"<p>Sonen F\u00f6rfattare: Jo Nesb\u00f8 Spr\u00e5k: Svenska Utgiven: 2014-10 \u00d6vers\u00e4ttare: Per Olaisen Formgivare: Mattias Bostr\u00f6m ISBN: 9789164204363 F\u00f6rlag: Piratf\u00f6rlaget Den norske deckarf\u00f6rfattaren Jo Nesb\u00f8 \u00e4r en av v\u00e4rldens stors\u00e4ljare i kriminalhistorier. Han har s\u00e5lt 23 miljoner b\u00f6cker \u00f6ver hela v\u00e4rlden och har toppat New York Times b\u00e4sts\u00e4ljarlista. Han har bland annat skrivit den internationella succ\u00e9serien om [&hellip;]<\/p>\n","protected":false},"author":2,"featured_media":0,"comment_status":"open","ping_status":"open","sticky":false,"template":"","format":"standard","meta":{"_genesis_hide_title":false,"_genesis_hide_breadcrumbs":false,"_genesis_hide_singular_image":false,"_genesis_hide_footer_widgets":false,"_genesis_custom_body_class":"","_genesis_custom_post_class":"","_genesis_layout":"","footnotes":""},"categories":[43,3],"tags":[1197,2674,11544,5846],"class_list":{"0":"post-88595","1":"post","2":"type-post","3":"status-publish","4":"format-standard","6":"category-bokrecension","7":"category-litteratur","8":"tag-deckare","9":"tag-jo-nesb","10":"tag-sonen","11":"tag-thriller","12":"entry"},"_links":{"self":[{"href":"https:\/\/kulturbloggen.com\/index.php?rest_route=\/wp\/v2\/posts\/88595","targetHints":{"allow":["GET"]}}],"collection":[{"href":"https:\/\/kulturbloggen.com\/index.php?rest_route=\/wp\/v2\/posts"}],"about":[{"href":"https:\/\/kulturbloggen.com\/index.php?rest_route=\/wp\/v2\/types\/post"}],"author":[{"embeddable":true,"href":"https:\/\/kulturbloggen.com\/index.php?rest_route=\/wp\/v2\/users\/2"}],"replies":[{"embeddable":true,"href":"https:\/\/kulturbloggen.com\/index.php?rest_route=%2Fwp%2Fv2%2Fcomments&post=88595"}],"version-history":[{"count":8,"href":"https:\/\/kulturbloggen.com\/index.php?rest_route=\/wp\/v2\/posts\/88595\/revisions"}],"predecessor-version":[{"id":88679,"href":"https:\/\/kulturbloggen.com\/index.php?rest_route=\/wp\/v2\/posts\/88595\/revisions\/88679"}],"wp:attachment":[{"href":"https:\/\/kulturbloggen.com\/index.php?rest_route=%2Fwp%2Fv2%2Fmedia&parent=88595"}],"wp:term":[{"taxonomy":"category","embeddable":true,"href":"https:\/\/kulturbloggen.com\/index.php?rest_route=%2Fwp%2Fv2%2Fcategories&post=88595"},{"taxonomy":"post_tag","embeddable":true,"href":"https:\/\/kulturbloggen.com\/index.php?rest_route=%2Fwp%2Fv2%2Ftags&post=88595"}],"curies":[{"name":"wp","href":"https:\/\/api.w.org\/{rel}","templated":true}]}}