{"id":8813,"date":"2009-04-19T10:52:28","date_gmt":"2009-04-19T08:52:28","guid":{"rendered":"http:\/\/kulturbloggen.com\/?p=8813"},"modified":"2009-04-19T10:52:28","modified_gmt":"2009-04-19T08:52:28","slug":"i-parasiternas-paradis-maste-wolodarski-med-kumpaner-vara-de-storsta-parasiterna","status":"publish","type":"post","link":"https:\/\/kulturbloggen.com\/?p=8813","title":{"rendered":"I parasiternas paradis m\u00e5ste Wolodarski med kumpaner vara de st\u00f6rsta parasiterna"},"content":{"rendered":"<p><img loading=\"lazy\" decoding=\"async\" class=\"alignright size-full wp-image-8815\" title=\"dnpolitik290\" src=\"http:\/\/sodergren.com\/kulturbloggen\/wp-content\/uploads\/2009\/04\/dnpolitik290.jpg\" alt=\"dnpolitik290\" width=\"290\" height=\"200\" \/><br \/>\nGoogle \u00e4r en parasit, f\u00f6r f\u00f6retaget lever p\u00e5 andras arbete. <a href=\"http:\/\/www.dn.se\/opinion\/signerat\/parasiternas-paradis-1.847323\">Menar DN:s ledarchef Peter Wolodarski.<\/a> Att domen mot Pirate Bay bara \u00e4r startskottet mot ett stort enat anfall mot Internet som ger fler r\u00f6ster m\u00f6jlighet att h\u00f6ras, det var v\u00e4ntat.<br \/>\nDN tar t\u00e4ten tror jag och visar att n\u00e4sta m\u00e5l att f\u00e4lla \u00e4r s\u00f6kmotorer som Google.<br \/>\nMen stopp ett tag: N\u00e4r en politiker kallar till presskonferens och journalister rapporterar d\u00e4rifr\u00e5n: vad g\u00f6r de om inte parasiterar p\u00e5 andras arbete, i det h\u00e4r fallet politikers?<br \/>\n<!--more--><br \/>\nJa varje g\u00e5ng en person blir intervjuad eller omskriven i en tidning drar v\u00e4l tidningen nytta av den personens arbete? P\u00e5 s\u00e5 s\u00e4tt \u00e4r ju &#8221;gammelmedierna&#8221; de st\u00f6rsta parasiterna eftersom de f\u00f6rs\u00f6rjer sig v\u00e4l p\u00e5 detta. De f\u00f6rs\u00f6ker ju ocks\u00e5 suga ut alla andra som f\u00f6rs\u00f6ker genom att ha sitt mediemonopol.<\/p>\n<p>Mellan medierna finns en kutym om citatr\u00e4tt, det vill s\u00e4ga att n\u00e5gra meningar som \u00e4r relevanta f\u00e5r man citera. Men n\u00e4r det nu b\u00f6rjar anv\u00e4ndas utanf\u00f6r den egna kretsen verkar det inte riktigt g\u00e4lla. En annan kutym inom journalistiken \u00e4r att vissa saker anses s\u00e5 allm\u00e4nna nyheter att ingen kan &#8221;\u00e4ga dem&#8221;. De \u00e4r OK att skriva om utan att ange k\u00e4lla f\u00f6r att alla k\u00e4nner till dem.<\/p>\n<p>Nu ska vi inte gl\u00f6mma att medierna i stort sett v\u00e4rlden \u00f6ver till nittionio procent skildar och rapporterar  om samma saker och g\u00f6r samma urval. Samtidigt sker o\u00e4ndligt massa andra saker &#8211; som inte rapporteras om f\u00f6r att redaktionschefer och medie\u00e4gare inte \u00e4r intresserade av det. Det kan bero p\u00e5 politiska sk\u00e4l och de kan bero p\u00e5 att de inte bed\u00f6mer att det \u00e4r vinstgivande att skriva om det.<\/p>\n<p>Till exempel finns det otroligt f\u00e5 m\u00e4nniskor med i medier som inte \u00e4r artister, k\u00e4ndisar eller politiker. Att det finns m\u00e4nniskor som arbetar p\u00e5 hotell, fiskefabriker, som taxichauff\u00f6rer, som f\u00f6rskoll\u00e4rare det kan man knappt tro om man l\u00e4ser dagens tidningar. Att det finns en v\u00e4rld utanf\u00f6r USA kan man knappt tro heller. Ok, n\u00e5gon g\u00e5ng n\u00e4mns Frankrike och Storbritannien och kanske ocks\u00e5 Tyskland. Men var h\u00e4nder i Finland, p\u00e5 Island, i Norge, i Afrika, i Kroatien, Ungern &#8230; Nej det \u00e4r inte mycket alls vi f\u00e5r reda p\u00e5. Inte ens om v\u00e5ra EU-grannar.<\/p>\n<p>Vi ska inte gl\u00f6mma att inom journalistikens korridor finns en makthierarki. Det inte ens en procent av journalister som ens sj\u00e4lva f\u00e5r best\u00e4mma vad de ska rapportera om, tror jag. Eller OK, kanske det \u00e4r fem procent. F\u00e5 \u00e4r det i alla fall.<\/p>\n<p>Vi inte heller gl\u00f6mma att DN \u00e4r ett vinstgivande f\u00f6retag, f\u00f6rhoppningsvis samtidigt som f\u00f6retaget har sin tydliga politiska agenda. Som inte enbart sl\u00e5r igenom p\u00e5 ledarsidorna. L\u00e5ngt ifr\u00e5n. Se bara dagens f\u00f6rstasida p\u00e5 dn.se p\u00e5 morgonen: glada bilder p\u00e5 trevliga partiledare f\u00f6r h\u00f6gerregeringen &#8211;  och att opinionssiffrorna <a href=\"http:\/\/www.dn.se\/nyheter\/politik\/alliansen-drar-ikapp-och-forbi-de-rodgrona-1.847312\">beskrivs i DN<\/a> som &#8221;alliansen drar ifr\u00e5n&#8221; och &#8221;oppositionens ledning minimal&#8221; n\u00e4r S+Mp+V leder.<\/p>\n<p><a href=\"http:\/\/bloggtidningen.se\/?p=2629\">I Bloggtidningen har jag tagit upp de amerikanska mediernas kampanj mot Google<\/a>. Och nu har uppenbarligen DN:s Wolodarski tagit taktpinnen f\u00f6r samma kamp i Sverige. Kampen f\u00f6r att ta bort friheten fr\u00e5n Internet och f\u00f6rvandla den till en kabel-tv-kanal d\u00e4r du m\u00e5ste k\u00f6pa utrymme har b\u00f6rjat och d\u00e4r ingen l\u00e4ngre f\u00e5r l\u00e4nka till n\u00e5gon utan att betala saftiga avgifter till Wolodarski med v\u00e4nner.<\/p>\n<p><a href=\"http:\/\/stockholm.cafebabel.com\/sv\/post\/2009\/04\/19\/Mediernas-inneh%C3%A5llskris\">Caf\u00e9 Babel utvecklar ocks\u00e5 resonemanget kring Wolodarskis utspel<\/a>:<\/p>\n<p>Mediernas kris kommer fr\u00e4mst ifr\u00e5n inneh\u00e5llet. Konsumenterna j\u00e4mf\u00f6r den svenska tidningen med en global mediemarknad och ut\u00f6kat av bloggosf\u00e4ren. RSS-l\u00e4saren \u00e4r den nya tidningen. Wolodarski har r\u00e4tt att inneh\u00e5llet m\u00e5ste skapas upp p\u00e5 ett professionellt s\u00e4tt. Tyv\u00e4rr finns det fr\u00e5getecken att r\u00e4ta ut kring mediernas inneh\u00e5llskris.<\/p>\n<blockquote><p>Utrikesjournalistiken l\u00e4mnas \u00f6ver till nyhetsbyr\u00e5er som TT, vi <a hreflang=\"sv\" href=\"http:\/\/stockholm.cafebabel.com\/sv\/post\/2009\/01\/20\/Varldsreporten-ateruppstar\">saknar gamla tiders v\u00e4rldsreportrar<\/a>. Johan Hedin p\u00e5 <a hreflang=\"sv\" href=\"http:\/\/peaceloveandcapitalism.blogspot.com\/2009\/04\/journalistiken-bloggarna-och.html\">Peace, Love and Capitalism uppm\u00e4rksammar problemet om att den politiska journalistiken \u00e4r grund och ensidig<\/a>. H\u00e4r har vi nog en del av fallet i int\u00e4kter, det finns m\u00e5nga fler medier \u00e4n n\u00e5gonsin att sprida annonser p\u00e5 och f\u00f6r konsumenterna att v\u00e4lja mellan, ledde till en redaktionell och publicistisk f\u00f6r\u00e4ndring. M\u00e5nga medier, men sv\u00e5rt att beh\u00e5lla l\u00e4sare, lyssnare, tittare d\u00e5 det \u00e4r sv\u00e5rt att n\u00e5 upp till den kvalitet som skapar trohet.<\/p><\/blockquote>\n<p><a href=\"http:\/\/patrikrydman.blogspot.com\/2009\/04\/det-ar-alltsa-peders-fel.html\">Patrik<\/a> har ocks\u00e5 bloggat i \u00e4mnet.<\/p>\n<p>Andra bloggar om: <a href=\"http:\/\/bloggar.se\/om\/debatt\" rel=\"tag\">debatt<\/a>, <a href=\"http:\/\/bloggar.se\/om\/medier\" rel=\"tag\">medier<\/a>, <a href=\"http:\/\/bloggar.se\/om\/DN\" rel=\"tag\">DN<\/a>, <a href=\"http:\/\/bloggar.se\/om\/journalistik\" rel=\"tag\">journalistik<\/a>, <a href=\"http:\/\/bloggar.se\/om\/Google\" rel=\"tag\">Google<\/a>, <a href=\"http:\/\/bloggar.se\/om\/Wolodarski\" rel=\"tag\">Wolodarski<\/a><\/p>\n","protected":false},"excerpt":{"rendered":"<p>Google \u00e4r en parasit, f\u00f6r f\u00f6retaget lever p\u00e5 andras arbete. Menar DN:s ledarchef Peter Wolodarski. Att domen mot Pirate Bay bara \u00e4r startskottet mot ett stort enat anfall mot Internet som ger fler r\u00f6ster m\u00f6jlighet att h\u00f6ras, det var v\u00e4ntat. DN tar t\u00e4ten tror jag och visar att n\u00e4sta m\u00e5l att f\u00e4lla \u00e4r s\u00f6kmotorer som [&hellip;]<\/p>\n","protected":false},"author":2,"featured_media":0,"comment_status":"open","ping_status":"open","sticky":false,"template":"","format":"standard","meta":{"_genesis_hide_title":false,"_genesis_hide_breadcrumbs":false,"_genesis_hide_singular_image":false,"_genesis_hide_footer_widgets":false,"_genesis_custom_body_class":"","_genesis_custom_post_class":"","_genesis_layout":"","footnotes":""},"categories":[62],"tags":[1191,1319,2043,2765,3582],"class_list":{"0":"post-8813","1":"post","2":"type-post","3":"status-publish","4":"format-standard","6":"category-medie-och-kulturpolitik","7":"tag-debatt","8":"tag-dn","9":"tag-google","10":"tag-journalistik","11":"tag-medier","12":"entry"},"_links":{"self":[{"href":"https:\/\/kulturbloggen.com\/index.php?rest_route=\/wp\/v2\/posts\/8813","targetHints":{"allow":["GET"]}}],"collection":[{"href":"https:\/\/kulturbloggen.com\/index.php?rest_route=\/wp\/v2\/posts"}],"about":[{"href":"https:\/\/kulturbloggen.com\/index.php?rest_route=\/wp\/v2\/types\/post"}],"author":[{"embeddable":true,"href":"https:\/\/kulturbloggen.com\/index.php?rest_route=\/wp\/v2\/users\/2"}],"replies":[{"embeddable":true,"href":"https:\/\/kulturbloggen.com\/index.php?rest_route=%2Fwp%2Fv2%2Fcomments&post=8813"}],"version-history":[{"count":0,"href":"https:\/\/kulturbloggen.com\/index.php?rest_route=\/wp\/v2\/posts\/8813\/revisions"}],"wp:attachment":[{"href":"https:\/\/kulturbloggen.com\/index.php?rest_route=%2Fwp%2Fv2%2Fmedia&parent=8813"}],"wp:term":[{"taxonomy":"category","embeddable":true,"href":"https:\/\/kulturbloggen.com\/index.php?rest_route=%2Fwp%2Fv2%2Fcategories&post=8813"},{"taxonomy":"post_tag","embeddable":true,"href":"https:\/\/kulturbloggen.com\/index.php?rest_route=%2Fwp%2Fv2%2Ftags&post=8813"}],"curies":[{"name":"wp","href":"https:\/\/api.w.org\/{rel}","templated":true}]}}