{"id":88085,"date":"2014-10-08T10:18:58","date_gmt":"2014-10-08T08:18:58","guid":{"rendered":"http:\/\/kulturbloggen.com\/?p=88085"},"modified":"2014-10-08T13:31:17","modified_gmt":"2014-10-08T11:31:17","slug":"titta-urban-cone-sadness-disease","status":"publish","type":"post","link":"https:\/\/kulturbloggen.com\/?p=88085","title":{"rendered":"Titta: Urban Cone &#8211; Sadness Disease"},"content":{"rendered":"<p><a href=\"http:\/\/kulturbloggen.com\/wp-content\/uploads\/2014\/10\/Urban-ConeMain3_PhotoJohnArthurLOW.jpg\"><img loading=\"lazy\" decoding=\"async\" class=\"aligncenter size-medium wp-image-88100\" src=\"http:\/\/kulturbloggen.com\/wp-content\/uploads\/2014\/10\/Urban-ConeMain3_PhotoJohnArthurLOW-300x200.jpg\" alt=\"Urban ConeMain3_PhotoJohnArthurLOW\" width=\"300\" height=\"200\" srcset=\"https:\/\/kulturbloggen.com\/wp-content\/uploads\/2014\/10\/Urban-ConeMain3_PhotoJohnArthurLOW-300x200.jpg 300w, https:\/\/kulturbloggen.com\/wp-content\/uploads\/2014\/10\/Urban-ConeMain3_PhotoJohnArthurLOW-1024x682.jpg 1024w, https:\/\/kulturbloggen.com\/wp-content\/uploads\/2014\/10\/Urban-ConeMain3_PhotoJohnArthurLOW.jpg 1200w\" sizes=\"auto, (max-width: 300px) 100vw, 300px\" \/><\/a><\/p>\n<p>Stockholmskvintetten Urban Cone albumdebuterade med <em>Our Youth<\/em> 2012. Nu har de delat med sig av en musikvideo till sin nya singel <em>Sadness Disease<\/em> som du kan se l\u00e4ngre ned i det h\u00e4r inl\u00e4gget. Vi st\u00e4llde fem\u00a0snabba fr\u00e5gor till bandet:<\/p>\n<p><strong>Det var ett tag sedan vi h\u00f6rde fr\u00e5n er, men nu har ni sl\u00e4ppt den nya singeln <em>Sadness Disease<\/em>. Vad kan vi f\u00f6rv\u00e4nta oss av er fram\u00f6ver?<\/strong><\/p>\n<p>&#8211; <em>Sadness Disease<\/em> \u00e4r den f\u00f6rsta singeln fr\u00e5n v\u00e5r skiva som kommer i b\u00f6rjan av n\u00e4sta \u00e5r. Vi kommer spela live nu en del av det som \u00e4r kvar av \u00e5ret och n\u00e4sta \u00e5r kommer vi dra ut p\u00e5 turn\u00e9. Vi saknar turnerandet v\u00e4ldigt mycket!<\/p>\n<p><strong>Ber\u00e4tta om bakgrunden till <em>Sadness Disease.<\/em>\u00a0Hur kom l\u00e5ten till och vad ville ni uttrycka med den?<\/strong><\/p>\n<p>&#8211; Id\u00e9en bakom <em>Sadness Disease<\/em> \u00e4r det sjuka idealet vi lever med varje dag. Att k\u00e4nna sig ful, otillr\u00e4cklig, ha prestations\u00e5ngest. Hur destruktivt det \u00e4r. Perfektion existerar inte och det \u00e4r n\u00e5got vi \u00f6nskar kunna f\u00f6rmedla. \u00c4ven om det finns en hel del melankoli i texten finns det en massa gl\u00e4dje i musiken. T.ex. lead-synthen i l\u00e5ten \u00e4r en delfin som \u00e4r samplad och vi har aldrig haft s\u00e5 roligt som vi hade n\u00e4r vi spelade in den h\u00e4r l\u00e5ten. Man kan t.o.m. h\u00f6ra oss gl\u00e4djeskrika i outrot av l\u00e5ten.<\/p>\n<p><strong>Ber\u00e4tta lite om id\u00e9n bakom och inspelningen av musikvideon?<\/strong><\/p>\n<p>&#8211; Vi vill att folk ska bli glada och vilja dansa av v\u00e5r musik. \u00c4ven om <em>Sadness Disease<\/em> har en tyngre sida, var ambitionen alltid att den ska g\u00f6ra dig glad. Musikvideon handlar om en tjej som \u00e4r inlagd p\u00e5 ett sjukhus. Hon \u00e4r deprimerad och k\u00e4nner sig just otillr\u00e4cklig. Vi bryter oss in p\u00e5 sjukhuset och tar henne till ett st\u00e4lle med massa k\u00e4rlek och musik.<\/p>\n<p><strong>P\u00e5 vilka s\u00e4tt har ni som band utvecklats sedan ni sl\u00e4ppte ert debutalbum? <\/strong><\/p>\n<p>&#8211; Vi har utvecklats s\u00e5 otroligt mycket. Allra mest av varandra. Vi har skrattat, gr\u00e5tit och skrikit p\u00e5 varandra och verkligen insett hur mycket vi beh\u00f6ver varann. Det fanns en tid d\u00e5 vi inte trodde att vi skulle kunna forts\u00e4tta som band. Vi beh\u00f6vde g\u00f6ra n\u00e5got drastiskt och vi besl\u00f6t oss f\u00f6r att i princip bos\u00e4tta oss i studion f\u00f6r att hitta varann igen. Genom musiken och gl\u00e4djen vi finner i att g\u00f6ra musik med varandra, kom vi ur det starkare \u00e4n n\u00e5gonsin.<\/p>\n<p><strong>Har dynamiken mellan er som grupp f\u00f6r\u00e4ndrats? Har n\u00e5gra nya influenser smugit sig in i ert sound?<\/strong><\/p>\n<p>&#8211; Vi har varit ute och turnerat s\u00e5 galet mycket efter v\u00e5r f\u00f6rsta skiva. Och det \u00e4r just det som f\u00e5tt oss att hitta vad vi tycker \u00e4r v\u00e5rt r\u00e4tta sound. Det ska vara organiskt och det ska vara en massa spelgl\u00e4dje. I princip allting du h\u00f6r i <em>Sadness Disease<\/em> och kommer h\u00f6ra p\u00e5 v\u00e5r skiva \u00e4r live. Vi v\u00e5gar \u00e4ven utlova en del gl\u00e4djerop!<\/p>\n<p><iframe loading=\"lazy\" src=\"\/\/www.youtube.com\/embed\/oilGb3yL1ds\" width=\"560\" height=\"315\" frameborder=\"0\" allowfullscreen=\"allowfullscreen\"><\/iframe><\/p>\n","protected":false},"excerpt":{"rendered":"<p>Stockholmskvintetten Urban Cone albumdebuterade med Our Youth 2012. Nu har de delat med sig av en musikvideo till sin nya singel Sadness Disease som du kan se l\u00e4ngre ned i det h\u00e4r inl\u00e4gget. Vi st\u00e4llde fem\u00a0snabba fr\u00e5gor till bandet: Det var ett tag sedan vi h\u00f6rde fr\u00e5n er, men nu har ni sl\u00e4ppt den nya [&hellip;]<\/p>\n","protected":false},"author":13,"featured_media":0,"comment_status":"open","ping_status":"open","sticky":false,"template":"","format":"standard","meta":{"_genesis_hide_title":false,"_genesis_hide_breadcrumbs":false,"_genesis_hide_singular_image":false,"_genesis_hide_footer_widgets":false,"_genesis_custom_body_class":"","_genesis_custom_post_class":"","_genesis_layout":"","footnotes":""},"categories":[7],"tags":[11462,6120],"class_list":{"0":"post-88085","1":"post","2":"type-post","3":"status-publish","4":"format-standard","6":"category-musik","7":"tag-sadness-disease","8":"tag-urban-cone","9":"entry"},"_links":{"self":[{"href":"https:\/\/kulturbloggen.com\/index.php?rest_route=\/wp\/v2\/posts\/88085","targetHints":{"allow":["GET"]}}],"collection":[{"href":"https:\/\/kulturbloggen.com\/index.php?rest_route=\/wp\/v2\/posts"}],"about":[{"href":"https:\/\/kulturbloggen.com\/index.php?rest_route=\/wp\/v2\/types\/post"}],"author":[{"embeddable":true,"href":"https:\/\/kulturbloggen.com\/index.php?rest_route=\/wp\/v2\/users\/13"}],"replies":[{"embeddable":true,"href":"https:\/\/kulturbloggen.com\/index.php?rest_route=%2Fwp%2Fv2%2Fcomments&post=88085"}],"version-history":[{"count":3,"href":"https:\/\/kulturbloggen.com\/index.php?rest_route=\/wp\/v2\/posts\/88085\/revisions"}],"predecessor-version":[{"id":88102,"href":"https:\/\/kulturbloggen.com\/index.php?rest_route=\/wp\/v2\/posts\/88085\/revisions\/88102"}],"wp:attachment":[{"href":"https:\/\/kulturbloggen.com\/index.php?rest_route=%2Fwp%2Fv2%2Fmedia&parent=88085"}],"wp:term":[{"taxonomy":"category","embeddable":true,"href":"https:\/\/kulturbloggen.com\/index.php?rest_route=%2Fwp%2Fv2%2Fcategories&post=88085"},{"taxonomy":"post_tag","embeddable":true,"href":"https:\/\/kulturbloggen.com\/index.php?rest_route=%2Fwp%2Fv2%2Ftags&post=88085"}],"curies":[{"name":"wp","href":"https:\/\/api.w.org\/{rel}","templated":true}]}}