{"id":8806,"date":"2009-04-18T23:49:14","date_gmt":"2009-04-18T22:49:14","guid":{"rendered":"http:\/\/kulturbloggen.com\/?p=8806"},"modified":"2009-04-18T23:49:14","modified_gmt":"2009-04-18T22:49:14","slug":"pa-mandag-tanker-iran-avratta-en-ung-flicka-har-kan-du-protestera","status":"publish","type":"post","link":"https:\/\/kulturbloggen.com\/?p=8806","title":{"rendered":"P\u00e5 m\u00e5ndag t\u00e4nker Iran avr\u00e4tta en ung flicka &#8211; h\u00e4r kan du protestera"},"content":{"rendered":"<p><img loading=\"lazy\" decoding=\"async\" src=\"http:\/\/sodergren.com\/kulturbloggen\/wp-content\/uploads\/2009\/04\/iran-delara-darabi290.jpg\" alt=\"iran-delara-darabi290\" title=\"iran-delara-darabi290\" width=\"290\" height=\"200\" class=\"alignright size-full wp-image-8808\" \/><br \/>\nSedan 1990 har Iran avr\u00e4ttat \u00e5tminstone 42 f\u00e5ngar som varit minder\u00e5riga, under 18 \u00e5r, n\u00e4r brottet de d\u00f6mdes f\u00f6r begicks. 2008 avr\u00e4ttades \u00e5tta ungdomsbrottslingar och hittills i \u00e5r har en avr\u00e4ttats.<br \/>\nP\u00e5 m\u00e5ndag t\u00e4nker Iran avr\u00e4tta 2o-\u00e5riga Delara Darabi som d\u00f6mts mot sitt nekande.<br \/>\n<!--more--><br \/>\nN\u00e4r myndigheterna i Iran avr\u00e4ttar ungdomsbrottslingar bryter de mot FN:s konvention om medborgerliga och politiska r\u00e4ttigheter och FN:s<br \/>\nbarnkonvention, som f\u00f6rbjuder d\u00f6dsstraff f\u00f6r brott beg\u00e5ngna av ungdomar under 18 \u00e5r. Iran har anslutit sig till b\u00e4gge konventionerna.<\/p>\n<p><a href=\"http:\/\/www.aftonbladet.se\/nyheter\/article4937554.ab\">Aftonbladet ber\u00e4ttar om Delara Darabi<\/a>:<\/p>\n<blockquote><p>Trots att hon nekar till mordet hon anklagas f\u00f6r att ha beg\u00e5tt. Och trots att hon bara var 17 \u00e5r d\u00e5 hon ska ha utf\u00f6rt det.<br \/>\nTvingades erk\u00e4nna<\/p>\n<p>I st\u00e4llet ska mordet p\u00e5 Delaras fars kusin ha beg\u00e5tts av hennes d\u00e5varande 19-\u00e5riga pojkv\u00e4n Amir Hossein. Han ska ha tvingat henne att erk\u00e4nna mordet f\u00f6r att skydda sin honom fr\u00e5n att avr\u00e4ttas. Han sade att hon var f\u00f6r ung f\u00f6r att d\u00f6mas till d\u00f6dsstraff.<\/p>\n<p>Men trots att hon ganska omg\u00e5ende tog tillbaka sitt erk\u00e4nnande d\u00f6mdes hon av domstol till d\u00f6den 2003.<\/p><\/blockquote>\n<p><a href=\"http:\/\/www.amnesty.org\/en\/news-and-updates\/news\/Delara-Darabi-20070625\">Amnesty International tar ocks\u00e5 upp fallet<\/a>.<br \/>\n<a href=\"http:\/\/www.newsdesk.se\/pressroom\/amnesty_international__svenska_sektionen\/pressrelease\/view\/iran-hon-ska-avraettas-foer-ett-brott-som-begicks-daa-hon-var-17-aar-287190\">H\u00e4r ett utf\u00f6rligt pressmeddelande om fallet hos Newsdesk.<\/a><br \/>\n<a href=\"http:\/\/www2.amnesty.se\/uaonnet.nsf\/senastezope\/826747952C2E252BC125759400480191?opendocument\"><br \/>\n<strong>H\u00e4r finns en l\u00e4nk d\u00e4r du kan f\u00e5 anvisningar hur du kan protestera.<\/strong><\/a><\/p>\n<p>D\u00f6dsstraff \u00e4r alltid fel och i oklara fall och med ungdomar \u00e4r det \u00e4nnu mer avskyv\u00e4rt.<\/p>\n<p><img loading=\"lazy\" decoding=\"async\" src=\"http:\/\/sodergren.com\/kulturbloggen\/wp-content\/uploads\/2009\/04\/iran-delara-darabi600.jpg\" alt=\"iran-delara-darabi600\" title=\"iran-delara-darabi600\" width=\"600\" height=\"200\" class=\"alignright size-full wp-image-8809\" \/><\/p>\n<p>Andra bloggar om: <a href=\"http:\/\/bloggar.se\/om\/politik\" rel=\"tag\">politik<\/a>, <a href=\"http:\/\/bloggar.se\/om\/m%E4nskliga+r%E4ttigheter\" rel=\"tag\">m\u00e4nskliga r\u00e4ttigheter<\/a>, <a href=\"http:\/\/bloggar.se\/om\/d%F6dsstraff\" rel=\"tag\">d\u00f6dsstraff<\/a>, <a href=\"http:\/\/bloggar.se\/om\/Iran\" rel=\"tag\">Iran<\/a>, <a href=\"http:\/\/bloggar.se\/om\/Amnesty\" rel=\"tag\">Amnesty<\/a><\/p>\n","protected":false},"excerpt":{"rendered":"<p>Sedan 1990 har Iran avr\u00e4ttat \u00e5tminstone 42 f\u00e5ngar som varit minder\u00e5riga, under 18 \u00e5r, n\u00e4r brottet de d\u00f6mdes f\u00f6r begicks. 2008 avr\u00e4ttades \u00e5tta ungdomsbrottslingar och hittills i \u00e5r har en avr\u00e4ttats. P\u00e5 m\u00e5ndag t\u00e4nker Iran avr\u00e4tta 2o-\u00e5riga Delara Darabi som d\u00f6mts mot sitt nekande.<\/p>\n","protected":false},"author":2,"featured_media":0,"comment_status":"open","ping_status":"open","sticky":false,"template":"","format":"standard","meta":{"_genesis_hide_title":false,"_genesis_hide_breadcrumbs":false,"_genesis_hide_singular_image":false,"_genesis_hide_footer_widgets":false,"_genesis_custom_body_class":"","_genesis_custom_post_class":"","_genesis_layout":"","footnotes":""},"categories":[20],"tags":[1429,2554,3897,12284],"class_list":{"0":"post-8806","1":"post","2":"type-post","3":"status-publish","4":"format-standard","6":"category-film","7":"tag-dodsstraff","8":"tag-iran","9":"tag-manskliga-rattigheter","10":"tag-politik","11":"entry"},"_links":{"self":[{"href":"https:\/\/kulturbloggen.com\/index.php?rest_route=\/wp\/v2\/posts\/8806","targetHints":{"allow":["GET"]}}],"collection":[{"href":"https:\/\/kulturbloggen.com\/index.php?rest_route=\/wp\/v2\/posts"}],"about":[{"href":"https:\/\/kulturbloggen.com\/index.php?rest_route=\/wp\/v2\/types\/post"}],"author":[{"embeddable":true,"href":"https:\/\/kulturbloggen.com\/index.php?rest_route=\/wp\/v2\/users\/2"}],"replies":[{"embeddable":true,"href":"https:\/\/kulturbloggen.com\/index.php?rest_route=%2Fwp%2Fv2%2Fcomments&post=8806"}],"version-history":[{"count":0,"href":"https:\/\/kulturbloggen.com\/index.php?rest_route=\/wp\/v2\/posts\/8806\/revisions"}],"wp:attachment":[{"href":"https:\/\/kulturbloggen.com\/index.php?rest_route=%2Fwp%2Fv2%2Fmedia&parent=8806"}],"wp:term":[{"taxonomy":"category","embeddable":true,"href":"https:\/\/kulturbloggen.com\/index.php?rest_route=%2Fwp%2Fv2%2Fcategories&post=8806"},{"taxonomy":"post_tag","embeddable":true,"href":"https:\/\/kulturbloggen.com\/index.php?rest_route=%2Fwp%2Fv2%2Ftags&post=8806"}],"curies":[{"name":"wp","href":"https:\/\/api.w.org\/{rel}","templated":true}]}}