{"id":87994,"date":"2014-10-03T19:28:45","date_gmt":"2014-10-03T17:28:45","guid":{"rendered":"http:\/\/kulturbloggen.com\/?p=87994"},"modified":"2014-10-18T09:11:00","modified_gmt":"2014-10-18T07:11:00","slug":"fran-premiaren-av-riskzon-iii-this-is-not-disenyland-pa-orionteatern","status":"publish","type":"post","link":"https:\/\/kulturbloggen.com\/?p=87994","title":{"rendered":"Fr\u00e5n premi\u00e4ren av Riskzon III \u2013 this is not Disneyland p\u00e5 Orionteatern"},"content":{"rendered":"<p><a href=\"http:\/\/kulturbloggen.com\/wp-content\/uploads\/2014\/10\/Risk.jpg\"><img loading=\"lazy\" decoding=\"async\" class=\"aligncenter size-full wp-image-87996\" src=\"http:\/\/kulturbloggen.com\/wp-content\/uploads\/2014\/10\/Risk.jpg\" alt=\"Risk\" width=\"125\" height=\"125\" \/><\/a><\/p>\n<p><a href=\"http:\/\/www.orionteatern.se\/pa-scen\/riskzon-iii\/\" target=\"_blank\">Riskzon III \u2013 this is not Disneyland <\/a><br \/>\nOrionteatern i Stockholm<br \/>\nNypremi\u00e4r den 2 oktober\u00a02014<\/p>\n<p>Det \u00e4r inledningsvis vi f\u00e5r f\u00f6rst\u00e5 att jordklotet m\u00e5 vara runt, men v\u00e5r personliga v\u00e4rldsbild \u00e4r fyrkantigt. En \u00f6verlevnadsstrategi i en egoistisk v\u00e4rld, ett \u201dme-myself and I perspektiv\u201d. Det handlar om du och jag, och om att \u00e4ta eller \u00e4tas, om ett \u201dicke-vi\u201d i en gemensam v\u00e4rld som borde r\u00e4knas som v\u00e5r. Scenen \u00e4r fyrkantigt m\u00f6gelgr\u00f6n med sm\u00e5 avsatser f\u00f6r n\u00e5gra v\u00e4l utvalda att landa p\u00e5, h\u00e4nga p\u00e5 eller g\u00f6mma sig vid. Vackert klagande s\u00e5ng och rytmer, trummas fram i en h\u00e4rlig blandning av Afrikas bruna damm och Arabiens doft av vattenpipa. Eftersom det \u00e4r en nypremi\u00e4r s\u00e5 vet vi fr\u00e5n programbladet att f\u00f6rest\u00e4llningen ska ber\u00f6ra j\u00e4mst\u00e4lldheten i v\u00e5r v\u00e4rld. Upps\u00e4ttning ger rakt igenom smakprov p\u00e5 enskilda personers levnadsf\u00f6rh\u00e5llanden i den fyrkantiga v\u00e4rld som vi kanske tror \u00e4r rund. Snarare har vi platta f\u00f6rest\u00e4llningar kring de r\u00e4ttigheter vi ger oss sj\u00e4lv, n\u00e4r priset m\u00e5ste betalas av n\u00e5gon annan.<\/p>\n<p>F\u00f6rest\u00e4llningen ber\u00f6r verkligen j\u00e4mst\u00e4lldheten genom att de vid flera tillf\u00e4llen \u00e4r m\u00e4nnens styrka i lyft av kvinnor, som ger energin p\u00e5 scen. Han \u00e4r subjektet och hon objektet. De \u00e4r ocks\u00e5 m\u00e4nnen som ofta styr varje enskild liten r\u00f6relse som kvinnan f\u00e5r v\u00e4lja att g\u00f6ra med sin egen kropp. Hon tar sig inte r\u00e4tten, r\u00f6str\u00e4tten i sina egna uttryck. Men f\u00f6rest\u00e4llningen ber\u00f6r verkligen s\u00e5 m\u00e5nga fler v\u00e4rldsproblem som vi alla st\u00e5r inf\u00f6r som medborgare p\u00e5 denna bl\u00e5a planet. Att s\u00e4ga att det enbart ber\u00f6r j\u00e4mst\u00e4lldhet \u00e4r som att enbart fokusera p\u00e5 snabeln, n\u00e4r du har en hel elefant i rummet.<\/p>\n<p>Ett \u00e4mne som k\u00e4nns angel\u00e4get genom hela f\u00f6rest\u00e4llningen, \u00e4r hur dansarna instinktivt v\u00e4ljer eller bortser fr\u00e5n att vilja se eller ta tag i vissa angel\u00e4genheter som de st\u00e5r inf\u00f6r. Sanningen g\u00f6r en inte alltid fri, den g\u00f6r ocks\u00e5 ont. Man g\u00e5r runt problemet, man blundar, man skakar p\u00e5 huvudet, byter riktning och man tittar upp i taket. Man v\u00e4ljer dock alltid en l\u00e4ttare v\u00e4g f\u00f6r sig sj\u00e4lv. Man orkar exempelvis inte med de stark ord som skrivs p\u00e5 v\u00e4ggar utan undviker att l\u00e4sa. Ibland kommer man undan med det, men oftast drabbar det n\u00e5gon annan eller n\u00e5got annat. Bristen p\u00e5 solidaritet i v\u00e5r runda v\u00e4rld, d\u00e4r alla beslut och val har en f\u00f6ljd g\u00f6r sig skr\u00e4mmande p\u00e5mint. F\u00f6ljden av detta \u00e4r att ursprung, oskulden, tilliten, k\u00f6nsroller och moder jord f\u00e5r stryk p\u00e5 ett s\u00e5dant s\u00e4tt att man undrar vad som b\u00f6r \u00e4ndras eller r\u00e4ddas.<\/p>\n<p>Dramatiskt ber\u00f6rs jag starkast av den oskyldiga barnmasken, som med j\u00e4mna mellanrum dansar in. Med \u00f6ppen f\u00f6rv\u00e5nad mun och of\u00f6rst\u00e5ende \u00f6gon, k\u00e4nns det som om de \u00e4r v\u00e5rt inneboende barn som f\u00f6rs\u00f6ker protester. Kan det vara s\u00e5 att det lilla barnet i oss alla \u00e4r ovetande inf\u00f6r konsekvensen av v\u00e5ra sj\u00e4lviska val ibland? Naivt och hj\u00e4lpl\u00f6st kastas barnet runt till starka m\u00e4n, som lirkar, trollar och manipulerar varje steg i processen. Vi tuktas till att t\u00e4nka som en vuxen. Dansen var fantastiskt vacker, om \u00e4n v\u00e4ldigt ot\u00e4ck. Konsten att kunna vara b\u00e5de leal\u00f6s, f\u00f6ljsam och sp\u00e4nstig \u00e4r sannerligen beundransv\u00e4rd.<\/p>\n<p>Det enda som k\u00e4ndes n\u00e5got v\u00e4rldsfr\u00e5nv\u00e4nt i sammanhanget, var koreografens efterpresentation, f\u00f6rklaringar kring ekonomiska st\u00f6d och avst\u00e5ndet mellan Stockholm och \u00d6rebro. \u00c4ven om jag visste att vi inte var p\u00e5 Disneyland, s\u00e5 br\u00f6ts helt f\u00f6rtrollningen efter f\u00f6rest\u00e4llningen som jag g\u00e4rna hade befunnit mig kvar i. N\u00e4r man sett en dansf\u00f6rest\u00e4llning utan p\u00e5tvingade ord, och d\u00e4r \u00f6gat skapat egna f\u00f6rest\u00e4llningar kring handlingen, med hj\u00e4lp av kroppens r\u00f6relser. D\u00e5 vill man inte g\u00e4rna bli skriven p\u00e5 n\u00e4san. I en f\u00f6rest\u00e4llning med s\u00e5 fantastiskt mycket taktk\u00e4nsla, r\u00f6relse och form, var detta, om \u00e4n s\u00e4kert oskyldigt, taktl\u00f6st.<\/p>\n<p>Danskompani: Raande-Vo<br \/>\nKoreograf: Lena Josefsson<\/p>\n<p>Foto: Martin Skoog<\/p>\n","protected":false},"excerpt":{"rendered":"<p>Riskzon III \u2013 this is not Disneyland Orionteatern i Stockholm Nypremi\u00e4r den 2 oktober\u00a02014 Det \u00e4r inledningsvis vi f\u00e5r f\u00f6rst\u00e5 att jordklotet m\u00e5 vara runt, men v\u00e5r personliga v\u00e4rldsbild \u00e4r fyrkantigt. En \u00f6verlevnadsstrategi i en egoistisk v\u00e4rld, ett \u201dme-myself and I perspektiv\u201d. Det handlar om du och jag, och om att \u00e4ta eller \u00e4tas, om [&hellip;]<\/p>\n","protected":false},"author":32,"featured_media":0,"comment_status":"open","ping_status":"open","sticky":false,"template":"","format":"standard","meta":{"_genesis_hide_title":false,"_genesis_hide_breadcrumbs":false,"_genesis_hide_singular_image":false,"_genesis_hide_footer_widgets":false,"_genesis_custom_body_class":"","_genesis_custom_post_class":"","_genesis_layout":"","footnotes":""},"categories":[16,20,30,31],"tags":[],"class_list":{"0":"post-87994","1":"post","2":"type-post","3":"status-publish","4":"format-standard","6":"category-recension","7":"category-film","8":"category-teater","9":"category-teaterrecension","10":"entry"},"_links":{"self":[{"href":"https:\/\/kulturbloggen.com\/index.php?rest_route=\/wp\/v2\/posts\/87994","targetHints":{"allow":["GET"]}}],"collection":[{"href":"https:\/\/kulturbloggen.com\/index.php?rest_route=\/wp\/v2\/posts"}],"about":[{"href":"https:\/\/kulturbloggen.com\/index.php?rest_route=\/wp\/v2\/types\/post"}],"author":[{"embeddable":true,"href":"https:\/\/kulturbloggen.com\/index.php?rest_route=\/wp\/v2\/users\/32"}],"replies":[{"embeddable":true,"href":"https:\/\/kulturbloggen.com\/index.php?rest_route=%2Fwp%2Fv2%2Fcomments&post=87994"}],"version-history":[{"count":6,"href":"https:\/\/kulturbloggen.com\/index.php?rest_route=\/wp\/v2\/posts\/87994\/revisions"}],"predecessor-version":[{"id":88376,"href":"https:\/\/kulturbloggen.com\/index.php?rest_route=\/wp\/v2\/posts\/87994\/revisions\/88376"}],"wp:attachment":[{"href":"https:\/\/kulturbloggen.com\/index.php?rest_route=%2Fwp%2Fv2%2Fmedia&parent=87994"}],"wp:term":[{"taxonomy":"category","embeddable":true,"href":"https:\/\/kulturbloggen.com\/index.php?rest_route=%2Fwp%2Fv2%2Fcategories&post=87994"},{"taxonomy":"post_tag","embeddable":true,"href":"https:\/\/kulturbloggen.com\/index.php?rest_route=%2Fwp%2Fv2%2Ftags&post=87994"}],"curies":[{"name":"wp","href":"https:\/\/api.w.org\/{rel}","templated":true}]}}