{"id":87892,"date":"2014-09-29T10:17:50","date_gmt":"2014-09-29T08:17:50","guid":{"rendered":"http:\/\/kulturbloggen.com\/?p=87892"},"modified":"2014-09-29T10:17:50","modified_gmt":"2014-09-29T08:17:50","slug":"todd-terje-a-winged-victory-for-the-sullen-och-gnucci-till-red-bull-music-academy-weekender","status":"publish","type":"post","link":"https:\/\/kulturbloggen.com\/?p=87892","title":{"rendered":"Todd Terje, A Winged Victory For The Sullen och Gnucci till Red Bull Music Academy Weekender"},"content":{"rendered":"<p><a href=\"http:\/\/kulturbloggen.com\/wp-content\/uploads\/2014\/09\/redbull.jpg\"><img loading=\"lazy\" decoding=\"async\" class=\"aligncenter size-medium wp-image-87893\" src=\"http:\/\/kulturbloggen.com\/wp-content\/uploads\/2014\/09\/redbull-300x199.jpg\" alt=\"redbull\" width=\"300\" height=\"199\" srcset=\"https:\/\/kulturbloggen.com\/wp-content\/uploads\/2014\/09\/redbull-300x199.jpg 300w, https:\/\/kulturbloggen.com\/wp-content\/uploads\/2014\/09\/redbull.jpg 794w\" sizes=\"auto, (max-width: 300px) 100vw, 300px\" \/><\/a><\/p>\n<p>Efter f\u00f6rra \u00e5rets succ\u00e9 med \u00f6ver 10.000 bes\u00f6kare \u00e5terv\u00e4nder musikfestivalen Red Bull Music Academy Weekender f\u00f6r andra \u00e5ret\u00a0i rad till den svenska huvudstaden. \u00d6ver femtio artister kommer upptr\u00e4da p\u00e5 sju scener under festivalhelgen. Nytt f\u00f6r i \u00e5r \u00e4r att allt h\u00e5lls under samma tak; anrika S\u00f6dra Teatern \u00f6ppnar upp samtliga\u00a0scener i byggnaden samtidigt.<\/p>\n<p><em>&#8211; Stockholm befinner sig i absolut framkant och har en unik position p\u00e5 den globala musikscenen, vilket jag tror \u00e4r anledningen till att Red Bull Music Academy Weekender \u00e5terv\u00e4nder hit. Att de i \u00e5r samlar alla konserter p\u00e5 S\u00f6dra Teatern \u00e4r gl\u00e4djande, s\u00e4ger Ingmari Pagenkemper<\/em>, VD och konstn\u00e4rlig ledare p\u00e5 S\u00f6dra Teatern.<\/p>\n<p><strong>Festivalen \u00e4ger rum mellan fredagen den 31 oktober och l\u00f6rdagen den 1 november. Klara artister \u00e4n s\u00e5 l\u00e4nge \u00e4r:<\/strong><\/p>\n<p>Todd Terje, A Winged Victory For The Sullen, Gnucci, Mad Professor, BBC Radiophonic Workshop, Matom, Federation Sound, Krampfhapft, Ivy Lab, Nadya, Kriget, Sandra Mosh, Baba Stiltz, Cleo, Studio Barnhus, The Vinyl Records, Nuno Dos Santos, Ninsun Poli, Korn\u00e9l Kov\u00e1cs, Jin Mustafa, Maya Lourenco, Safari Sound, Masse (The Salazar Brothers), Alo Wala, Johanna Knutsson, Simon Haydo, Ametist, CM von Hauswolff, Nadja Chatti, Octave One, Redshape, Johanna Schneider, Cosmin TRG, Andre Laos.<\/p>\n<p><iframe loading=\"lazy\" src=\"\/\/www.youtube.com\/embed\/v7SwlwUBqoU\" width=\"560\" height=\"315\" frameborder=\"0\" allowfullscreen=\"allowfullscreen\"><\/iframe><\/p>\n","protected":false},"excerpt":{"rendered":"<p>Efter f\u00f6rra \u00e5rets succ\u00e9 med \u00f6ver 10.000 bes\u00f6kare \u00e5terv\u00e4nder musikfestivalen Red Bull Music Academy Weekender f\u00f6r andra \u00e5ret\u00a0i rad till den svenska huvudstaden. \u00d6ver femtio artister kommer upptr\u00e4da p\u00e5 sju scener under festivalhelgen. Nytt f\u00f6r i \u00e5r \u00e4r att allt h\u00e5lls under samma tak; anrika S\u00f6dra Teatern \u00f6ppnar upp samtliga\u00a0scener i byggnaden samtidigt. &#8211; Stockholm [&hellip;]<\/p>\n","protected":false},"author":3,"featured_media":0,"comment_status":"open","ping_status":"open","sticky":false,"template":"","format":"standard","meta":{"_genesis_hide_title":false,"_genesis_hide_breadcrumbs":false,"_genesis_hide_singular_image":false,"_genesis_hide_footer_widgets":false,"_genesis_custom_body_class":"","_genesis_custom_post_class":"","_genesis_layout":"","footnotes":""},"categories":[7],"tags":[11440,11438,5598,11439],"class_list":{"0":"post-87892","1":"post","2":"type-post","3":"status-publish","4":"format-standard","6":"category-musik","7":"tag-a-winged-victory-for-the-sullen","8":"tag-red-bull-music-academy-weekender","9":"tag-sodra-teatern","10":"tag-todd-terje","11":"entry"},"_links":{"self":[{"href":"https:\/\/kulturbloggen.com\/index.php?rest_route=\/wp\/v2\/posts\/87892","targetHints":{"allow":["GET"]}}],"collection":[{"href":"https:\/\/kulturbloggen.com\/index.php?rest_route=\/wp\/v2\/posts"}],"about":[{"href":"https:\/\/kulturbloggen.com\/index.php?rest_route=\/wp\/v2\/types\/post"}],"author":[{"embeddable":true,"href":"https:\/\/kulturbloggen.com\/index.php?rest_route=\/wp\/v2\/users\/3"}],"replies":[{"embeddable":true,"href":"https:\/\/kulturbloggen.com\/index.php?rest_route=%2Fwp%2Fv2%2Fcomments&post=87892"}],"version-history":[{"count":1,"href":"https:\/\/kulturbloggen.com\/index.php?rest_route=\/wp\/v2\/posts\/87892\/revisions"}],"predecessor-version":[{"id":87894,"href":"https:\/\/kulturbloggen.com\/index.php?rest_route=\/wp\/v2\/posts\/87892\/revisions\/87894"}],"wp:attachment":[{"href":"https:\/\/kulturbloggen.com\/index.php?rest_route=%2Fwp%2Fv2%2Fmedia&parent=87892"}],"wp:term":[{"taxonomy":"category","embeddable":true,"href":"https:\/\/kulturbloggen.com\/index.php?rest_route=%2Fwp%2Fv2%2Fcategories&post=87892"},{"taxonomy":"post_tag","embeddable":true,"href":"https:\/\/kulturbloggen.com\/index.php?rest_route=%2Fwp%2Fv2%2Ftags&post=87892"}],"curies":[{"name":"wp","href":"https:\/\/api.w.org\/{rel}","templated":true}]}}