{"id":87823,"date":"2014-09-27T19:18:40","date_gmt":"2014-09-27T17:18:40","guid":{"rendered":"http:\/\/kulturbloggen.com\/?p=87823"},"modified":"2014-09-27T19:19:55","modified_gmt":"2014-09-27T17:19:55","slug":"johan-kinde-berattar-om-sin-sjalvbiografiska-bok","status":"publish","type":"post","link":"https:\/\/kulturbloggen.com\/?p=87823","title":{"rendered":"Johan Kinde ber\u00e4ttar om sin sj\u00e4lvbiografiska bok"},"content":{"rendered":"<p><img loading=\"lazy\" decoding=\"async\" src=\"http:\/\/kulturbloggen.com\/wp-content\/uploads\/2014\/09\/johankinde_passeradennanatt.jpg\" alt=\"johankinde_passeradennanatt\" width=\"179\" height=\"282\" class=\"aligncenter size-full wp-image-87824\" \/><\/p>\n<p>Johan Kinde, en av musikerna bakom Lustans lakejer har kommit ut med en sj\u00e4lvbiografi &#8211; &#8221;<a href=\"http:\/\/www.adlibris.com\/se\/bok\/passera-denna-natt-9789137142562\">Passera denna natt<\/a>&#8221;. Den handlar dock inte till st\u00f6rsta delen om livet som stor popstj\u00e4rna utan om den sv\u00e5ra och djupa depression han hamnade i h\u00f6sten 2007 och d\u00e5 han inte l\u00e4ngre ville leva. <\/p>\n<p>Han samtalade om boken med Annika Broman p\u00e5 Svenska kyrkans scen &#8221;Se m\u00e4nniskan&#8221; p\u00e5 bokm\u00e4ssan i G\u00f6teborg l\u00f6rdag den 27 september. Boken skildrar en \u00e5ngestfylld natt och under den natten ser han tillbaka p\u00e5 sitt liv, vad som h\u00e4nt fram tills depressionen br\u00f6t ut nystas upp i boken.<\/p>\n<p>Johan Kinde ber\u00e4ttade att han i samband med den depressionen fick reda p\u00e5 att han hade bipol\u00e4r sjukdom. Hans pappa hade den sjukdomen och dog p\u00e5 grund av den och Johan Kinde har alltid undermedvetet varit orolig f\u00f6r att han sj\u00e4lv ocks\u00e5 skulle lida av bipolaritet.<\/p>\n<p>&#8211; Boken skildrar en av m\u00e5nga \u00e5ngestfyllda n\u00e4tter d\u00e5 den djupa depressionen kom, ber\u00e4ttade han.<\/p>\n<p>Han ber\u00e4ttade att han tror att han innerst inne vetat att han hade sjukdomen.<br \/>\n&#8211; Kanske \u00e4r det d\u00e4rf\u00f6r jag aldrig gift mig och aldrig \u00f6nskat skaffa barn, sade han.<\/p>\n<p>I boken ber\u00e4ttar han mycket om sin pappa ocks\u00e5.<br \/>\n&#8211; Pappa var en fantastisk pappa n\u00e4r jag och min syster var sm\u00e5 och innan han fick de djupa depressionerna. Sedan blev det jobbigt. Jag var 13 \u00e5r d\u00e5 och i den vevan skilde sig man f\u00f6r\u00e4ldrar.<\/p>\n<p>Johan Kinde ber\u00e4ttade att han haft sj\u00e4lv inte m\u00e4rkt sjukdomen hos sig sj\u00e4lv f\u00f6re 2007.<br \/>\n&#8211; Jag hade s\u00e4kert maniska perioder men det led jag inte av. De maniska perioderna kan vara v\u00e4ldigt h\u00e4rliga. man m\u00e5r v\u00e4ldigt b<a href=\"http:\/\/www.expressen.se\/kronikorer\/lars-lindstrom\/johan-kinde-valde-att-leva-vidare\/\"><\/a>ra och tycker att allt \u00e4r perfekt. <\/p>\n<p>Det \u00e4r de maniska topparna som g\u00f6r sjukdomen s\u00e5 farlig och s\u00e5 l\u00f6msk, menade han.<br \/>\n&#8211; Det \u00e4r det som g\u00f6r den d\u00f6dlig f\u00f6r m\u00e5nga bipol\u00e4ra vill inte bli av med de maniska topparna och vill d\u00e4rf\u00f6r inte medicineras eller ha behandling. Men svackorna, depressionerna, \u00e4r livsfarliga. Pappa kunde g\u00e5 fr\u00e5n toppen till de djupaste dalarna.<\/p>\n<p>Annika Broman fr\u00e5gade honom hur man ska vara som v\u00e4n n\u00e4r n\u00e5gon lider av depression.<br \/>\n&#8211; F\u00f6rs\u00f6ka lyssna, det \u00e4r allt man kan g\u00f6ra, menade Johan Kinde. Men f\u00f6rs\u00f6k vara uppm\u00e4rksam, om m\u00e4nniskan har verkliga tankar p\u00e5 sj\u00e4lvmord m\u00e5ste de f\u00e5 professionell hj\u00e4lp.<\/p>\n<p>I boken ber\u00e4ttar Johan Kinde ocks\u00e5 om att han br\u00e5kar med gud.<br \/>\n&#8211; Om jag hade trott skulle jag ha bett, sade han. Men jag br\u00e5kar ibland med gud och n\u00e4r jag var deprimerad kunde jag fr\u00e5ga honom varf\u00f6r han inte kunde ta mitt liv, jag ville ju inte leva &#8211; och s\u00e5 kunde han l\u00e5ta n\u00e5gon annan leva ist\u00e4llet.<\/p>\n<p>Jag blev nyfiken p\u00e5 boken, speciellt som Annika Broman beskrev den som &#8221;en spr\u00e5kligt magisk bok&#8221;. Men det jag saknade under samtalet var fr\u00e5gor om hur han kom ur den djupa depressionen. Av samtalet tror jag att han \u00e4ter medicin och att det hj\u00e4lper, men Annika Broman fr\u00e5gade inte n\u00e5got kring detta.<\/p>\n<p>Relaterat: Expressen och <\/p>\n","protected":false},"excerpt":{"rendered":"<p>Johan Kinde, en av musikerna bakom Lustans lakejer har kommit ut med en sj\u00e4lvbiografi &#8211; &#8221;Passera denna natt&#8221;. Den handlar dock inte till st\u00f6rsta delen om livet som stor popstj\u00e4rna utan om den sv\u00e5ra och djupa depression han hamnade i h\u00f6sten 2007 och d\u00e5 han inte l\u00e4ngre ville leva. Han samtalade om boken med Annika [&hellip;]<\/p>\n","protected":false},"author":2,"featured_media":0,"comment_status":"open","ping_status":"open","sticky":false,"template":"","format":"standard","meta":{"_genesis_hide_title":false,"_genesis_hide_breadcrumbs":false,"_genesis_hide_singular_image":false,"_genesis_hide_footer_widgets":false,"_genesis_custom_body_class":"","_genesis_custom_post_class":"","_genesis_layout":"","footnotes":""},"categories":[3],"tags":[11433,12280,783,11434,11432,3383,5092],"class_list":{"0":"post-87823","1":"post","2":"type-post","3":"status-publish","4":"format-standard","6":"category-litteratur","7":"tag-bipolar","8":"tag-litteratur","9":"tag-bokmassan","10":"tag-depression","11":"tag-johan-kinde","12":"tag-lustans-lakejer","13":"tag-sjalvbiografi","14":"entry"},"_links":{"self":[{"href":"https:\/\/kulturbloggen.com\/index.php?rest_route=\/wp\/v2\/posts\/87823","targetHints":{"allow":["GET"]}}],"collection":[{"href":"https:\/\/kulturbloggen.com\/index.php?rest_route=\/wp\/v2\/posts"}],"about":[{"href":"https:\/\/kulturbloggen.com\/index.php?rest_route=\/wp\/v2\/types\/post"}],"author":[{"embeddable":true,"href":"https:\/\/kulturbloggen.com\/index.php?rest_route=\/wp\/v2\/users\/2"}],"replies":[{"embeddable":true,"href":"https:\/\/kulturbloggen.com\/index.php?rest_route=%2Fwp%2Fv2%2Fcomments&post=87823"}],"version-history":[{"count":4,"href":"https:\/\/kulturbloggen.com\/index.php?rest_route=\/wp\/v2\/posts\/87823\/revisions"}],"predecessor-version":[{"id":87828,"href":"https:\/\/kulturbloggen.com\/index.php?rest_route=\/wp\/v2\/posts\/87823\/revisions\/87828"}],"wp:attachment":[{"href":"https:\/\/kulturbloggen.com\/index.php?rest_route=%2Fwp%2Fv2%2Fmedia&parent=87823"}],"wp:term":[{"taxonomy":"category","embeddable":true,"href":"https:\/\/kulturbloggen.com\/index.php?rest_route=%2Fwp%2Fv2%2Fcategories&post=87823"},{"taxonomy":"post_tag","embeddable":true,"href":"https:\/\/kulturbloggen.com\/index.php?rest_route=%2Fwp%2Fv2%2Ftags&post=87823"}],"curies":[{"name":"wp","href":"https:\/\/api.w.org\/{rel}","templated":true}]}}