{"id":87747,"date":"2014-09-25T12:39:32","date_gmt":"2014-09-25T10:39:32","guid":{"rendered":"http:\/\/kulturbloggen.com\/?p=87747"},"modified":"2014-09-25T12:39:32","modified_gmt":"2014-09-25T10:39:32","slug":"lyssna-sudakistan-rabia","status":"publish","type":"post","link":"https:\/\/kulturbloggen.com\/?p=87747","title":{"rendered":"Lyssna: Sudakistan &#8211; Rabia"},"content":{"rendered":"<p><a href=\"http:\/\/kulturbloggen.com\/wp-content\/uploads\/2014\/09\/sudakistan.png\"><img loading=\"lazy\" decoding=\"async\" class=\"aligncenter size-medium wp-image-87748\" src=\"http:\/\/kulturbloggen.com\/wp-content\/uploads\/2014\/09\/sudakistan-300x200.png\" alt=\"sudakistan\" width=\"300\" height=\"200\" srcset=\"https:\/\/kulturbloggen.com\/wp-content\/uploads\/2014\/09\/sudakistan-300x200.png 300w, https:\/\/kulturbloggen.com\/wp-content\/uploads\/2014\/09\/sudakistan.png 900w\" sizes=\"auto, (max-width: 300px) 100vw, 300px\" \/><\/a><\/p>\n<p>Stockholmsbaserade latino-garage-kvintetten Sudakistan har\u00a0de senaste \u00e5ren blandat singelsl\u00e4pp hit och dit med energiska spelningar p\u00e5 klubbar runtom i staden. Nu har de spelat in ett debutalbum tillsammans med Jocke \u00c5hlund, f\u00f6rsta singeln fr\u00e5n albumet heter<em> Rabia<\/em> och g\u00e5r att lyssna p\u00e5 h\u00e4r nedan:<\/p>\n<p><iframe loading=\"lazy\" src=\"https:\/\/w.soundcloud.com\/player\/?url=https%3A\/\/api.soundcloud.com\/tracks\/169142171&amp;auto_play=false&amp;hide_related=false&amp;show_comments=true&amp;show_user=true&amp;show_reposts=false&amp;visual=true\" width=\"100%\" height=\"450\" frameborder=\"no\" scrolling=\"no\"><\/iframe><\/p>\n","protected":false},"excerpt":{"rendered":"<p>Stockholmsbaserade latino-garage-kvintetten Sudakistan har\u00a0de senaste \u00e5ren blandat singelsl\u00e4pp hit och dit med energiska spelningar p\u00e5 klubbar runtom i staden. Nu har de spelat in ett debutalbum tillsammans med Jocke \u00c5hlund, f\u00f6rsta singeln fr\u00e5n albumet heter Rabia och g\u00e5r att lyssna p\u00e5 h\u00e4r nedan:<\/p>\n","protected":false},"author":13,"featured_media":0,"comment_status":"open","ping_status":"open","sticky":false,"template":"","format":"standard","meta":{"_genesis_hide_title":false,"_genesis_hide_breadcrumbs":false,"_genesis_hide_singular_image":false,"_genesis_hide_footer_widgets":false,"_genesis_custom_body_class":"","_genesis_custom_post_class":"","_genesis_layout":"","footnotes":""},"categories":[7],"tags":[11421,8945],"class_list":{"0":"post-87747","1":"post","2":"type-post","3":"status-publish","4":"format-standard","6":"category-musik","7":"tag-rabia","8":"tag-sudakistan","9":"entry"},"_links":{"self":[{"href":"https:\/\/kulturbloggen.com\/index.php?rest_route=\/wp\/v2\/posts\/87747","targetHints":{"allow":["GET"]}}],"collection":[{"href":"https:\/\/kulturbloggen.com\/index.php?rest_route=\/wp\/v2\/posts"}],"about":[{"href":"https:\/\/kulturbloggen.com\/index.php?rest_route=\/wp\/v2\/types\/post"}],"author":[{"embeddable":true,"href":"https:\/\/kulturbloggen.com\/index.php?rest_route=\/wp\/v2\/users\/13"}],"replies":[{"embeddable":true,"href":"https:\/\/kulturbloggen.com\/index.php?rest_route=%2Fwp%2Fv2%2Fcomments&post=87747"}],"version-history":[{"count":1,"href":"https:\/\/kulturbloggen.com\/index.php?rest_route=\/wp\/v2\/posts\/87747\/revisions"}],"predecessor-version":[{"id":87749,"href":"https:\/\/kulturbloggen.com\/index.php?rest_route=\/wp\/v2\/posts\/87747\/revisions\/87749"}],"wp:attachment":[{"href":"https:\/\/kulturbloggen.com\/index.php?rest_route=%2Fwp%2Fv2%2Fmedia&parent=87747"}],"wp:term":[{"taxonomy":"category","embeddable":true,"href":"https:\/\/kulturbloggen.com\/index.php?rest_route=%2Fwp%2Fv2%2Fcategories&post=87747"},{"taxonomy":"post_tag","embeddable":true,"href":"https:\/\/kulturbloggen.com\/index.php?rest_route=%2Fwp%2Fv2%2Ftags&post=87747"}],"curies":[{"name":"wp","href":"https:\/\/api.w.org\/{rel}","templated":true}]}}