{"id":8733,"date":"2009-04-17T08:35:36","date_gmt":"2009-04-17T07:35:36","guid":{"rendered":"http:\/\/kulturbloggen.com\/?p=8733"},"modified":"2009-04-17T08:35:36","modified_gmt":"2009-04-17T07:35:36","slug":"kulturfyran-eller-fredagsfyran-med-visst-fokus-pa-musik","status":"publish","type":"post","link":"https:\/\/kulturbloggen.com\/?p=8733","title":{"rendered":"Kulturfyran (eller fredagsfyran) med visst fokus p\u00e5 musik"},"content":{"rendered":"<p><img loading=\"lazy\" decoding=\"async\" class=\"alignright size-full wp-image-8734\" title=\"blockflojt290\" src=\"http:\/\/sodergren.com\/kulturbloggen\/wp-content\/uploads\/2009\/04\/blockflojt290.jpg\" alt=\"blockflojt290\" width=\"290\" height=\"200\" \/><br \/>\nI den svenska bloggosf\u00e4rens barndom fanns det n\u00e5got som hette Fredagsfyran &#8211; och vi \u00e4lskade att svara p\u00e5 dessa fyra fr\u00e5gor.<br \/>\nKulturfyran har varit &#8211; och \u00e4r &#8211; Kulturbloggens f\u00f6rs\u00f6k att g\u00f6ra n\u00e5got liknande fast med mest fokus p\u00e5 kultursaker. Nu verkar det som om Kulturfyran kommer p\u00e5 fredagar (jag har inte haft tid att posta den p\u00e5 onsdagar ett tag). S\u00e5 det f\u00e5r nog blir en Fredagsfyra av Kulturfyran.<br \/>\n\u00c4r ni redo? H\u00e4r \u00e4r veckans fyra fr\u00e5gor:<br \/>\n<!--more--><\/p>\n<p>1. Just nu lyssnar p\u00e5 en recensionsskiva av New Orleansmusikern Allen Touissant. Vad betyder jazz f\u00f6r dig?<\/p>\n<p>2. Vad betyder musik f\u00f6r dig?<\/p>\n<p>3. N\u00e4r jag gick i l\u00e5gstadiet ville jag spela piano, men det fanns ingen kommunal musikskola s\u00e5 det var bara de allra mest musikaliskt beg\u00e5vade som fick spela musikinstrument och alla m\u00e5ste b\u00f6rja med blockfl\u00f6jt n\u00e5got \u00e5r f\u00f6rst. Jag klarade inte testet och fick inte b\u00f6rja spela. Spelar du n\u00e5got musikinstrument?<\/p>\n<p>4. Eftersom vi ska f\u00e5 besked <a href=\"http:\/\/www.aftonbladet.se\/nyheter\/article4917544.ab\">om domen i m\u00e5let<\/a> mot <a href=\"http:\/\/www.dn.se\/kultur-noje\/sensation-om-pirate-bay-frias-1.845874\">Pirate Bay<\/a> undrar jag ocks\u00e5: hur lyssnar du p\u00e5 musik nu f\u00f6r tiden? P\u00e5 datorn? I mp3spelaren? P\u00e5 skivor?<\/p>\n<p>Gl\u00f6m nu inte att l\u00e4mna l\u00e4nken till ditt svar h\u00e4r i en kommentar. Om du dessutom <a href=\"http:\/\/nyligen.se\/pinga.php\">pingar nyligen <\/a>hamnar ditt inl\u00e4gg i blogglistan som ligger precis \u00f6ver kommentarsf\u00e4ltet. Det \u00e4r bra eftersom jag inte sitter vid datorn j\u00e4mt och alla kommentarer modereras innan de kommer ut. Men om du <a href=\"http:\/\/nyligen.se\/pinga.php\">pingar nyligen <\/a>syns din l\u00e4nk snabbare.<\/p>\n<p>Att pinga nyligen \u00e4r j\u00e4ttel\u00e4tt, <a href=\"http:\/\/nyligen.se\/pinga.php\">klicka p\u00e5 l\u00e4nken h\u00e4r<\/a> och fyll bara i din bloggs adress i formul\u00e4ret som finns lite l\u00e4ngre ned p\u00e5 sidan som visas.<\/p>\n<p>Andra bloggar om: <a href=\"http:\/\/bloggar.se\/om\/kulturfyran\" rel=\"tag\">kulturfyran<\/a>, <a href=\"http:\/\/bloggar.se\/om\/musik\" rel=\"tag\">musik<\/a>, <a href=\"http:\/\/bloggar.se\/om\/Pirate+Bay\" rel=\"tag\">Pirate Bay<\/a><\/p>\n<p><img loading=\"lazy\" decoding=\"async\" src=\"http:\/\/sodergren.com\/kulturbloggen\/wp-content\/uploads\/2009\/04\/blockflojt600.jpg\" alt=\"blockflojt600\" title=\"blockflojt600\" width=\"600\" height=\"200\" class=\"alignright size-full wp-image-8735\" \/><\/p>\n","protected":false},"excerpt":{"rendered":"<p>I den svenska bloggosf\u00e4rens barndom fanns det n\u00e5got som hette Fredagsfyran &#8211; och vi \u00e4lskade att svara p\u00e5 dessa fyra fr\u00e5gor. Kulturfyran har varit &#8211; och \u00e4r &#8211; Kulturbloggens f\u00f6rs\u00f6k att g\u00f6ra n\u00e5got liknande fast med mest fokus p\u00e5 kultursaker. Nu verkar det som om Kulturfyran kommer p\u00e5 fredagar (jag har inte haft tid att [&hellip;]<\/p>\n","protected":false},"author":13,"featured_media":0,"comment_status":"open","ping_status":"open","sticky":false,"template":"","format":"standard","meta":{"_genesis_hide_title":false,"_genesis_hide_breadcrumbs":false,"_genesis_hide_singular_image":false,"_genesis_hide_footer_widgets":false,"_genesis_custom_body_class":"","_genesis_custom_post_class":"","_genesis_layout":"","footnotes":""},"categories":[20],"tags":[3095,12282,4372],"class_list":{"0":"post-8733","1":"post","2":"type-post","3":"status-publish","4":"format-standard","6":"category-film","7":"tag-kulturfyran","8":"tag-musik","9":"tag-pirate-bay","10":"entry"},"_links":{"self":[{"href":"https:\/\/kulturbloggen.com\/index.php?rest_route=\/wp\/v2\/posts\/8733","targetHints":{"allow":["GET"]}}],"collection":[{"href":"https:\/\/kulturbloggen.com\/index.php?rest_route=\/wp\/v2\/posts"}],"about":[{"href":"https:\/\/kulturbloggen.com\/index.php?rest_route=\/wp\/v2\/types\/post"}],"author":[{"embeddable":true,"href":"https:\/\/kulturbloggen.com\/index.php?rest_route=\/wp\/v2\/users\/13"}],"replies":[{"embeddable":true,"href":"https:\/\/kulturbloggen.com\/index.php?rest_route=%2Fwp%2Fv2%2Fcomments&post=8733"}],"version-history":[{"count":0,"href":"https:\/\/kulturbloggen.com\/index.php?rest_route=\/wp\/v2\/posts\/8733\/revisions"}],"wp:attachment":[{"href":"https:\/\/kulturbloggen.com\/index.php?rest_route=%2Fwp%2Fv2%2Fmedia&parent=8733"}],"wp:term":[{"taxonomy":"category","embeddable":true,"href":"https:\/\/kulturbloggen.com\/index.php?rest_route=%2Fwp%2Fv2%2Fcategories&post=8733"},{"taxonomy":"post_tag","embeddable":true,"href":"https:\/\/kulturbloggen.com\/index.php?rest_route=%2Fwp%2Fv2%2Ftags&post=8733"}],"curies":[{"name":"wp","href":"https:\/\/api.w.org\/{rel}","templated":true}]}}