{"id":87278,"date":"2014-09-06T11:32:26","date_gmt":"2014-09-06T09:32:26","guid":{"rendered":"http:\/\/kulturbloggen.com\/?p=87278"},"modified":"2014-09-06T11:32:26","modified_gmt":"2014-09-06T09:32:26","slug":"ozz-nujen-gor-comeback-pa-uppsala-stadsteater-i-farsen-tva-herrars-tjanare","status":"publish","type":"post","link":"https:\/\/kulturbloggen.com\/?p=87278","title":{"rendered":"\u00d6zz N\u00fbjen g\u00f6r comeback p\u00e5 Uppsala stadsteater i farsen Tv\u00e5 herrars tj\u00e4nare"},"content":{"rendered":"<p><a href=\"http:\/\/kulturbloggen.com\/wp-content\/uploads\/2014\/09\/ozznujen.jpg\"><img loading=\"lazy\" decoding=\"async\" src=\"http:\/\/kulturbloggen.com\/wp-content\/uploads\/2014\/09\/ozznujen-300x204.jpg\" alt=\"ozznujen\" width=\"300\" height=\"204\" class=\"aligncenter size-medium wp-image-87281\" srcset=\"https:\/\/kulturbloggen.com\/wp-content\/uploads\/2014\/09\/ozznujen-300x204.jpg 300w, https:\/\/kulturbloggen.com\/wp-content\/uploads\/2014\/09\/ozznujen.jpg 454w\" sizes=\"auto, (max-width: 300px) 100vw, 300px\" \/><\/a><\/p>\n<p>\u00d6zz N\u00fbjen g\u00f6rcomeback p\u00e5 Uppsala stadsteater. Den h\u00e4r g\u00e5ngen som tj\u00e4naren Truffaldino i komediernas komedi \u2013 den skruvade f\u00f6rv\u00e4xlingsfarsen Tv\u00e5 herrars tj\u00e4nare.<\/p>\n<p><a href=\"http:\/\/www.uppsalastadsteater.se\/press\/pressmeddelanden\/#\/news\/tvaa-herrars-tjaenare-premiaer-6-9-91910\">Ett pressmeddelande ber\u00e4ttar<\/a>:<br \/>\nSka Florindo f\u00e5 sin Beatrice? Kommer Clarice avsl\u00f6ja bluffen om sin kommande man? Vem ska f\u00f6rst ber\u00e4tta den hemska nyheten att Rasponi \u00e4r d\u00f6d? Och vad g\u00f6r man som tj\u00e4nare om man pl\u00f6tsligt har tv\u00e5 arbetsgivare att passa upp p\u00e5? F\u00f6rvirringen \u00e4r total i farsen Tv\u00e5 herrars tj\u00e4nare. Mitt i allt st\u00e5r tj\u00e4naren Truffaldino som ska f\u00f6rs\u00f6ka bem\u00e4stra sina \u00f6verordnade, fixa fl\u00f6rten med Smeraldina och h\u00e5lla god min mot alla. Och n\u00e4r ska han \u00e4ntligen f\u00e5 n\u00e5got att \u00e4ta?<\/p>\n<p>Regisserar g\u00f6r Drit\u00ebro Kasapi som nu \u00e5terv\u00e4nder till Uppsala stadsteaters stora scen. Kasapis och \u00d6zz N\u00fbjens senaste samarbete var publiksucc\u00e9n En midsommarnattsdr\u00f6m (2010) d\u00e4r \u00d6zz t\u00e4njde p\u00e5 gr\u00e4nserna i rollen som Puck.<\/p>\n<p>Pj\u00e4sen Tv\u00e5 herrars tj\u00e4nare skrevs f\u00f6r mer \u00e4n 260 \u00e5r sedan av italienaren Carlo Goldoni. Den \u00e4r skriven i en commedia dell\u00b4arte-tradition, och Goldoni anses vara den som utvecklade denna teaterform mot en mer modern variant.<\/p>\n<p>Av: Klas Abrahamsson, fritt efter Carlo Goldoni<br \/>\nRegi: Drit\u00ebro Kasapi<br \/>\nDramaturg: Marie Persson Hedenius<br \/>\nScenografi &#038; Kostym: Annika Nieminen Bromberg<br \/>\nLjud &#038; Musik: Stefan Johansson<br \/>\nLjus: Mats \u00d6hlin<br \/>\nMask: Anna Lilja<\/p>\n<p><strong>Medverkande:<\/strong> G\u00f6ran Engman, Eli Ingvarsson, Moa Sil\u00e9n, Gustav Levin, \u00c5sa Forsblad Morisse, \u00d6zz N\u00fbjen, Mathias Olsson, Francisco Sobrado, Emelie Wallberg.<\/p>\n<p><strong>F\u00f6rest\u00e4llningsdatum:<\/strong> 5\/9 Genrep, 6\/9 Premi\u00e4r, 10\/9, 11\/9, 12\/9, 17\/9, 18\/9, 19\/9, 20\/9, 24\/9, 24\/10, 29\/10, 30\/10, 8\/11, 19\/11, 23\/11, 28\/11 och 12\/12.<\/p>\n<p><strong>Premi\u00e4runderh\u00e5llning i foaj\u00e9n<\/strong>: I samband med premi\u00e4ren den 6 september upptr\u00e4der &#8221;Branicula,&#8221; 1700-talsdansare kl\u00e4dda i tidstypiska kl\u00e4der och peruker fr\u00e5n tiden f\u00f6r Gustav III regeringstid, i foaj\u00e9n.<\/p>\n","protected":false},"excerpt":{"rendered":"<p>\u00d6zz N\u00fbjen g\u00f6rcomeback p\u00e5 Uppsala stadsteater. Den h\u00e4r g\u00e5ngen som tj\u00e4naren Truffaldino i komediernas komedi \u2013 den skruvade f\u00f6rv\u00e4xlingsfarsen Tv\u00e5 herrars tj\u00e4nare. Ett pressmeddelande ber\u00e4ttar: Ska Florindo f\u00e5 sin Beatrice? Kommer Clarice avsl\u00f6ja bluffen om sin kommande man? Vem ska f\u00f6rst ber\u00e4tta den hemska nyheten att Rasponi \u00e4r d\u00f6d? Och vad g\u00f6r man som tj\u00e4nare [&hellip;]<\/p>\n","protected":false},"author":13,"featured_media":0,"comment_status":"open","ping_status":"open","sticky":false,"template":"","format":"standard","meta":{"_genesis_hide_title":false,"_genesis_hide_breadcrumbs":false,"_genesis_hide_singular_image":false,"_genesis_hide_footer_widgets":false,"_genesis_custom_body_class":"","_genesis_custom_post_class":"","_genesis_layout":"","footnotes":""},"categories":[20,30],"tags":[1664,11361,11362,6117],"class_list":{"0":"post-87278","1":"post","2":"type-post","3":"status-publish","4":"format-standard","6":"category-film","7":"category-teater","8":"tag-fars","9":"tag-ozz-nujen","10":"tag-tva-herrars-tjanare","11":"tag-uppsala-stadsteater","12":"entry"},"_links":{"self":[{"href":"https:\/\/kulturbloggen.com\/index.php?rest_route=\/wp\/v2\/posts\/87278","targetHints":{"allow":["GET"]}}],"collection":[{"href":"https:\/\/kulturbloggen.com\/index.php?rest_route=\/wp\/v2\/posts"}],"about":[{"href":"https:\/\/kulturbloggen.com\/index.php?rest_route=\/wp\/v2\/types\/post"}],"author":[{"embeddable":true,"href":"https:\/\/kulturbloggen.com\/index.php?rest_route=\/wp\/v2\/users\/13"}],"replies":[{"embeddable":true,"href":"https:\/\/kulturbloggen.com\/index.php?rest_route=%2Fwp%2Fv2%2Fcomments&post=87278"}],"version-history":[{"count":3,"href":"https:\/\/kulturbloggen.com\/index.php?rest_route=\/wp\/v2\/posts\/87278\/revisions"}],"predecessor-version":[{"id":87283,"href":"https:\/\/kulturbloggen.com\/index.php?rest_route=\/wp\/v2\/posts\/87278\/revisions\/87283"}],"wp:attachment":[{"href":"https:\/\/kulturbloggen.com\/index.php?rest_route=%2Fwp%2Fv2%2Fmedia&parent=87278"}],"wp:term":[{"taxonomy":"category","embeddable":true,"href":"https:\/\/kulturbloggen.com\/index.php?rest_route=%2Fwp%2Fv2%2Fcategories&post=87278"},{"taxonomy":"post_tag","embeddable":true,"href":"https:\/\/kulturbloggen.com\/index.php?rest_route=%2Fwp%2Fv2%2Ftags&post=87278"}],"curies":[{"name":"wp","href":"https:\/\/api.w.org\/{rel}","templated":true}]}}