{"id":86929,"date":"2014-08-26T10:38:58","date_gmt":"2014-08-26T08:38:58","guid":{"rendered":"http:\/\/kulturbloggen.com\/?p=86929"},"modified":"2014-08-26T10:38:58","modified_gmt":"2014-08-26T08:38:58","slug":"teddybears-spelar-gratis-pa-festival-for-17","status":"publish","type":"post","link":"https:\/\/kulturbloggen.com\/?p=86929","title":{"rendered":"Teddybears spelar gratis p\u00e5 Festival f\u00f6r 17"},"content":{"rendered":"<p><img loading=\"lazy\" decoding=\"async\" src=\"http:\/\/kulturbloggen.com\/wp-content\/uploads\/2014\/08\/teddybearsgratis.jpg\" alt=\"teddybearsgratis\" width=\"263\" height=\"341\" class=\"aligncenter size-full wp-image-86930\" srcset=\"https:\/\/kulturbloggen.com\/wp-content\/uploads\/2014\/08\/teddybearsgratis.jpg 263w, https:\/\/kulturbloggen.com\/wp-content\/uploads\/2014\/08\/teddybearsgratis-231x300.jpg 231w\" sizes=\"auto, (max-width: 263px) 100vw, 263px\" \/><\/p>\n<p>L\u00f6rdagen den 6 september \u00e4r det dags f\u00f6r Festival f\u00f6r 17 p\u00e5 Nytorps G\u00e4rde i Johanneshov (ligger mellan Bj\u00f6rkhagen\/K\u00e4rrtorp\/Enskededalen). Festivalen syftar till att belysa m\u00e4nniskors lika v\u00e4rde och arrangeras med gemensamma krafter av dem som bor l\u00e4ngs med tunnelbanans linje 17. <\/p>\n<p>Ett pressmeddelande ber\u00e4ttar:<\/p>\n<p>&#8211; Vi k\u00e4nde att vi beh\u00f6vde g\u00f6ra n\u00e5got nytt inte bara ordna demonstration efter demonstration. Vi vill uppm\u00e4rksamma kulturen, alla olika kulturer som finns i v\u00e5rt land. Just nu finns det partier i riksdagen som vill lyfta fram en kultur framf\u00f6r andra, och vi valde att ha v\u00e5r festival s\u00e5 n\u00e4ra valet som m\u00f6jligt. F\u00f6r oss var det \u00e4ven viktigt att kunna bjuda p\u00e5 ett evenemang som inte kostar n\u00e5got f\u00f6r bes\u00f6karna och det har vi lyckats med genom att flera av omr\u00e5dets aff\u00e4rsidkare \u00e4r med som sponsorer samt artister, musiker och teknikcrew medverkar utan ers\u00e4ttning, ber\u00e4ttar Anjana Saltas som \u00e4r projektansvarig f\u00f6r Festival f\u00f6r 17.<\/p>\n<p>Teddybears har tidigare visat att de tar st\u00e4llning, bl.a. nyligen d\u00e5 de ut\u00f6vade sina demokratiska r\u00e4ttigheter i TV-programmet Sommarkrysset genom att b\u00e4ra T-shirts med budskapet \u00a8<\/p>\n<p>SD = Rasister.<\/p>\n<p>&#8211; Att vi brinner f\u00f6r de h\u00e4r fr\u00e5gorna kanske inte kommer som en nyhet men att vi bjuder p\u00e5 en gratiskonsert borde ju vara det. Vi k\u00e4nner att det h\u00e4r \u00e4r \u00e5rets absolut viktigaste spelning f\u00f6r oss och har t\u00e4nkt \u00f6sa p\u00e5 med en fet show! Det \u00e4r s\u00e5 otroligt viktigt att vi alla st\u00e4ller oss upp och s\u00e4ger vad vi tycker i de h\u00e4r fr\u00e5gorna nu, med det stundande valet och de obehagliga politiska str\u00f6mningar som b\u00f6rjat g\u00f6ra sig alltmer p\u00e5minda. Vi vill visa v\u00e5r solidaritet med dem som har det sv\u00e5rt och kommer hit, visa att vi v\u00e4lkomnar dem, visa att vi vill leva i ett samh\u00e4lle d\u00e4r vi st\u00e4ller upp p\u00e5 varann.  Vi m\u00e5ste ta i nu, och g\u00f6ra v\u00e5ra r\u00f6ster h\u00f6rda, vi \u00e4r m\u00e5nga, m\u00e5nga fler, mycket starkare \u00e4n rasisterna och vi skriker fan s\u00e5 mycket h\u00f6gre och det ska vi visa tillsammans nu!, h\u00e4lsar Jocke \u00c5hlund fr\u00e5n Teddybears.<\/p>\n<p>Den 6 september kl. 20:00 g\u00e5r Teddybears p\u00e5 scenen och bjuder p\u00e5 en historisk konsert!<\/p>\n<p>Under dagen\/kv\u00e4llen medverkar \u00e4ven artister som Nina Ramsby, Maria Sveland, Lawen Mohtadi, Berger Knutson Spering, K\u00e5ldolmar och Club Killers, Slag fr\u00e5n hj\u00e4rtat, Stefan Sundstr\u00f6m, Jonas Nerbe, Moa Svan, Bilan Usman.<\/p>\n","protected":false},"excerpt":{"rendered":"<p>L\u00f6rdagen den 6 september \u00e4r det dags f\u00f6r Festival f\u00f6r 17 p\u00e5 Nytorps G\u00e4rde i Johanneshov (ligger mellan Bj\u00f6rkhagen\/K\u00e4rrtorp\/Enskededalen). Festivalen syftar till att belysa m\u00e4nniskors lika v\u00e4rde och arrangeras med gemensamma krafter av dem som bor l\u00e4ngs med tunnelbanans linje 17. Ett pressmeddelande ber\u00e4ttar: &#8211; Vi k\u00e4nde att vi beh\u00f6vde g\u00f6ra n\u00e5got nytt inte bara [&hellip;]<\/p>\n","protected":false},"author":13,"featured_media":0,"comment_status":"open","ping_status":"open","sticky":false,"template":"","format":"standard","meta":{"_genesis_hide_title":false,"_genesis_hide_breadcrumbs":false,"_genesis_hide_singular_image":false,"_genesis_hide_footer_widgets":false,"_genesis_custom_body_class":"","_genesis_custom_post_class":"","_genesis_layout":"","footnotes":""},"categories":[7],"tags":[11318,3889,5665],"class_list":{"0":"post-86929","1":"post","2":"type-post","3":"status-publish","4":"format-standard","6":"category-musik","7":"tag-festival-for-17","8":"tag-mangfald","9":"tag-teddybears","10":"entry"},"_links":{"self":[{"href":"https:\/\/kulturbloggen.com\/index.php?rest_route=\/wp\/v2\/posts\/86929","targetHints":{"allow":["GET"]}}],"collection":[{"href":"https:\/\/kulturbloggen.com\/index.php?rest_route=\/wp\/v2\/posts"}],"about":[{"href":"https:\/\/kulturbloggen.com\/index.php?rest_route=\/wp\/v2\/types\/post"}],"author":[{"embeddable":true,"href":"https:\/\/kulturbloggen.com\/index.php?rest_route=\/wp\/v2\/users\/13"}],"replies":[{"embeddable":true,"href":"https:\/\/kulturbloggen.com\/index.php?rest_route=%2Fwp%2Fv2%2Fcomments&post=86929"}],"version-history":[{"count":1,"href":"https:\/\/kulturbloggen.com\/index.php?rest_route=\/wp\/v2\/posts\/86929\/revisions"}],"predecessor-version":[{"id":86931,"href":"https:\/\/kulturbloggen.com\/index.php?rest_route=\/wp\/v2\/posts\/86929\/revisions\/86931"}],"wp:attachment":[{"href":"https:\/\/kulturbloggen.com\/index.php?rest_route=%2Fwp%2Fv2%2Fmedia&parent=86929"}],"wp:term":[{"taxonomy":"category","embeddable":true,"href":"https:\/\/kulturbloggen.com\/index.php?rest_route=%2Fwp%2Fv2%2Fcategories&post=86929"},{"taxonomy":"post_tag","embeddable":true,"href":"https:\/\/kulturbloggen.com\/index.php?rest_route=%2Fwp%2Fv2%2Ftags&post=86929"}],"curies":[{"name":"wp","href":"https:\/\/api.w.org\/{rel}","templated":true}]}}