{"id":8682,"date":"2009-04-15T15:40:29","date_gmt":"2009-04-15T14:40:29","guid":{"rendered":"http:\/\/kulturbloggen.com\/?p=8682"},"modified":"2009-04-15T15:40:29","modified_gmt":"2009-04-15T14:40:29","slug":"ah-hur-fel-kan-det-bli-om-jag-anda-fick-bestamma-en-dag","status":"publish","type":"post","link":"https:\/\/kulturbloggen.com\/?p=8682","title":{"rendered":"Om jag \u00e4nd\u00e5 fick best\u00e4mma en dag"},"content":{"rendered":"<p><img loading=\"lazy\" decoding=\"async\" src=\"http:\/\/sodergren.com\/kulturbloggen\/wp-content\/uploads\/2009\/04\/anders-borg290.jpg\" alt=\"anders-borg290\" title=\"anders-borg290\" width=\"290\" height=\"200\" class=\"alignright size-full wp-image-8684\" \/><br \/>\n\u00c5h, ungdomsarbetsl\u00f6sheten \u00f6kar och \u00f6kar i Sverige, troligen \u00e4r vi v\u00e4rst drabbade i Europa. Varsel och finanskris. Vem som helst inser att de som sitter med regeringsmakten m\u00e5ste g\u00f6ra n\u00e5got.<br \/>\nSuck, vad fel det blev n\u00e4r de v\u00e4l gjorde n\u00e5got.<br \/>\n<!--more--><br \/>\nEgentligen borde det vara s\u00e5 l\u00e4tt:<br \/>\n1. Bygg, bygg, bygg: vi beh\u00f6ver v\u00e4gar och hus och &#8230;.<br \/>\nBygg: det ger arbetet och de som arbetar k\u00f6per varor och betalar skatt.<\/p>\n<p>2. \u00d6ronm\u00e4rk pengar till att satsa p\u00e5 fler l\u00e4rare och fler f\u00f6rskoll\u00e4rare i skolorna och \u00f6ronm\u00e4rk pengar till att ge \u00e4ldre bra omsorg och satsa massor p\u00e5 att anst\u00e4lla v\u00e5rdpersonal s\u00e5 v\u00e5rdk\u00f6er f\u00f6rsvinner.<br \/>\nFler m\u00e4nniskor som jobbar ger mer skatteint\u00e4kter och fler m\u00e4nniskor som k\u00f6per varor.<\/p>\n<p>3. Satsa massor p\u00e5 entrepren\u00f6rskap<br \/>\nExakt p\u00e5 vilket s\u00e4tt vet andra b\u00e4ttre. Jag vet vara att jag n\u00e4r jag startade eget hade enormt bra st\u00f6d fr\u00e5n Stockholms Nyf\u00f6retagarcentrum. Mer s\u00e5dant.<\/p>\n<p>4. Ta fram massor av utbildningsplatser p\u00e5 h\u00f6gskolor och universitet.<br \/>\nDet b\u00e4sta vi kan g\u00f6ra f\u00f6r framtiden \u00e4r att satsa p\u00e5 att ha v\u00e4lutbildade m\u00e4nniskor. D\u00e5 kan vi konkurrera med andra l\u00e4nder om jobb. Att vi ska vara en industrination med massor av l\u00e5gt betalda arbetare, det \u00e4r en svunnen tid. Det \u00e4r med v\u00e4lutbildade, duktiga akademiker vi ska konkurrera.<\/p>\n<p>5. \u00c5teruppr\u00e4tta Komvux: ge m\u00e4nniskor chansen att h\u00f6ja sin kompetens s\u00e5 de kan s\u00f6ka till h\u00f6gre utbildningar<\/p>\n<p>6. Satsa p\u00e5 forskning<br \/>\nSverige har redan missat en del bra industrier, genom att forskare inte f\u00e5tt kapital\u00e4gare att g\u00e5 in i deras projekt.<\/p>\n<p>\u00c5h, ist\u00e4llet satsar den h\u00f6gerstyrda regeringen mest p\u00e5 att ge ers\u00e4ttning till de arbetsl\u00f6sa, de som fick s\u00e4nkt a-kassa tidigare (vilket om jag inte missminner mig var t\u00e4nkt som ett s\u00e4tt att skapa jobb och f\u00e5 bort utanf\u00f6rskapet.)<\/p>\n<p>Resultatet av den f\u00f6rda politiken ser vi till exempel h\u00e4r, <a href=\"http:\/\/www.dn.se\/ekonomi\/din-ekonomi\/maria-crofts-en-del-kommer-ga-i-konkurs-1.844667\">som DN rapporterar<\/a>:<\/p>\n<blockquote><p>Den skyh\u00f6ga arbetsl\u00f6sheten kommer att sl\u00e5 h\u00e5rt mot m\u00e5nga hush\u00e5ll. Bara drygt h\u00e4lften av dem som \u00e4r med i a-kassan har r\u00e4tt till ers\u00e4ttning \u00f6ver huvud taget. Av dem som f\u00e5r ers\u00e4ttning f\u00e5r m\u00e5nga mindre \u00e4n 80 procent av l\u00f6nen<\/p><\/blockquote>\n<p>Men vad h\u00f6gerregeringen g\u00f6r nu \u00e4r ta fram en massa l\u00e5tsasjobb och praktikplatser &#8211; exakt det som samma politiker brukar kritisera s-ledda regeringar f\u00f6r.<\/p>\n<p>Relaterade bloggar:<br \/>\n<a href=\"http:\/\/viskot.wordpress.com\/2009\/04\/15\/ljuger-borg-eller-ar-okad-kostnad-sattsning\/\">Viktor<\/a>, <a href=\"http:\/\/blogg.aftonbladet.se\/29647\/perma\/1185536\">Kulturnissen<\/a> och <a href=\"http:\/\/morganjohansson.blogspot.com\/2009\/04\/borg-bluffar-sig-fram.html\">Morgan Johansson<\/a> och <a href=\"http:\/\/frykman.blogspot.com\/2009\/04\/riktiga-jobb.html\">Niklas Frykman<\/a>.<\/p>\n<p>\u00d6vrigt relaterat:<br \/>\n<a href=\"http:\/\/www.dn.se\/nyheter\/politik\/borg-varsta-krisen-sedan-andra-varldskriget-1.844259\">DN: Borg: v\u00e4rsta krisen<\/a><br \/>\n<a href=\"http:\/\/www.dn.se\/nyheter\/politik\/rakna-med-fler-krispaket-i-hostbudgeten-1.844521\">DN: R\u00e4kna med fler krispaket<\/a><br \/>\n<a href=\"http:\/\/www.dn.se\/opinion\/debatt\/tio-extra-miljarder-till-arbetsmarknadspolitik-1.844036\">DN: Tio miljarder extra<\/a><br \/>\n<a href=\"http:\/\/www.svd.se\/nyheter\/inrikes\/artikel_2733969.svd\">SVD1<\/a>, <a href=\"http:\/\/www.svd.se\/nyheter\/inrikes\/artikel_2736985.svd\">SVD2<\/a> och <a href=\"http:\/\/www.svd.se\/nyheter\/inrikes\/artikel_2737683.svd\">SVD3<\/a>, <a href=\"http:\/\/www.expressen.se\/ekonomi\/1.1533852\/ostros-regeringen-forsoker-vilseleda\">Expressen 1<\/a> och <a href=\"http:\/\/www.expressen.se\/ekonomi\/1.1533828\/allvarligaste-krisen-sedan-40-talet\">Expressen 2<\/a>.<br \/>\n<a href=\"http:\/\/sydsvenskan.se\/sverige\/article426383\/Borg-Mycket-allvarligt-lage.html\">Sydsvenskan 1<\/a> och <a href=\"http:\/\/sydsvenskan.se\/sverige\/article426387\/Oppositionen-sagar-varproppen.html\">Sydsvenskan 2<\/a>.<br \/>\n<a href=\"http:\/\/www.dagen.se\/dagen\/Article.aspx?ID=167988\">Dagen<\/a> och <a href=\"http:\/\/hd.se\/inrikes\/2009\/04\/15\/borg-mycket-allvarligt-laege\/\">Helsingborgs Dagblad.<\/a><br \/>\n<a href=\"http:\/\/www.aftonbladet.se\/nyheter\/article4910751.ab\">AB1<\/a>, <a href=\"http:\/\/www.aftonbladet.se\/ekonomi\/article4911633.ab\">AB2<\/a>, <a href=\"http:\/\/www.aftonbladet.se\/ekonomi\/article4904508.ab\">AB3<\/a> och <a href=\"http:\/\/www.aftonbladet.se\/ekonomi\/article4906328.ab\">AB4<\/a>.<\/p>\n<p>Andra bloggar om: <a href=\"http:\/\/bloggar.se\/om\/jobb%E4vning\" rel=\"tag\">jobb\u00e4vning<\/a>, <a href=\"http:\/\/bloggar.se\/om\/budget\" rel=\"tag\">budget<\/a>, <a href=\"http:\/\/bloggar.se\/om\/ekonomi\" rel=\"tag\">ekonomi<\/a>, <a href=\"http:\/\/bloggar.se\/om\/h%F6gerregeringen\" rel=\"tag\">h\u00f6gerregeringen<\/a>, <a href=\"http:\/\/bloggar.se\/om\/v%E5p\" rel=\"tag\">v\u00e5p<\/a>, <a href=\"http:\/\/bloggar.se\/om\/v%E5rbudget\" rel=\"tag\">v\u00e5rbudget<\/a>, <a href=\"http:\/\/bloggar.se\/om\/budget\" rel=\"tag\">budget<\/a>, <a href=\"http:\/\/bloggar.se\/om\/arbetsl%F6sa\" rel=\"tag\">arbetsl\u00f6sa<\/a>, <a href=\"http:\/\/bloggar.se\/om\/bidrag\" rel=\"tag\">bidrag<\/a>, <a href=\"http:\/\/bloggar.se\/om\/jobb\" rel=\"tag\">jobb<\/a>, <a href=\"http:\/\/bloggar.se\/om\/arbete\" rel=\"tag\">arbete<\/a>, <a href=\"http:\/\/bloggar.se\/om\/jobbpolitik\" rel=\"tag\">jobbpolitik<\/a>, <a href=\"http:\/\/bloggar.se\/om\/arbetsmarknad\" rel=\"tag\">arbetsmarknad<\/a>, <a href=\"http:\/\/bloggar.se\/om\/utbildning\" rel=\"tag\">utbildning<\/a>, <a href=\"http:\/\/bloggar.se\/om\/KomVux\" rel=\"tag\">KomVux<\/a>, <a href=\"http:\/\/bloggar.se\/om\/forskning\" rel=\"tag\">forskning<\/a><\/p>\n","protected":false},"excerpt":{"rendered":"<p>\u00c5h, ungdomsarbetsl\u00f6sheten \u00f6kar och \u00f6kar i Sverige, troligen \u00e4r vi v\u00e4rst drabbade i Europa. Varsel och finanskris. Vem som helst inser att de som sitter med regeringsmakten m\u00e5ste g\u00f6ra n\u00e5got. Suck, vad fel det blev n\u00e4r de v\u00e4l gjorde n\u00e5got.<\/p>\n","protected":false},"author":2,"featured_media":0,"comment_status":"open","ping_status":"open","sticky":false,"template":"","format":"standard","meta":{"_genesis_hide_title":false,"_genesis_hide_breadcrumbs":false,"_genesis_hide_singular_image":false,"_genesis_hide_footer_widgets":false,"_genesis_custom_body_class":"","_genesis_custom_post_class":"","_genesis_layout":"","footnotes":""},"categories":[44],"tags":[885,1463,2385,2686],"class_list":{"0":"post-8682","1":"post","2":"type-post","3":"status-publish","4":"format-standard","6":"category-chadie","7":"tag-budget","8":"tag-ekonomi","9":"tag-hogerregeringen","10":"tag-jobbavning","11":"entry"},"_links":{"self":[{"href":"https:\/\/kulturbloggen.com\/index.php?rest_route=\/wp\/v2\/posts\/8682","targetHints":{"allow":["GET"]}}],"collection":[{"href":"https:\/\/kulturbloggen.com\/index.php?rest_route=\/wp\/v2\/posts"}],"about":[{"href":"https:\/\/kulturbloggen.com\/index.php?rest_route=\/wp\/v2\/types\/post"}],"author":[{"embeddable":true,"href":"https:\/\/kulturbloggen.com\/index.php?rest_route=\/wp\/v2\/users\/2"}],"replies":[{"embeddable":true,"href":"https:\/\/kulturbloggen.com\/index.php?rest_route=%2Fwp%2Fv2%2Fcomments&post=8682"}],"version-history":[{"count":0,"href":"https:\/\/kulturbloggen.com\/index.php?rest_route=\/wp\/v2\/posts\/8682\/revisions"}],"wp:attachment":[{"href":"https:\/\/kulturbloggen.com\/index.php?rest_route=%2Fwp%2Fv2%2Fmedia&parent=8682"}],"wp:term":[{"taxonomy":"category","embeddable":true,"href":"https:\/\/kulturbloggen.com\/index.php?rest_route=%2Fwp%2Fv2%2Fcategories&post=8682"},{"taxonomy":"post_tag","embeddable":true,"href":"https:\/\/kulturbloggen.com\/index.php?rest_route=%2Fwp%2Fv2%2Ftags&post=8682"}],"curies":[{"name":"wp","href":"https:\/\/api.w.org\/{rel}","templated":true}]}}