{"id":86712,"date":"2014-08-21T13:18:49","date_gmt":"2014-08-21T11:18:49","guid":{"rendered":"http:\/\/kulturbloggen.com\/?p=86712"},"modified":"2014-08-21T20:07:20","modified_gmt":"2014-08-21T18:07:20","slug":"the-knife-spelar-i-stockholm-och-goteborg","status":"publish","type":"post","link":"https:\/\/kulturbloggen.com\/?p=86712","title":{"rendered":"The Knife splittras, men spelar i Stockholm och G\u00f6teborg f\u00f6rst"},"content":{"rendered":"<p><a href=\"http:\/\/kulturbloggen.com\/wp-content\/uploads\/2014\/08\/theknife.jpg\"><img loading=\"lazy\" decoding=\"async\" class=\"aligncenter wp-image-86713 size-medium\" src=\"http:\/\/kulturbloggen.com\/wp-content\/uploads\/2014\/08\/theknife-300x200.jpg\" alt=\"theknife\" width=\"300\" height=\"200\" srcset=\"https:\/\/kulturbloggen.com\/wp-content\/uploads\/2014\/08\/theknife-300x200.jpg 300w, https:\/\/kulturbloggen.com\/wp-content\/uploads\/2014\/08\/theknife-1024x685.jpg 1024w\" sizes=\"auto, (max-width: 300px) 100vw, 300px\" \/><\/a><\/p>\n<p>Den 31 oktober intar The Knife Annexet i Stockholm f\u00f6r en show som dagen d\u00e4rp\u00e5 \u00e4ven har v\u00e4garna f\u00f6rbi\u00a0Gothenburg Film Studios, d\u00e4refter verkar det som att de splittras. Biljetterna till vad som blir deras avsked sl\u00e4pps den 25 augusti klockan 09.00.\u00a0Olof och Karin Dreijer l\u00e4mnar f\u00f6ljande h\u00e4lsning:<\/p>\n<blockquote><p><em>&#8221;V\u00e5r sista turn\u00e9!<\/em><\/p>\n<p><em>I h\u00f6st rundar vi av Shaken Up Show &#8211; turn\u00e9n med n\u00e5gra Europa-datum.<\/em><br \/>\n<em> Efter f\u00f6rra \u00e5rets showande arbetade vi om musik, koreografi och scenografi under vintern. Dansarna l\u00e4rde sig sjunga och spela instrument, scenen fick tre niv\u00e5er, Shannon Funchess sl\u00f6t upp och showen blev mer sprakande och gnistrande.<\/em><br \/>\n<em> Vi turnerade med showen i USA i v\u00e5ras och nu skulle det var himla kul om ni hakar p\u00e5 v\u00e5ra moves f\u00f6r en sista sv\u00e4ngom!<\/em><\/p>\n<p><em>&#8217;A handfull elf pee<\/em><br \/>\n<em> That\u2019s my soul<\/em><br \/>\n<em> Spray it allover<\/em><br \/>\n<em> Fill the bowl<\/em><br \/>\n<em> Legs astride<\/em><br \/>\n<em> An axe to grind<\/em><br \/>\n<em> Generous actions with the speed of light<\/em><br \/>\n<em> Without you my life would be boring&#8217;<\/em><\/p>\n<p><em>\/Olof och Karin, The Knife&#8221;<\/em><\/p><\/blockquote>\n<p><iframe loading=\"lazy\" src=\"\/\/www.youtube.com\/embed\/5jMXZBPW-Q0\" width=\"560\" height=\"315\" frameborder=\"0\" allowfullscreen=\"allowfullscreen\"><\/iframe><\/p>\n<p>Foto: Linnea Amling<\/p>\n","protected":false},"excerpt":{"rendered":"<p>Den 31 oktober intar The Knife Annexet i Stockholm f\u00f6r en show som dagen d\u00e4rp\u00e5 \u00e4ven har v\u00e4garna f\u00f6rbi\u00a0Gothenburg Film Studios, d\u00e4refter verkar det som att de splittras. Biljetterna till vad som blir deras avsked sl\u00e4pps den 25 augusti klockan 09.00.\u00a0Olof och Karin Dreijer l\u00e4mnar f\u00f6ljande h\u00e4lsning: &#8221;V\u00e5r sista turn\u00e9! I h\u00f6st rundar vi av [&hellip;]<\/p>\n","protected":false},"author":13,"featured_media":0,"comment_status":"open","ping_status":"open","sticky":false,"template":"","format":"standard","meta":{"_genesis_hide_title":false,"_genesis_hide_breadcrumbs":false,"_genesis_hide_singular_image":false,"_genesis_hide_footer_widgets":false,"_genesis_custom_body_class":"","_genesis_custom_post_class":"","_genesis_layout":"","footnotes":""},"categories":[7],"tags":[5769],"class_list":{"0":"post-86712","1":"post","2":"type-post","3":"status-publish","4":"format-standard","6":"category-musik","7":"tag-the-knife","8":"entry"},"_links":{"self":[{"href":"https:\/\/kulturbloggen.com\/index.php?rest_route=\/wp\/v2\/posts\/86712","targetHints":{"allow":["GET"]}}],"collection":[{"href":"https:\/\/kulturbloggen.com\/index.php?rest_route=\/wp\/v2\/posts"}],"about":[{"href":"https:\/\/kulturbloggen.com\/index.php?rest_route=\/wp\/v2\/types\/post"}],"author":[{"embeddable":true,"href":"https:\/\/kulturbloggen.com\/index.php?rest_route=\/wp\/v2\/users\/13"}],"replies":[{"embeddable":true,"href":"https:\/\/kulturbloggen.com\/index.php?rest_route=%2Fwp%2Fv2%2Fcomments&post=86712"}],"version-history":[{"count":5,"href":"https:\/\/kulturbloggen.com\/index.php?rest_route=\/wp\/v2\/posts\/86712\/revisions"}],"predecessor-version":[{"id":86718,"href":"https:\/\/kulturbloggen.com\/index.php?rest_route=\/wp\/v2\/posts\/86712\/revisions\/86718"}],"wp:attachment":[{"href":"https:\/\/kulturbloggen.com\/index.php?rest_route=%2Fwp%2Fv2%2Fmedia&parent=86712"}],"wp:term":[{"taxonomy":"category","embeddable":true,"href":"https:\/\/kulturbloggen.com\/index.php?rest_route=%2Fwp%2Fv2%2Fcategories&post=86712"},{"taxonomy":"post_tag","embeddable":true,"href":"https:\/\/kulturbloggen.com\/index.php?rest_route=%2Fwp%2Fv2%2Ftags&post=86712"}],"curies":[{"name":"wp","href":"https:\/\/api.w.org\/{rel}","templated":true}]}}