{"id":86645,"date":"2014-08-19T14:14:20","date_gmt":"2014-08-19T12:14:20","guid":{"rendered":"http:\/\/kulturbloggen.com\/?p=86645"},"modified":"2014-08-19T14:14:20","modified_gmt":"2014-08-19T12:14:20","slug":"lyssna-leonard-cohen-almost-like-the-blues","status":"publish","type":"post","link":"https:\/\/kulturbloggen.com\/?p=86645","title":{"rendered":"Lyssna: Leonard Cohen &#8211; Almost Like the Blues"},"content":{"rendered":"<p><a href=\"http:\/\/kulturbloggen.com\/wp-content\/uploads\/2014\/08\/leonard_cohen.jpg\"><img loading=\"lazy\" decoding=\"async\" class=\"aligncenter size-medium wp-image-86646\" src=\"http:\/\/kulturbloggen.com\/wp-content\/uploads\/2014\/08\/leonard_cohen-300x300.jpg\" alt=\"leonard_cohen\" width=\"300\" height=\"300\" srcset=\"https:\/\/kulturbloggen.com\/wp-content\/uploads\/2014\/08\/leonard_cohen-300x300.jpg 300w, https:\/\/kulturbloggen.com\/wp-content\/uploads\/2014\/08\/leonard_cohen-150x150.jpg 150w, https:\/\/kulturbloggen.com\/wp-content\/uploads\/2014\/08\/leonard_cohen.jpg 600w\" sizes=\"auto, (max-width: 300px) 100vw, 300px\" \/><\/a><\/p>\n<p><a href=\"http:\/\/kulturbloggen.com\/?p=86415\">F\u00f6r lite mer \u00e4n en vecka sedan kunde vi rapportera att Leonard Cohen sl\u00e4pper nytt album<\/a>. Nu \u00e4r det bekr\u00e4ftat att <em>Popular Problems<\/em>, hans trettonde studioalbum, sl\u00e4pps den 23 september &#8212; tv\u00e5 dagar efter hans 80-\u00e5rsdag. Albumet f\u00f6ljer upp 2012 \u00e5rs <em>Old Ideas<\/em>. Redan nu delar han med sig av en f\u00f6rsta singel fr\u00e5n albumet.<\/p>\n<p><strong>Du kan lyssna p\u00e5 <em>Almost Like the Blues<\/em> h\u00e4r nedan:<\/strong><\/p>\n<p><iframe loading=\"lazy\" src=\"\/\/www.youtube.com\/embed\/9VYXECtjOos?list=UUXWB-kykEYmLveG3Sw0LPOA\" width=\"560\" height=\"315\" frameborder=\"0\" allowfullscreen=\"allowfullscreen\"><\/iframe><\/p>\n","protected":false},"excerpt":{"rendered":"<p>F\u00f6r lite mer \u00e4n en vecka sedan kunde vi rapportera att Leonard Cohen sl\u00e4pper nytt album. Nu \u00e4r det bekr\u00e4ftat att Popular Problems, hans trettonde studioalbum, sl\u00e4pps den 23 september &#8212; tv\u00e5 dagar efter hans 80-\u00e5rsdag. Albumet f\u00f6ljer upp 2012 \u00e5rs Old Ideas. Redan nu delar han med sig av en f\u00f6rsta singel fr\u00e5n albumet. [&hellip;]<\/p>\n","protected":false},"author":13,"featured_media":0,"comment_status":"open","ping_status":"open","sticky":false,"template":"","format":"standard","meta":{"_genesis_hide_title":false,"_genesis_hide_breadcrumbs":false,"_genesis_hide_singular_image":false,"_genesis_hide_footer_widgets":false,"_genesis_custom_body_class":"","_genesis_custom_post_class":"","_genesis_layout":"","footnotes":""},"categories":[7],"tags":[11281,3266,11253],"class_list":{"0":"post-86645","1":"post","2":"type-post","3":"status-publish","4":"format-standard","6":"category-musik","7":"tag-almost-like-the-blues","8":"tag-leonard-cohen","9":"tag-popular-problems","10":"entry"},"_links":{"self":[{"href":"https:\/\/kulturbloggen.com\/index.php?rest_route=\/wp\/v2\/posts\/86645","targetHints":{"allow":["GET"]}}],"collection":[{"href":"https:\/\/kulturbloggen.com\/index.php?rest_route=\/wp\/v2\/posts"}],"about":[{"href":"https:\/\/kulturbloggen.com\/index.php?rest_route=\/wp\/v2\/types\/post"}],"author":[{"embeddable":true,"href":"https:\/\/kulturbloggen.com\/index.php?rest_route=\/wp\/v2\/users\/13"}],"replies":[{"embeddable":true,"href":"https:\/\/kulturbloggen.com\/index.php?rest_route=%2Fwp%2Fv2%2Fcomments&post=86645"}],"version-history":[{"count":1,"href":"https:\/\/kulturbloggen.com\/index.php?rest_route=\/wp\/v2\/posts\/86645\/revisions"}],"predecessor-version":[{"id":86647,"href":"https:\/\/kulturbloggen.com\/index.php?rest_route=\/wp\/v2\/posts\/86645\/revisions\/86647"}],"wp:attachment":[{"href":"https:\/\/kulturbloggen.com\/index.php?rest_route=%2Fwp%2Fv2%2Fmedia&parent=86645"}],"wp:term":[{"taxonomy":"category","embeddable":true,"href":"https:\/\/kulturbloggen.com\/index.php?rest_route=%2Fwp%2Fv2%2Fcategories&post=86645"},{"taxonomy":"post_tag","embeddable":true,"href":"https:\/\/kulturbloggen.com\/index.php?rest_route=%2Fwp%2Fv2%2Ftags&post=86645"}],"curies":[{"name":"wp","href":"https:\/\/api.w.org\/{rel}","templated":true}]}}