{"id":86508,"date":"2014-08-15T11:00:50","date_gmt":"2014-08-15T09:00:50","guid":{"rendered":"http:\/\/kulturbloggen.com\/?p=86508"},"modified":"2014-08-15T11:00:50","modified_gmt":"2014-08-15T09:00:50","slug":"lyssna-alina-devecerski-arme","status":"publish","type":"post","link":"https:\/\/kulturbloggen.com\/?p=86508","title":{"rendered":"Lyssna: Alina Devecerski &#8211; Arm\u00e9"},"content":{"rendered":"<p><a href=\"http:\/\/kulturbloggen.com\/wp-content\/uploads\/2014\/08\/alina.jpg\"><img loading=\"lazy\" decoding=\"async\" class=\"aligncenter size-medium wp-image-86509\" src=\"http:\/\/kulturbloggen.com\/wp-content\/uploads\/2014\/08\/alina-300x300.jpg\" alt=\"alina\" width=\"300\" height=\"300\" srcset=\"https:\/\/kulturbloggen.com\/wp-content\/uploads\/2014\/08\/alina-300x300.jpg 300w, https:\/\/kulturbloggen.com\/wp-content\/uploads\/2014\/08\/alina-150x150.jpg 150w, https:\/\/kulturbloggen.com\/wp-content\/uploads\/2014\/08\/alina.jpg 529w\" sizes=\"auto, (max-width: 300px) 100vw, 300px\" \/><\/a><\/p>\n<p>Mycket har h\u00e4nt sedan Alina Devecerski fr\u00e5n Sundbyberg fick en sommarhit med <em>Du m\u00e5ste flytta p\u00e5 dig<\/em> 2012. Inte f\u00e4rre \u00e4n tre av singlarna p\u00e5 debutalbumet <em>Maraton<\/em> s\u00e5lde Guld eller Platina. Nu sl\u00e4pper hon ifr\u00e5n sig f\u00f6rsta singeln <em>Arm\u00e9<\/em> fr\u00e5n kommande minialbumet <em>Gnista + Gas<\/em> som sl\u00e4pps den 29 september.<\/p>\n<p><strong>Du kan se en lyric video till l\u00e5ten h\u00e4r nedan:<\/strong><\/p>\n<p><iframe loading=\"lazy\" src=\"\/\/www.youtube.com\/embed\/QkJjMdPYRWk\" width=\"560\" height=\"315\" frameborder=\"0\" allowfullscreen=\"allowfullscreen\"><\/iframe><\/p>\n","protected":false},"excerpt":{"rendered":"<p>Mycket har h\u00e4nt sedan Alina Devecerski fr\u00e5n Sundbyberg fick en sommarhit med Du m\u00e5ste flytta p\u00e5 dig 2012. Inte f\u00e4rre \u00e4n tre av singlarna p\u00e5 debutalbumet Maraton s\u00e5lde Guld eller Platina. Nu sl\u00e4pper hon ifr\u00e5n sig f\u00f6rsta singeln Arm\u00e9 fr\u00e5n kommande minialbumet Gnista + Gas som sl\u00e4pps den 29 september. Du kan se en lyric [&hellip;]<\/p>\n","protected":false},"author":2,"featured_media":0,"comment_status":"open","ping_status":"open","sticky":false,"template":"","format":"standard","meta":{"_genesis_hide_title":false,"_genesis_hide_breadcrumbs":false,"_genesis_hide_singular_image":false,"_genesis_hide_footer_widgets":false,"_genesis_custom_body_class":"","_genesis_custom_post_class":"","_genesis_layout":"","footnotes":""},"categories":[7],"tags":[7808,11259],"class_list":{"0":"post-86508","1":"post","2":"type-post","3":"status-publish","4":"format-standard","6":"category-musik","7":"tag-alina-devecerski","8":"tag-arme","9":"entry"},"_links":{"self":[{"href":"https:\/\/kulturbloggen.com\/index.php?rest_route=\/wp\/v2\/posts\/86508","targetHints":{"allow":["GET"]}}],"collection":[{"href":"https:\/\/kulturbloggen.com\/index.php?rest_route=\/wp\/v2\/posts"}],"about":[{"href":"https:\/\/kulturbloggen.com\/index.php?rest_route=\/wp\/v2\/types\/post"}],"author":[{"embeddable":true,"href":"https:\/\/kulturbloggen.com\/index.php?rest_route=\/wp\/v2\/users\/2"}],"replies":[{"embeddable":true,"href":"https:\/\/kulturbloggen.com\/index.php?rest_route=%2Fwp%2Fv2%2Fcomments&post=86508"}],"version-history":[{"count":1,"href":"https:\/\/kulturbloggen.com\/index.php?rest_route=\/wp\/v2\/posts\/86508\/revisions"}],"predecessor-version":[{"id":86510,"href":"https:\/\/kulturbloggen.com\/index.php?rest_route=\/wp\/v2\/posts\/86508\/revisions\/86510"}],"wp:attachment":[{"href":"https:\/\/kulturbloggen.com\/index.php?rest_route=%2Fwp%2Fv2%2Fmedia&parent=86508"}],"wp:term":[{"taxonomy":"category","embeddable":true,"href":"https:\/\/kulturbloggen.com\/index.php?rest_route=%2Fwp%2Fv2%2Fcategories&post=86508"},{"taxonomy":"post_tag","embeddable":true,"href":"https:\/\/kulturbloggen.com\/index.php?rest_route=%2Fwp%2Fv2%2Ftags&post=86508"}],"curies":[{"name":"wp","href":"https:\/\/api.w.org\/{rel}","templated":true}]}}