{"id":86415,"date":"2014-08-11T18:46:42","date_gmt":"2014-08-11T16:46:42","guid":{"rendered":"http:\/\/kulturbloggen.com\/?p=86415"},"modified":"2014-08-30T14:57:00","modified_gmt":"2014-08-30T12:57:00","slug":"leonard-cohen-firar-80-ar-med-att-slappa-ett-nytt-album","status":"publish","type":"post","link":"https:\/\/kulturbloggen.com\/?p=86415","title":{"rendered":"Leonard Cohen firar 80 \u00e5r med att sl\u00e4ppa ett nytt album"},"content":{"rendered":"<p><a href=\"http:\/\/kulturbloggen.com\/wp-content\/uploads\/2014\/08\/leonyttalbum.jpg\"><img loading=\"lazy\" decoding=\"async\" class=\"aligncenter size-full wp-image-86417\" src=\"http:\/\/kulturbloggen.com\/wp-content\/uploads\/2014\/08\/leonyttalbum.jpg\" alt=\"leonyttalbum\" width=\"450\" height=\"253\" srcset=\"https:\/\/kulturbloggen.com\/wp-content\/uploads\/2014\/08\/leonyttalbum.jpg 450w, https:\/\/kulturbloggen.com\/wp-content\/uploads\/2014\/08\/leonyttalbum-300x168.jpg 300w\" sizes=\"auto, (max-width: 450px) 100vw, 450px\" \/><\/a><\/p>\n<p>Leonard Cohen fyller 80 \u00e5r i september 2014, den kanadensiskf\u00f6dde artisten \u00e4r f\u00f6dd 21 september 1934 i Montr\u00e9al, Qu\u00e9bec.<\/p>\n<p>Att han fortfarande har mycket att ge har Leonard Cohen visat med flera konserter och turn\u00e9er under senare \u00e5r. Nu forts\u00e4tter han p\u00e5 samma linje och sl\u00e4pper ett nytt album i september. Enligt <a href=\"http:\/\/consequenceofsound.net\/2014\/08\/80-year-old-leonard-cohen-announces-new-album-popular-problems\/\">sajten CONSEQUENCE OF SOUND<\/a> och <a href=\"http:\/\/www.rollingstone.com\/music\/news\/leonard-cohen-new-album-80th-birthday-next-month-20140811\">Rolling Stone<\/a> har det kommande albumet titeln Popular Problems.<\/p>\n<p><em>Popular Problems serves as the follow-up to Cohen\u2019s 2012 LP, Old Ideas. However, whereas Cohen supported the release of Old Ideas with an extensive world tour, he reportedly has no plans to tour behind his new album.<\/em><\/p>\n<p>H\u00e4r \u00e4r ett videoklipp d\u00e4r Leonard Cohen framf\u00f6r en ny s\u00e5ng \u201cI\u2019ve Got a Little Secret\u201d p\u00e5 ett konsert 9 Dublin 2013.<\/p>\n<p><iframe loading=\"lazy\" src=\"\/\/www.youtube.com\/embed\/QiYunX_mplg\" width=\"560\" height=\"315\" frameborder=\"0\" allowfullscreen=\"allowfullscreen\"><\/iframe><\/p>\n","protected":false},"excerpt":{"rendered":"<p>Leonard Cohen fyller 80 \u00e5r i september 2014, den kanadensiskf\u00f6dde artisten \u00e4r f\u00f6dd 21 september 1934 i Montr\u00e9al, Qu\u00e9bec. Att han fortfarande har mycket att ge har Leonard Cohen visat med flera konserter och turn\u00e9er under senare \u00e5r. Nu forts\u00e4tter han p\u00e5 samma linje och sl\u00e4pper ett nytt album i september. Enligt sajten CONSEQUENCE OF [&hellip;]<\/p>\n","protected":false},"author":13,"featured_media":0,"comment_status":"open","ping_status":"open","sticky":false,"template":"","format":"standard","meta":{"_genesis_hide_title":false,"_genesis_hide_breadcrumbs":false,"_genesis_hide_singular_image":false,"_genesis_hide_footer_widgets":false,"_genesis_custom_body_class":"","_genesis_custom_post_class":"","_genesis_layout":"","footnotes":""},"categories":[7],"tags":[3266,12282,11253],"class_list":{"0":"post-86415","1":"post","2":"type-post","3":"status-publish","4":"format-standard","6":"category-musik","7":"tag-leonard-cohen","8":"tag-musik","9":"tag-popular-problems","10":"entry"},"_links":{"self":[{"href":"https:\/\/kulturbloggen.com\/index.php?rest_route=\/wp\/v2\/posts\/86415","targetHints":{"allow":["GET"]}}],"collection":[{"href":"https:\/\/kulturbloggen.com\/index.php?rest_route=\/wp\/v2\/posts"}],"about":[{"href":"https:\/\/kulturbloggen.com\/index.php?rest_route=\/wp\/v2\/types\/post"}],"author":[{"embeddable":true,"href":"https:\/\/kulturbloggen.com\/index.php?rest_route=\/wp\/v2\/users\/13"}],"replies":[{"embeddable":true,"href":"https:\/\/kulturbloggen.com\/index.php?rest_route=%2Fwp%2Fv2%2Fcomments&post=86415"}],"version-history":[{"count":3,"href":"https:\/\/kulturbloggen.com\/index.php?rest_route=\/wp\/v2\/posts\/86415\/revisions"}],"predecessor-version":[{"id":87117,"href":"https:\/\/kulturbloggen.com\/index.php?rest_route=\/wp\/v2\/posts\/86415\/revisions\/87117"}],"wp:attachment":[{"href":"https:\/\/kulturbloggen.com\/index.php?rest_route=%2Fwp%2Fv2%2Fmedia&parent=86415"}],"wp:term":[{"taxonomy":"category","embeddable":true,"href":"https:\/\/kulturbloggen.com\/index.php?rest_route=%2Fwp%2Fv2%2Fcategories&post=86415"},{"taxonomy":"post_tag","embeddable":true,"href":"https:\/\/kulturbloggen.com\/index.php?rest_route=%2Fwp%2Fv2%2Ftags&post=86415"}],"curies":[{"name":"wp","href":"https:\/\/api.w.org\/{rel}","templated":true}]}}