{"id":8627,"date":"2009-04-14T10:32:03","date_gmt":"2009-04-14T09:32:03","guid":{"rendered":"http:\/\/kulturbloggen.com\/?p=8627"},"modified":"2009-04-14T10:32:03","modified_gmt":"2009-04-14T09:32:03","slug":"christina-gustafsson-har-releasekonsert-tillsammans-med-max-schultz","status":"publish","type":"post","link":"https:\/\/kulturbloggen.com\/?p=8627","title":{"rendered":"Christina Gustafsson har releasekonsert tillsammans med Max Schultz"},"content":{"rendered":"<p><img loading=\"lazy\" decoding=\"async\" src=\"http:\/\/sodergren.com\/kulturbloggen\/wp-content\/uploads\/2009\/04\/christinagustafsson290.jpg\" alt=\"christinagustafsson290\" title=\"christinagustafsson290\" width=\"290\" height=\"200\" class=\"alignright size-full wp-image-8628\" \/><br \/>\nChristina Gustafssson sl\u00e4pper nu sin andra CD MY MOVE efter den kritikerrosade debuten MOMENTS FREE  (2006). 15 april har hon en releasekonsert och d\u00e5 spelar bland annat Max Schultz gitarr.<br \/>\n<!--more--><br \/>\nH\u00e4r lite fakta fr\u00e5n ett pressutskick,skrivet av Christina Gustafsson:<br \/>\nH\u00e4lften av l\u00e5tarna \u00e4r skrivna av Christina med texter av Cecilia \u00c5se, Helena Davidsson och Stefan Danielsson. Christinas egna l\u00e5tar har r\u00f6tterna i jazzen med influenser av bl a den amerikanska singer\/songwriter-traditionen. De \u00f6vriga l\u00e5tarna \u00e4r Christinas egna arrangerade \u201djazzstandardsfavoriter\u201d och \u00e4ven James Taylors hit Your Smiling Face. Medproducent till skivan \u00e4r P\u00e5l Svenre.<\/p>\n<p>&#8221;Efter \u201dMoments Free\u201d k\u00e4ndes det sj\u00e4lvklart f\u00f6r mig att forts\u00e4tta skriva min egen musik och att forts\u00e4tta samarbetet med bandet som var med p\u00e5 den skivan.<br \/>\nJag \u00e4r v\u00e4ldigt f\u00f6rtjust i dessa mycket beg\u00e5vade musiker och sympatiska m\u00e4nniskor . De \u00e4r alltid uppmuntrande och bidrar med kreativa id\u00e9er. Jag och textf\u00f6rfattarna Cecilia \u00c5se och Helena Davidsson har  haft ett n\u00e4ra samarbete d\u00e4r vi pratar ihop oss om mina tankar just nu om livet och vad jag vill att texterna ska handla om. D\u00e4rf\u00f6r blev texterna personliga och n\u00e4ra.<\/p>\n<p>P\u00e5 skivan finns ocks\u00e5 James Taylors \u201dYour Smiling Face\u201d. En charmig l\u00e5t som jag inte kunde motst\u00e5. Med Max och Eriks fantastiska gitarrspel s\u00e5 blev den l\u00e5ten en sj\u00e4lvklarhet att spela in. Jag har valt n\u00e5gra favoriter fr\u00e5n jazzstandardrepertoaren. \u201dStormy Weather\u201d har jag reharmoniserat i ett lite \u201dstormigare\u201d arrangemang i 5\/4 takt. P\u00e5 \u201dI\u00b4ve Got The World On A String\u201d skrev jag ett mer traditionellt arrangemang. Martin H\u00f6per spelade upp \u201dSmiling Hour\u201d fr\u00e5n  Sarah<br \/>\nVaughans \u201dCopacabana\u201d och jag tvekade inte att spela in den. P\u00e5 den l\u00e5ten k\u00e4ndas det sj\u00e4lvklart att bjuda in ytterligare n\u00e5gra jazzs\u00e5ngerskor att sjunga i refr\u00e4ngerna : Lina Nyberg, Rigmor Gustafsson, och Sofia Pettersson f\u00f6rgyller ! \u00c4ven Sebastian Notini med sin Pandeiro delar med sig av sitt musikaliska  fantasteri.En ny bekantskap f\u00f6r mig \u00e4r P\u00e5l Svenre som med sin musikalitet och erfarenhet har gjort skivan till n\u00e5got extra f\u00f6r mig.<\/p>\n<p>Mitt band  \u00e4r inte bara v\u00e4lklingande instrumentalister utan r\u00e5kar \u00e4ven sjunga bra och \u00e4r d\u00e4rf\u00f6r med p\u00e5 n\u00e5gra l\u00e5tar och k\u00f6rar. Martin H\u00f6per sjunger dessutom en duett &#8211; \u201dSmile\u201d &#8211; med mig. I \u201dSomething Stupid\u201d-anda skrev jag ett arrangemang.<\/p>\n<p><a href=\"http:\/\/www.prophone.se\">www.prophone.se<\/a><br \/>\n<a href=\"http:\/\/www.naxos.se\">www.naxos.se<\/a><br \/>\n<a href=\"http:\/\/www.jazzanna.se\">www.jazzanna.se<\/a><\/p>\n<p><img loading=\"lazy\" decoding=\"async\" src=\"http:\/\/sodergren.com\/kulturbloggen\/wp-content\/uploads\/2009\/04\/christinagustafsson600.jpg\" alt=\"christinagustafsson600\" title=\"christinagustafsson600\" width=\"600\" height=\"200\" class=\"alignright size-full wp-image-8629\" \/><\/p>\n<p>L\u00e4s \u00e4ven andra bloggares \u00e5sikter om <a href=\"http:\/\/bloggar.se\/om\/jazz\" rel=\"tag\">jazz<\/a>, <a href=\"http:\/\/bloggar.se\/om\/release\" rel=\"tag\">release<\/a>, <a href=\"http:\/\/bloggar.se\/om\/konsert\" rel=\"tag\">konsert<\/a>, <a href=\"http:\/\/bloggar.se\/om\/Fasching\" rel=\"tag\">Fasching<\/a>, <a href=\"http:\/\/bloggar.se\/om\/musik\" rel=\"tag\">musik<\/a>, <a href=\"http:\/\/bloggar.se\/om\/Christina+Gustafsson\" rel=\"tag\">Christina Gustafsson<\/a><\/p>\n","protected":false},"excerpt":{"rendered":"<p>Christina Gustafssson sl\u00e4pper nu sin andra CD MY MOVE efter den kritikerrosade debuten MOMENTS FREE (2006). 15 april har hon en releasekonsert och d\u00e5 spelar bland annat Max Schultz gitarr.<\/p>\n","protected":false},"author":13,"featured_media":0,"comment_status":"open","ping_status":"open","sticky":false,"template":"","format":"standard","meta":{"_genesis_hide_title":false,"_genesis_hide_breadcrumbs":false,"_genesis_hide_singular_image":false,"_genesis_hide_footer_widgets":false,"_genesis_custom_body_class":"","_genesis_custom_post_class":"","_genesis_layout":"","footnotes":""},"categories":[7],"tags":[1666,2632,3000,12282,4703],"class_list":{"0":"post-8627","1":"post","2":"type-post","3":"status-publish","4":"format-standard","6":"category-musik","7":"tag-fasching","8":"tag-jazz","9":"tag-konsert","10":"tag-musik","11":"tag-release","12":"entry"},"_links":{"self":[{"href":"https:\/\/kulturbloggen.com\/index.php?rest_route=\/wp\/v2\/posts\/8627","targetHints":{"allow":["GET"]}}],"collection":[{"href":"https:\/\/kulturbloggen.com\/index.php?rest_route=\/wp\/v2\/posts"}],"about":[{"href":"https:\/\/kulturbloggen.com\/index.php?rest_route=\/wp\/v2\/types\/post"}],"author":[{"embeddable":true,"href":"https:\/\/kulturbloggen.com\/index.php?rest_route=\/wp\/v2\/users\/13"}],"replies":[{"embeddable":true,"href":"https:\/\/kulturbloggen.com\/index.php?rest_route=%2Fwp%2Fv2%2Fcomments&post=8627"}],"version-history":[{"count":0,"href":"https:\/\/kulturbloggen.com\/index.php?rest_route=\/wp\/v2\/posts\/8627\/revisions"}],"wp:attachment":[{"href":"https:\/\/kulturbloggen.com\/index.php?rest_route=%2Fwp%2Fv2%2Fmedia&parent=8627"}],"wp:term":[{"taxonomy":"category","embeddable":true,"href":"https:\/\/kulturbloggen.com\/index.php?rest_route=%2Fwp%2Fv2%2Fcategories&post=8627"},{"taxonomy":"post_tag","embeddable":true,"href":"https:\/\/kulturbloggen.com\/index.php?rest_route=%2Fwp%2Fv2%2Ftags&post=8627"}],"curies":[{"name":"wp","href":"https:\/\/api.w.org\/{rel}","templated":true}]}}