{"id":86159,"date":"2014-08-08T18:24:44","date_gmt":"2014-08-08T16:24:44","guid":{"rendered":"http:\/\/kulturbloggen.com\/?p=86159"},"modified":"2014-08-08T18:24:44","modified_gmt":"2014-08-08T16:24:44","slug":"kulturbloggen-moter-titiyo","status":"publish","type":"post","link":"https:\/\/kulturbloggen.com\/?p=86159","title":{"rendered":"Kulturbloggen m\u00f6ter Titiyo"},"content":{"rendered":"<p><img loading=\"lazy\" decoding=\"async\" src=\"http:\/\/kulturbloggen.com\/wp-content\/uploads\/2014\/08\/TITIYO.jpg\" alt=\"TITIYO\" width=\"450\" height=\"643\" class=\"aligncenter size-full wp-image-86161\" srcset=\"https:\/\/kulturbloggen.com\/wp-content\/uploads\/2014\/08\/TITIYO.jpg 450w, https:\/\/kulturbloggen.com\/wp-content\/uploads\/2014\/08\/TITIYO-209x300.jpg 209w\" sizes=\"auto, (max-width: 450px) 100vw, 450px\" \/><\/p>\n<p>Fragment av en v\u00e4lbekant r\u00f6st undrar om vi kan h\u00f6ras om en stund. Tror jag, i alla fall. Ett par verifierande sms klarg\u00f6r dock att vi ska h\u00f6ras en halvtimme senare p\u00e5 en fast telefon. S\u00e5 som det kan vara n\u00e4r n\u00e5gon har semestert\u00e4ckning p\u00e5 mobiltelefonen, ni vet. Och n\u00e4sta f\u00f6rs\u00f6k g\u00e5r desto b\u00e4ttre.<\/p>\n<p>Titiyo, precis som folk i allm\u00e4nhet, n\u00e4rmar sig semesterledighetens bakre \u00e4nde, och packar inf\u00f6r en sv\u00e4ng ner till Way Out West i G\u00f6teborg, dock inte f\u00f6r att spela sj\u00e4lv:<\/p>\n<p>\u2013 Nej, jag hade t\u00e4nkt att jag skulle det, men det var lite f\u00f6r tajt med tid f\u00f6r att vi skulle hinna f\u00e5 klart produktionen p\u00e5 l\u00e5tarna. Vi jobbade r\u00e4tt h\u00e5rt p\u00e5 v\u00e5ren, sedan gick alla p\u00e5 semester och vi har tillbringat juli m\u00e5nad p\u00e5 olika h\u00e5ll. Men nu \u00e4r det som sagt en sv\u00e4ng till Way Out West, d\u00e4refter Sommarkrysset p\u00e5 l\u00f6rdag och sedan forts\u00e4tter vi med att f\u00e4rdigst\u00e4lla albumet.<\/p>\n<p>Tillbaka p\u00e5 Telegram Records igen s\u00e5g det fr\u00e5n b\u00f6rjan ut att vara en cirkel som sl\u00f6ts n\u00e4r arbetet med Drottningen\u2026 inleddes tillsammans med gamle vapendragaren Magnus Frykberg, som hj\u00e4lpte till med flertalet produktioner inf\u00f6r S\u00e5 Mycket B\u00e4ttre. Frykberg flyttade dock till USA under 3 m\u00e5nader och Titiyo slog sig ist\u00e4llet ihop med bl.a. Dante, Martin Sakarias och Jonathan Johansson:<\/p>\n<p>\u2013 Det k\u00e4ndes s\u00e5 himla bra med Dante och Sakarias, s\u00e5 vi k\u00f6rde bara p\u00e5, helt enkelt. Jonathan och jag har l\u00e4nge pratat om att g\u00f6ra n\u00e5got ihop p\u00e5 engelska, och den h\u00e4r g\u00e5ngen jagade jag fatt i honom f\u00f6r att g\u00f6ra en platta p\u00e5 svenska. Vi tr\u00e4ffades och k\u00e4nde att vi fungerade j\u00e4ttebra. Nu har han varit mer eller mindre inblandad i fem l\u00e5tar. Det \u00e4r s\u00e5 sk\u00f6nt n\u00e4r nyuppt\u00e4ckta samarbeten klickar.<\/p>\n<p><strong>Svenska, ja. Nu n\u00e4r du f\u00f6r f\u00f6rsta g\u00e5ngen g\u00f6r ett album p\u00e5 svenska, vem skriver texterna?<\/strong><br \/>\n\u2013 Det \u00e4r lite blandat. P\u00e5 n\u00e4sta singel, \u201dSolna\u201d, har Jonathan suttit och n\u00e4stan intervjuat mig f\u00f6r att d\u00e4refter skriva texten medan jag har gjort melodin.<\/p>\n<p>Just \u201dSolna\u201d tycker jag \u00e4r intressant, v\u00e4ldigt udda ackordbyten som skiftar mellan dur och moll, n\u00e4stan lite sm\u00e5jazzig.<br \/>\n\u2013 Ackorden kommer faktiskt fr\u00e5n Martin Renck, lillebror till Johan Renck(alias Stakka Bo), och hans instrumentalprojekt Svartaste. Jag satt och lyssnade p\u00e5 honom och uppt\u00e4ckte de h\u00e4r ackorden och satte en melodi till dem. Sedan gjorde Dante och Sakarias en 90-talsinspirerad produktion till det, med en annan melodi och en annan text, som sedan byttes mot en ny melodi och s\u00e5 satte Jonathan en ny text till den. S\u00e5 den har g\u00e5tt n\u00e5gra v\u00e4ndor!<\/p>\n<p><strong>Du kommer ju fr\u00e5n Solna, var det naturligt att det skulle bli ett tema om det?<\/strong><br \/>\n\u2013 Nej, fr\u00e5n b\u00f6rjan hette l\u00e5ten \u201dStockholm\u201d. N\u00e4r Jonathan fick h\u00f6ra den och skulle komma med en text fr\u00e5gade han: \u201dmen \u00e4r inte du fr\u00e5n Solna?\u201d. \u201dJo\u2026\u201d, sa jag, och ins\u00e5g att h\u00e4r har vi n\u00e5got, eftersom det inte finns s\u00e5 m\u00e5nga l\u00e5tar som handlar om Solna, vad det nu beror p\u00e5.<\/p>\n<p><strong>Vad har varit sv\u00e5rast med att \u00f6verg\u00e5 till att sjunga p\u00e5 svenska?<\/strong><br \/>\n\u2013 Just nu k\u00e4nns det inte sv\u00e5rt, jag har n\u00e4stan gl\u00f6mt bort att jag bytt spr\u00e5k. Omst\u00e4llningen har g\u00e5tt fort till att det blivit naturligt och jag t\u00e4nker inte p\u00e5 det. Jag tror det beror p\u00e5 att jag k\u00e4nner mig bekv\u00e4m i l\u00e5tarna. M\u00f6jligen har det sv\u00e5raste varit att komma underfund med hur jag l\u00e5ter p\u00e5 svenska, att inte l\u00e5ta som n\u00e5gon annan, som Lisa Nilsson eller Veronica Maggio. Jag uppt\u00e4ckte ocks\u00e5 att jag inte kan sjunga p\u00e5 \u201dgammelsvenska\u201d, utan att jag k\u00e4nde mig hemma i ord f\u00f6rankrade i v\u00e5rt nutida spr\u00e5kbruk. Men nu n\u00e4r jag hittat nycklarna k\u00e4nns det skitbra.<\/p>\n<p><strong>Hur har all exponering i TV senaste \u00e5ret med S\u00e5 Mycket B\u00e4ttre och Pluras K\u00f6k p\u00e5verkat livet f\u00f6r dig?<\/strong><br \/>\n\u2013 F\u00f6r mig har det bara varit positivt. Nu \u00e4r jag en person som duckar f\u00f6r vad som skrivs om mitt namn i media, jag h\u00e5ller mig verkligen undan fr\u00e5n vad folk tycker. Jag \u00e4r ganska k\u00e4nslig f\u00f6r s\u00e5dant och s\u00e5 sitter det som en rostig spik i huvudet. Men jag har uppskattat min medverkan, och jag f\u00e5r otroligt mycket uppskattning fr\u00e5n folk p\u00e5 gatan. Det har liksom blomstrat upp en ny liten \u201dtycka-om\u201d-relation mellan artisten Titiyo och den svenska publiken.<\/p>\n<p><strong>Har du rent av g\u00e5tt och blivit folkk\u00e4r?<\/strong><br \/>\n\u2013 Jag kanske har blivit folkk\u00e4r, precis! Folk kanske tycker att jag \u00e4r en trevlig prick, ist\u00e4llet f\u00f6r att ha trott att jag har varit lite pretenti\u00f6s och \u201dst\u00f6rig\u201d!(Skratt) Det k\u00e4nns som att folk har l\u00e4rt k\u00e4nna mig lite grann och d\u00e5 blir det lite mer avslappnat.<\/p>\n<p><strong>Har det inte inkr\u00e4ktat p\u00e5 privatlivet?<\/strong><br \/>\n\u2013 Inte s\u00e5 farligt, faktiskt, det \u00e4r ganska lugnt. N\u00e4r jag m\u00f6ter folks blickar s\u00e4ger dom inget, men dom ler uppskattande, vilket jag tycker \u00e4r helt underbart. Man blir s\u00e5 lycklig av att folk \u00e4nd\u00e5 vill visa lite att \u201dvi tycker du \u00e4r bra\u201d! Det fyller p\u00e5 den d\u00e4r tanken av energi som g\u00f6r att man skapar mer. S\u00e5 det \u00e4r inte besv\u00e4rligt. Det var en del snack som drogs i media hela tiden om att jag \u00e4r singel, som att det vore n\u00e5got konstigt. Var och varannan m\u00e4nniska \u00e4r ju singel. Men det var v\u00e4l inte v\u00e4rre \u00e4n s\u00e5, och det kan jag hantera.<\/p>\n<p><strong>P\u00e5 varje Titiyo-album finns den d\u00e4r duetten som du alltid g\u00f6r med n\u00e5gon. Vem \u00e4r den lycklige den h\u00e4r g\u00e5ngen \u2026?<\/strong><br \/>\n\u2013 Jag vet!(Skratt) Utan att s\u00e4ga f\u00f6r mycket kan jag avsl\u00f6ja att jag t\u00e4nker bryta den regeln den h\u00e4r g\u00e5ngen. Jag \u00e4r ju lite av en kameleont och kan sl\u00e5 mig ihop med olika personer inom olika musikstilar, men det h\u00e4r p\u00e5 svenska \u00e4r v\u00e4ldigt viktigt att det blir tydligt p\u00e5 mitt eget s\u00e4tt som jag inte gjort det f\u00f6rut.<\/p>\n<p>Och varje Titiyo-album k\u00e4nns lite som ett comebackalbum\u2026?<br \/>\n\u2013 Ja, det \u00e4r ofta de beskrivs som comebackalbum, av n\u00e5gon anledning. Jag vet inte riktigt om det \u00e4r f\u00f6r att jag jobbar l\u00e5ngsamt, det \u00e4r kanske en kombination med att hitta nya v\u00e4gar. Jag har visserligen inte sl\u00e4ppt n\u00e5gon skiva sedan 2008, men h\u00e5llit p\u00e5 med lite annat som Keep Company och s\u00e5 d\u00e4r. Fr\u00e5n att jag i september best\u00e4mde mig f\u00f6r att g\u00f6ra det nya och sedan \u00e5kte iv\u00e4g och gjorde Pluras K\u00f6k har det  \u00e4nd\u00e5 g\u00e5tt v\u00e4ldigt fort. S\u00e5 h\u00e4r snabbt brukar det faktiskt inte g\u00e5 med att starta upp fr\u00e5n scratch med nya l\u00e5tar och samarbeten. Mycket tid har g\u00e5tt \u00e5t till att fundera ut vad n\u00e4sta platta ska bli, och jag g\u00e5r redan nu och har en l\u00e4tt \u00e5ngest \u00f6ver att det m\u00e5ste komma en till svensk platta efter denna ganska kvickt.<\/p>\n<p><strong>Du l\u00e5ter \u00e4nd\u00e5 r\u00e4tt inspirerad?<\/strong><br \/>\n\u2013 Ja, det \u00e4r jag verkligen. Det h\u00e4r med att g\u00f6ra saker p\u00e5 svenska \u00f6ppnar upp s\u00e5 m\u00e5nga nya plattformar, s\u00e5 det \u00e4r ett fyllt skafferi att plocka ur.<\/p>\n<p><strong>\u201dDrottningen \u00c4r Tillbaka\u201d har du beskrivit som en hyllning till starka kvinnor, men p\u00e5 \u00f6vriga albumet k\u00e4nns det inte som att l\u00e5tarna f\u00f6ljer riktigt samma tema.<\/strong><br \/>\n\u2013 Nej, vi har f\u00f6rs\u00f6kt h\u00e5lla texterna och bildspr\u00e5ket till min lokala omgivning. Solna, Stockholm, min familj och mina upplevelser fr\u00e5n f\u00f6rr och nu. S\u00e5 har jag aldrig jobbat kring texter f\u00f6rut.<\/p>\n<p><strong>Det l\u00e5ter som att allt \u00e4r mycket mer personligt?<\/strong><br \/>\n\u2013 V\u00e4ldigt mycket mer personligt! Och inte alls lika psykedeliskt och flummigt som tidigare, utan ett tydligt ber\u00e4ttande om lite saker som har h\u00e4nt och s\u00e5.<\/p>\n<p><strong>V\u00e5gar man g\u00f6ra det mer personligt f\u00f6r att man skriver p\u00e5 modersm\u00e5let, allts\u00e5 att man har m\u00f6jlighet att uttrycka detaljer med mindre risk f\u00f6r missf\u00f6rst\u00e5nd?<\/strong><br \/>\n\u2013 Jag tror det, det k\u00e4nns som att det blir en direkthet p\u00e5 ett annat s\u00e4tt. Egentligen var det inget som jag efterfr\u00e5gade p\u00e5 n\u00e5got s\u00e4tt, utan har bara mer styrts \u00e5t det h\u00e5llet. D\u00e4remot skulle jag vilja hitta det d\u00e4r lite mer psykedeliska p\u00e5 svenska. Exempelvis Dungen har hittat det, men det tror jag skulle vara en j\u00e4tteutmaning och sv\u00e5rt f\u00f6r mig att hitta. Att g\u00f6ra en krautig, monoton trip-hop-l\u00e5t p\u00e5 svenska skulle vara kul att prova n\u00e5gon g\u00e5ng! Jag har nog r\u00e4tt mycket trip-hop i mig, och nu har vi g\u00e5tt in ganska mycket i en 90-talsinriktning, det k\u00e4nns sk\u00f6nt att inte bara tassa omkring det.<\/p>\n<p><strong>I \u201dDu Tar Hand Om Honom\u201d tycker jag att ni verkar ha hittat den k\u00e4nslan?<\/strong><br \/>\n\u2013 Ja, den \u00e4r lite klubbig och monoton. Sedan tycker jag att \u201dSolna\u201d ocks\u00e5 har mycket 90-tal i sitt beat, instrumental refr\u00e4ng \u00e1 la Madonna och lite Ray Of Light-k\u00e4nsla.<\/p>\n<p>Feminism debatteras flitigt idag, och kvinnliga artister tar i allt st\u00f6rre utstr\u00e4ckning kommando \u00f6ver sina karri\u00e4rer. Sett ur den vinkeln med de erfarenheter du har, finns det n\u00e5got r\u00e5d du skulle vilja ha kunnat ge ditt yngre jag tidigt i karri\u00e4ren?<br \/>\n\u2013 Jag kan ju \u00f6nska att jag hade ett b\u00e4ttre sj\u00e4lvf\u00f6rtroende som m\u00e4nniska. Det var ju Magnus och m\u00e5nga m\u00e4n runt omkring mig. Han var utbildad och hade g\u00e5tt i skola och visste vad han h\u00f6ll p\u00e5 med, en fantastisk trummis. Sj\u00e4lv halkade jag in p\u00e5 ett bananskal n\u00e4r n\u00e5gon tyckte att jag hade en fin r\u00f6st och s\u00e5 d\u00e4r. S\u00e5 jag hade inte hunnit bygga upp n\u00e5got sj\u00e4lvf\u00f6rtroende kring mig sj\u00e4lv \u00e4nnu, men jag \u00f6nskar att jag hade haft det f\u00f6r att g\u00e5 in i skapandet mycket mer. Jag var v\u00e4ldigt, v\u00e4ldigt blyg n\u00e4r det kom till att presentera id\u00e9er, det var l\u00e4ttare att \u00f6verl\u00e5ta det \u00e5t andra och jag hade stort behov av att andra skulle bekr\u00e4fta det man gjorde. Jag v\u00e5gade inte vara best\u00e4md och ta beslut om olika saker i skapandet. Det d\u00e4r \u00e4r v\u00e4l n\u00e5got som vi kvinnor p\u00e5 n\u00e5got s\u00e4tt h\u00e5ller p\u00e5 att \u00f6va upp, det sj\u00e4lvf\u00f6rtroendet finns inte bara d\u00e4r utan det m\u00e5ste finnas en plats och en plattform f\u00f6r oss och det \u00e4r nog det vi h\u00e5ller p\u00e5 att fajta oss in i. Sedan \u00e4r det olika saker att vara kvinnlig artist j\u00e4mf\u00f6rt med att vara kvinnlig musiker. Som artist \u00e4r man oftast mycket mer respekterad medan man som musiker inte tas p\u00e5 samma allvar. Det \u00e4r n\u00e5gon rostig gammal oskriven regel som tyv\u00e4rr lever kvar.<\/p>\n<p><strong>Men idag verkar du onekligen vara en betydligt starkare Titiyo. Skulle du kunna t\u00e4nka dig att ha ett eget TV-program?<\/strong><br \/>\n\u2013 (Svarar blixtsnabbt) Absolut! Ha ha! Det skulle vara j\u00e4tteroligt, antingen att man hittar p\u00e5 n\u00e5got bra sj\u00e4lv eller s\u00e5. Jag \u00e4r helt \u00f6vertygad om att det kommer att komma upp n\u00e5got. Redan har jag f\u00e5tt f\u00f6rslag som dock inte har k\u00e4nts r\u00e4tt. Det skulle vara kul att g\u00f6ra n\u00e5got i stil med Papas Kapps\u00e4ck, som Papa Dee hade en g\u00e5ng i tiden. Man vill ju g\u00f6ra n\u00e5got program med lite tyngd, det m\u00e5ste ha anknytning till musik. Men hemskt g\u00e4rna, det \u00e4r kul att g\u00f6ra TV.<\/p>\n<p><strong>Hur ser n\u00e4rmaste framtiden ut?<\/strong><br \/>\n\u2013 Efter den h\u00e4r veckan \u00e4r alla tillbaka, s\u00e5 d\u00e5 pumpar vi p\u00e5 med att f\u00e4rdigst\u00e4lla albumet som skall komma ut i oktober. Mer \u00e4n halva albumet \u00e4r klart, s\u00e5 jag k\u00e4nner mig trygg med att vi ska hinna. Singeln \u201dSolna\u201d ska komma i september, vad jag f\u00f6rst\u00e5r.<\/p>\n<p><strong>Kommer du att turnera eller g\u00f6ra n\u00e5gra andra liveframtr\u00e4danden?<\/strong><br \/>\n\u2013 I samband med skivsl\u00e4pp kommer jag att g\u00f6ra n\u00e5gra klubbspelningar. Men jag v\u00e4grar \u00e5ka ut och turnera om det inte finns en stark efterfr\u00e5gan. Jag h\u00e5ller huvudet kallt \u00e4n s\u00e5 l\u00e4nge och t\u00e4nker inte st\u00e4lla mig p\u00e5 n\u00e5gon festival, utan folk m\u00e5ste vilja se mig. S\u00e5 den typen av bokningar v\u00e4ntar jag med f\u00f6r att se hur albumet g\u00e5r f\u00f6rst.<\/p>\n<p><strong>Nu var du lite blygsam \u2026<\/strong><br \/>\n\u2013 Ja, men jag har upplevt b\u00e5da sidorna av myntet. Jag \u00e4lskar att spela, det \u00e4r bland det b\u00e4sta i livet, men det \u00e4r ocks\u00e5 j\u00e4vligt trist n\u00e4r man har varit p\u00e5 ett st\u00e4lle d\u00e4r man har en j\u00e4ttepublik, och s\u00e5 kommer man n\u00e5gonstans d\u00e4r det \u00e4r lite folk. Det var exempelvis inte kul att g\u00e5 p\u00e5 samtidigt som Ulf Lundell i Sundsvall. Men jag fick fantastiska recensioner, b\u00e4ttre \u00e4n Uffe, s\u00e5 det kanske inte beh\u00f6ver spela s\u00e5 stor roll!(Skratt) Hur som helst vill jag k\u00e4nna att det k\u00e4nns komfortabelt med intresset, inte bara s\u00e5 att man \u00e5ker ut f\u00f6r att man \u201dska\u201d i samband med en ny skiva. Men jag l\u00e4ngtar!<\/p>\n<p><strong>D\u00e5 kommer du att samla ett band, antar jag?<\/strong><br \/>\n\u2013 Ja, men jag t\u00e4nkte s\u00e4tta ihop ett ganska litet band, faktiskt. Bara kanske tre, fyra personer, inte fler.<\/p>\n<p><strong>Avslutningsvis, hur tycker du allt k\u00e4nns just nu?<\/strong><br \/>\n\u2013 Allt k\u00e4nns v\u00e4ldigt, v\u00e4ldigt bra. Allting \u00e4r liksom p\u00e5 r\u00e4tt plats, allt snurrar i r\u00e4tt riktning. Det tr\u00e5kiga \u00e4r att n\u00e4r allt snurrar i r\u00e4tt riktning v\u00e4ntar man bara p\u00e5 att man ska snubbla\u2026, rundar Tityo av i f\u00e4rd med att ladda f\u00f6r festivalbes\u00f6k som avslutning p\u00e5 sommaren innan vardagen tar vid igen.<\/p>\n<p>\u00c5ja, risken att n\u00e5got skulle g\u00e5 p\u00e5 tok ter sig avl\u00e4gsen i nul\u00e4get. Och \u00e4ven om sj\u00e4lvf\u00f6rtroendet \u00e4r ett helt annat nu \u00e4n i inledningen p\u00e5 karri\u00e4ren verkar Titiyo \u00e4nd\u00e5 beh\u00f6va en sista puff, s\u00e5 alla ni som l\u00e4ser detta, se nu till att ropa ut henne till livescenerna s\u00e5 hon f\u00f6rst\u00e5r att folk vill ha sin drottning tillbaka.<\/p>\n","protected":false},"excerpt":{"rendered":"<p>Fragment av en v\u00e4lbekant r\u00f6st undrar om vi kan h\u00f6ras om en stund. Tror jag, i alla fall. Ett par verifierande sms klarg\u00f6r dock att vi ska h\u00f6ras en halvtimme senare p\u00e5 en fast telefon. S\u00e5 som det kan vara n\u00e4r n\u00e5gon har semestert\u00e4ckning p\u00e5 mobiltelefonen, ni vet. Och n\u00e4sta f\u00f6rs\u00f6k g\u00e5r desto b\u00e4ttre. Titiyo, [&hellip;]<\/p>\n","protected":false},"author":13,"featured_media":0,"comment_status":"open","ping_status":"open","sticky":false,"template":"","format":"standard","meta":{"_genesis_hide_title":false,"_genesis_hide_breadcrumbs":false,"_genesis_hide_singular_image":false,"_genesis_hide_footer_widgets":false,"_genesis_custom_body_class":"","_genesis_custom_post_class":"","_genesis_layout":"","footnotes":""},"categories":[20],"tags":[12281,11237,5875,11236],"class_list":{"0":"post-86159","1":"post","2":"type-post","3":"status-publish","4":"format-standard","6":"category-film","7":"tag-intervju","8":"tag-sommarkrysset","9":"tag-titiyo","10":"tag-tommy-juto","11":"entry"},"_links":{"self":[{"href":"https:\/\/kulturbloggen.com\/index.php?rest_route=\/wp\/v2\/posts\/86159","targetHints":{"allow":["GET"]}}],"collection":[{"href":"https:\/\/kulturbloggen.com\/index.php?rest_route=\/wp\/v2\/posts"}],"about":[{"href":"https:\/\/kulturbloggen.com\/index.php?rest_route=\/wp\/v2\/types\/post"}],"author":[{"embeddable":true,"href":"https:\/\/kulturbloggen.com\/index.php?rest_route=\/wp\/v2\/users\/13"}],"replies":[{"embeddable":true,"href":"https:\/\/kulturbloggen.com\/index.php?rest_route=%2Fwp%2Fv2%2Fcomments&post=86159"}],"version-history":[{"count":3,"href":"https:\/\/kulturbloggen.com\/index.php?rest_route=\/wp\/v2\/posts\/86159\/revisions"}],"predecessor-version":[{"id":86163,"href":"https:\/\/kulturbloggen.com\/index.php?rest_route=\/wp\/v2\/posts\/86159\/revisions\/86163"}],"wp:attachment":[{"href":"https:\/\/kulturbloggen.com\/index.php?rest_route=%2Fwp%2Fv2%2Fmedia&parent=86159"}],"wp:term":[{"taxonomy":"category","embeddable":true,"href":"https:\/\/kulturbloggen.com\/index.php?rest_route=%2Fwp%2Fv2%2Fcategories&post=86159"},{"taxonomy":"post_tag","embeddable":true,"href":"https:\/\/kulturbloggen.com\/index.php?rest_route=%2Fwp%2Fv2%2Ftags&post=86159"}],"curies":[{"name":"wp","href":"https:\/\/api.w.org\/{rel}","templated":true}]}}