{"id":86133,"date":"2014-08-08T12:59:38","date_gmt":"2014-08-08T10:59:38","guid":{"rendered":"http:\/\/kulturbloggen.com\/?p=86133"},"modified":"2014-08-08T12:59:38","modified_gmt":"2014-08-08T10:59:38","slug":"sverigepremiar-for-richard-strauss-daphne-inleder-sasongen-pa-goteborgsoperan","status":"publish","type":"post","link":"https:\/\/kulturbloggen.com\/?p=86133","title":{"rendered":"Sverigepremi\u00e4r f\u00f6r Richard Strauss Daphne inleder s\u00e4songen p\u00e5 G\u00f6teborgsOperan"},"content":{"rendered":"<p><a href=\"http:\/\/kulturbloggen.com\/wp-content\/uploads\/2014\/08\/daphne.jpg\"><img loading=\"lazy\" decoding=\"async\" src=\"http:\/\/kulturbloggen.com\/wp-content\/uploads\/2014\/08\/daphne-300x102.jpg\" alt=\"daphne\" width=\"300\" height=\"102\" class=\"aligncenter size-medium wp-image-86134\" srcset=\"https:\/\/kulturbloggen.com\/wp-content\/uploads\/2014\/08\/daphne-300x102.jpg 300w, https:\/\/kulturbloggen.com\/wp-content\/uploads\/2014\/08\/daphne.jpg 454w\" sizes=\"auto, (max-width: 300px) 100vw, 300px\" \/><\/a><\/p>\n<p>Fredag 15 augusti inleds en ny s\u00e4song fullsp\u00e4ckad med opera, konsert, dans och musikal p\u00e5 G\u00f6teborgsOperan. Richard Strauss 150-\u00e5rsjubileum firas med Sverigepremi\u00e4r av hans opera Daphne. I titelrollen: Agneta Eichenholz. Dirigent \u00e4r Henrik Schaefer.<\/p>\n<p>Ett pressmeddelande ber\u00e4ttar:<br \/>\nDaphne hade urpremi\u00e4r 1938. Operan tillh\u00f6r inte Richard Strauss mest spelade verk men har p\u00e5 senare \u00e5r dykt upp allt oftare p\u00e5 v\u00e4rldens operahus.P\u00e5 G\u00f6teborgsOperan ges den nu konsertant i tv\u00e5 f\u00f6rest\u00e4llningar.<\/p>\n<p>Daphne\u00e4r ber\u00e4ttelsen om nymfen med samma namn som undkommer guden Apollos hetlevrade uppvaktning genom att f\u00f6rvandla sig till ett lagertr\u00e4d. Strauss l\u00e5ter sin opera sluta p\u00e5 ett enast\u00e5ende magiskt s\u00e4tt d\u00e5 Daphne v\u00e4xer in i det susande l\u00f6vverket.<\/p>\n<p>I titelrollen h\u00f6rs den internationellt verksamma sopranen Agneta Eichenholz, som senast hade stora framg\u00e5ngar p\u00e5 G\u00f6teborgsOperan som H\u00e4ndels Alcina. Apollo \u00e4r Stefan Vinke, och som hans rival och Daphnes ungdomsk\u00e4rlek Leukippos h\u00f6rs G\u00f6teborgsOperans solist Tomas Lind. G\u00f6teborgsOperans Orkester leds av dirigent Henrik Schaefer. G\u00f6teborgsOperans Herrk\u00f6r medverkar. Tv\u00e5 \u00e4ndringar finns i team och rollistan som tidigare publicerats: Stefan Vinke (Apollo) och Henrik Schaefer (dirigent) ers\u00e4tter Daniel Frank respektive Patrik Ringborg.<\/p>\n<p>G\u00f6teborgsOperan kommer att \u00e5terkomma med mer musik av Richard Strauss i h\u00f6stens orkesterkonsert N\u00e4rkontakt. D\u00e5 g\u00e4stas G\u00f6teborgsOperans Orkester av n\u00e5gra musiker och en dirigent fr\u00e5n anrika Berlinfilharmonikerna.<\/p>\n<p>F\u00f6r intervjuer eller reportage v\u00e4nligen kontakta Jenny Jernberg 031-10 80 35\/076-801 80 35, jenny.jernberg@opera.se <\/p>\n<p>Pressbiljetter bokas via Jenny Jernberg enligt ovan.<\/p>\n<p>Premi\u00e4r 15 augusti 2014 kl 19.00. Ges \u00e4ven 17 augusti 18.00. F\u00f6rest\u00e4llningen \u00e4r 1 timme och 15 minuter utan paus.<\/p>\n<p>Opera (bukolisk tragedi) i en akt av RICHARD STRAUSS.<br \/>\nLibretto Joseph Gregor. Konsertant version*.<br \/>\nPremi\u00e4r: 15 augusti 2014, ges \u00e4ven 17 augusti 2014<br \/>\nStora scenen.<br \/>\nL\u00e4ngd: 1 timma och 50 minuter utan paus.<\/p>\n<p>Dirigent Henrik Schaefer<br \/>\nPeneios Anders Lorentzson<br \/>\nGaea Maria Streijffert<br \/>\nDaphne Agneta Eichenholz<br \/>\nLeukippos Tomas Lind<br \/>\nApollo Stefan Vinke<br \/>\nF\u00f6rste herden Marco Stella<br \/>\nAndre herden Ingemar Anderson<br \/>\nTredje herden Peter Loguin<br \/>\nFj\u00e4rde herden Herbj\u00f6rn Thordarson<br \/>\nF\u00f6rsta tj\u00e4narinnan Sofie Asplund<br \/>\nAndra tj\u00e4narinnan Ann-Kristin Jones<br \/>\nG\u00f6teborgsOperans Herrk\u00f6r<br \/>\nG\u00f6teborgsOperans Orkester<\/p>\n<p>*Konsertant version inneb\u00e4r att operan framf\u00f6rs som en konsert utan dekor, full kostym och agerande. Fokus ligger p\u00e5 s\u00e5ngen och musiken. <\/p>\n","protected":false},"excerpt":{"rendered":"<p>Fredag 15 augusti inleds en ny s\u00e4song fullsp\u00e4ckad med opera, konsert, dans och musikal p\u00e5 G\u00f6teborgsOperan. Richard Strauss 150-\u00e5rsjubileum firas med Sverigepremi\u00e4r av hans opera Daphne. I titelrollen: Agneta Eichenholz. Dirigent \u00e4r Henrik Schaefer. Ett pressmeddelande ber\u00e4ttar: Daphne hade urpremi\u00e4r 1938. Operan tillh\u00f6r inte Richard Strauss mest spelade verk men har p\u00e5 senare \u00e5r dykt [&hellip;]<\/p>\n","protected":false},"author":13,"featured_media":0,"comment_status":"open","ping_status":"open","sticky":false,"template":"","format":"standard","meta":{"_genesis_hide_title":false,"_genesis_hide_breadcrumbs":false,"_genesis_hide_singular_image":false,"_genesis_hide_footer_widgets":false,"_genesis_custom_body_class":"","_genesis_custom_post_class":"","_genesis_layout":"","footnotes":""},"categories":[20],"tags":[11234,11235,4742],"class_list":{"0":"post-86133","1":"post","2":"type-post","3":"status-publish","4":"format-standard","6":"category-film","7":"tag-daphne","8":"tag-goteborgsoperan-opera","9":"tag-richard-strauss","10":"entry"},"_links":{"self":[{"href":"https:\/\/kulturbloggen.com\/index.php?rest_route=\/wp\/v2\/posts\/86133","targetHints":{"allow":["GET"]}}],"collection":[{"href":"https:\/\/kulturbloggen.com\/index.php?rest_route=\/wp\/v2\/posts"}],"about":[{"href":"https:\/\/kulturbloggen.com\/index.php?rest_route=\/wp\/v2\/types\/post"}],"author":[{"embeddable":true,"href":"https:\/\/kulturbloggen.com\/index.php?rest_route=\/wp\/v2\/users\/13"}],"replies":[{"embeddable":true,"href":"https:\/\/kulturbloggen.com\/index.php?rest_route=%2Fwp%2Fv2%2Fcomments&post=86133"}],"version-history":[{"count":1,"href":"https:\/\/kulturbloggen.com\/index.php?rest_route=\/wp\/v2\/posts\/86133\/revisions"}],"predecessor-version":[{"id":86135,"href":"https:\/\/kulturbloggen.com\/index.php?rest_route=\/wp\/v2\/posts\/86133\/revisions\/86135"}],"wp:attachment":[{"href":"https:\/\/kulturbloggen.com\/index.php?rest_route=%2Fwp%2Fv2%2Fmedia&parent=86133"}],"wp:term":[{"taxonomy":"category","embeddable":true,"href":"https:\/\/kulturbloggen.com\/index.php?rest_route=%2Fwp%2Fv2%2Fcategories&post=86133"},{"taxonomy":"post_tag","embeddable":true,"href":"https:\/\/kulturbloggen.com\/index.php?rest_route=%2Fwp%2Fv2%2Ftags&post=86133"}],"curies":[{"name":"wp","href":"https:\/\/api.w.org\/{rel}","templated":true}]}}