{"id":86116,"date":"2014-08-08T11:14:24","date_gmt":"2014-08-08T09:14:24","guid":{"rendered":"http:\/\/kulturbloggen.com\/?p=86116"},"modified":"2014-08-08T11:14:24","modified_gmt":"2014-08-08T09:14:24","slug":"ny-biblioteksverksamhet-oppnas-for-unga-i-kulturhuset-stadsteatern","status":"publish","type":"post","link":"https:\/\/kulturbloggen.com\/?p=86116","title":{"rendered":"Ny biblioteksverksamhet \u00f6ppnas f\u00f6r unga i Kulturhuset Stadsteatern"},"content":{"rendered":"<p>Unga l\u00e4ser allt mindre och l\u00e4sf\u00f6rst\u00e5elsen sjunker, enligt oroande rapporter. D\u00e5 \u00f6ppnar Kulturhuset Stadsteatern ytterligare en biblioteksverksamhet, f\u00f6r ton\u00e5ringar och unga vuxna: Lava Bibliotek &#038; Verkstad.<br \/>\nInvigningen, onsdag 13 augusti kl 16\u201319, \u00e4r \u00f6ppen f\u00f6r alla intresserade.<\/p>\n<p>Ett pressmeddelande ber\u00e4ttar:<br \/>\nSatsningen p\u00e5 litteratur och l\u00e4sande forts\u00e4tter i Kulturhuset Stadsteatern. Onsdag 13 augusti invigs Lava Bibliotek &#038; Verkstad, en ny verksamhet i nya lokaler, p\u00e5 v\u00e5ning 1, ovanf\u00f6r biljettkassan i Kulturhuset Stadsteatern. <\/p>\n<p>\u2013 Lava Bibliotek &#038; Verkstad blir Kulturhuset Stadsteaterns sj\u00e4tte profilbibliotek. Det tredje som tillkommit sedan Folkpartiet fick ansvaret f\u00f6r kulturpolitiken i Stockholm. Litteratur och l\u00e4sning \u00e4r en liberal hj\u00e4rtefr\u00e5ga, s\u00e4ger kultur- och fastighetsborgarr\u00e5det Madeleine Sj\u00f6stedt (FP).<\/p>\n<p> Lavas pedagogiskt vassa verksamhet har varit bland de ledande i omr\u00e5det de senaste 20 \u00e5ren. Nu gifter den sig med ett sprillans nytt bibliotek och bildar d\u00e4rmed Lava Bibliotek &#038; Verkstad.<\/p>\n<p>\u2013 Det h\u00e4r \u00e4r en av de mest angel\u00e4gna satsningarna som Kulturhuset Stadsteatern g\u00f6r. L\u00e4sandet \u00e4r en prioriterad fr\u00e5ga f\u00f6r hela samh\u00e4llet, s\u00e4ger Benny Fredriksson, Kulturhuset Stadsteaterns VD.<\/p>\n<p>Det inneb\u00e4r att bokhyllorna finns mitt i en fl\u00f6dande kreativ verksamhet, precis i anslutning till Plattan. H\u00e4r kan du l\u00e4sa och l\u00e5na b\u00f6cker och tidskrifter, l\u00e4mna in projektf\u00f6rslag och s\u00f6ka kulturst\u00f6d, lyssna p\u00e5 din favoritf\u00f6rfattare eller testa 3D-skrivaren, g\u00e5 p\u00e5 konsert eller g\u00f6ra din egen podcast i ljudverkstan, screentrycka eller st\u00e4lla ut i v\u00e5rt galleri.<\/p>\n<p> \u2013 Det finns en tid i livet n\u00e4r man \u00e4r ung n\u00e4r kaos m\u00f6ter kreativitet. Den tiden ska ocks\u00e5 ha ett rum h\u00e4r i det stora allkonsthuset, forts\u00e4tter Ingemar Fasth, litteraturchef och tf bibliotekschef p\u00e5 Kulturhuset Stadsteatern.<\/p>\n<p><strong>H\u00e5lltider invigningen den 13 augusti:<\/strong><br \/>\n16:00: \u00d6ppnar<br \/>\n16:30: Stockholms kulturborgarr\u00e5d Madeleine Sj\u00f6stedt och Kulturhuset Stadsteaterns VD Benny Fredriksson h\u00e4lsar v\u00e4lkomna.<br \/>\n17:30 Spoken\/word\/poesi med Rojda Sekers\u00f6z fr\u00e5n Revolution Poetry.<br \/>\n17:45: Konsert med Adam Kanyama, ett av de mest intressanta namnen i den unga stockholmska hiphop-scenen.<br \/>\n19:00: St\u00e4nger<\/p>\n","protected":false},"excerpt":{"rendered":"<p>Unga l\u00e4ser allt mindre och l\u00e4sf\u00f6rst\u00e5elsen sjunker, enligt oroande rapporter. D\u00e5 \u00f6ppnar Kulturhuset Stadsteatern ytterligare en biblioteksverksamhet, f\u00f6r ton\u00e5ringar och unga vuxna: Lava Bibliotek &#038; Verkstad. Invigningen, onsdag 13 augusti kl 16\u201319, \u00e4r \u00f6ppen f\u00f6r alla intresserade. Ett pressmeddelande ber\u00e4ttar: Satsningen p\u00e5 litteratur och l\u00e4sande forts\u00e4tter i Kulturhuset Stadsteatern. Onsdag 13 augusti invigs Lava Bibliotek [&hellip;]<\/p>\n","protected":false},"author":13,"featured_media":0,"comment_status":"open","ping_status":"open","sticky":false,"template":"","format":"standard","meta":{"_genesis_hide_title":false,"_genesis_hide_breadcrumbs":false,"_genesis_hide_singular_image":false,"_genesis_hide_footer_widgets":false,"_genesis_custom_body_class":"","_genesis_custom_post_class":"","_genesis_layout":"","footnotes":""},"categories":[62,3],"tags":[616,3109,6091],"class_list":{"0":"post-86116","1":"post","2":"type-post","3":"status-publish","4":"format-standard","6":"category-medie-och-kulturpolitik","7":"category-litteratur","8":"tag-bibliotek","9":"tag-kulturpolitik","10":"tag-ungdomar","11":"entry"},"_links":{"self":[{"href":"https:\/\/kulturbloggen.com\/index.php?rest_route=\/wp\/v2\/posts\/86116","targetHints":{"allow":["GET"]}}],"collection":[{"href":"https:\/\/kulturbloggen.com\/index.php?rest_route=\/wp\/v2\/posts"}],"about":[{"href":"https:\/\/kulturbloggen.com\/index.php?rest_route=\/wp\/v2\/types\/post"}],"author":[{"embeddable":true,"href":"https:\/\/kulturbloggen.com\/index.php?rest_route=\/wp\/v2\/users\/13"}],"replies":[{"embeddable":true,"href":"https:\/\/kulturbloggen.com\/index.php?rest_route=%2Fwp%2Fv2%2Fcomments&post=86116"}],"version-history":[{"count":1,"href":"https:\/\/kulturbloggen.com\/index.php?rest_route=\/wp\/v2\/posts\/86116\/revisions"}],"predecessor-version":[{"id":86117,"href":"https:\/\/kulturbloggen.com\/index.php?rest_route=\/wp\/v2\/posts\/86116\/revisions\/86117"}],"wp:attachment":[{"href":"https:\/\/kulturbloggen.com\/index.php?rest_route=%2Fwp%2Fv2%2Fmedia&parent=86116"}],"wp:term":[{"taxonomy":"category","embeddable":true,"href":"https:\/\/kulturbloggen.com\/index.php?rest_route=%2Fwp%2Fv2%2Fcategories&post=86116"},{"taxonomy":"post_tag","embeddable":true,"href":"https:\/\/kulturbloggen.com\/index.php?rest_route=%2Fwp%2Fv2%2Ftags&post=86116"}],"curies":[{"name":"wp","href":"https:\/\/api.w.org\/{rel}","templated":true}]}}