{"id":8602,"date":"2009-04-13T09:02:50","date_gmt":"2009-04-13T08:02:50","guid":{"rendered":"http:\/\/kulturbloggen.com\/?p=8602"},"modified":"2009-04-13T09:02:50","modified_gmt":"2009-04-13T08:02:50","slug":"bokhandlarna-monica-antonssons-bok-har-statt-exponerad-i-hyllan-hela-tiden","status":"publish","type":"post","link":"https:\/\/kulturbloggen.com\/?p=8602","title":{"rendered":"Bokhandlarna: Monica Antonssons bok har st\u00e5tt exponerad i hyllan hela tiden"},"content":{"rendered":"<p>Censur av det fria ordet i svensk bokhandel? <a href=\"http:\/\/thewitch.se\/2009\/03\/28\/censur-av-det-fria-ordet-i-svensk-bokhandel\/\">skrev The Witch f\u00f6r ett tag sedan<\/a>. Hon ber\u00e4ttar Antonssons bok &#8221;Mia &#8211; Sanningen om G\u00f6mda&#8221; inte syntes n\u00e5gonstans. Hon fr\u00e5gade och fick svaret:   &#8211; Det blir problem med [namnet p\u00e5 ett bokf\u00f6rlag] om vi har den framme.<br \/>\n<!--more--><br \/>\nEn av Kulturbloggens l\u00e4sare h\u00f6rde av sig till mig och sade att hon hade l\u00e4st p\u00e5 Antonssons blogg om detta ocks\u00e5. Vi tyckte det \u00e4r riktigt illa, fast \u00e5 andra sidan: javisst, m\u00e4nniskor med makt kan bete sig d\u00e5ligt. Det \u00e4r v\u00e4lk\u00e4nt. <\/p>\n<p>S\u00e5 min bekant ville kolla detta n\u00e4rmare &#8211; men d\u00e5 verkade det som om det inte var sant. Men s\u00e5 kan det ju inte vara, t\u00e4nkte vi. Monica Antonsson, nominerad till guldspaden, m\u00e5ste v\u00e4l \u00e4nd\u00e5 vara noggrann n\u00e4r hon kollar och gr\u00e4ver?<br \/>\nS\u00e5 vi mailade henne n\u00e5gra fr\u00e5gor.<br \/>\nOch d\u00e5 fick jag svar att hon inte ville svara. Jag sade att det skulle inte se bra ut om hon inte svarade.<br \/>\nD\u00e5 ringde hon upp mig och sade att hon skulle polisanm\u00e4la mig f\u00f6r hot.<br \/>\nJag f\u00f6rst\u00e5r vad det \u00e4r f\u00f6r hot med att av omtanke om en annan m\u00e4nniska be henne svara?<br \/>\nI vilket fall fick jag fr\u00e5n bokf\u00f6rlag och bokhandlare: Deras uppgifter g\u00e5r stick i st\u00e4v med vad Antonsson och The Witch skrivit.<\/p>\n<p>Ann-Marie Skarp, F\u00f6rlagschef:<\/p>\n<blockquote><p>Jag blev informerad av en privatperson om Monica Antonssons p\u00e5st\u00e5ende i f\u00f6rra veckan och kunde under stigande h\u00e4pnad l\u00e4sa vad hon skrev i sin blogg. Jag kan f\u00f6rs\u00e4kra dig om att det inte finns det minsta korn av sanning i anklagelsen. Sj\u00e4lvfallet skulle vi aldrig komma p\u00e5 tanken att f\u00f6rs\u00f6ka p\u00e5verka v\u00e5ra \u00e5terf\u00f6rs\u00e4ljare. Vi har ocks\u00e5 talat med den utpekade butiken, Akademibokhandeln i Uppsala, som blev lika \u00f6verraskade som vi. Den enda f\u00f6rklaring vi kunde komma p\u00e5 var att de flesta b\u00f6cker ju plockas bort fr\u00e5n butikerna medan den \u00e5rliga rean p\u00e5g\u00e5r, s\u00e5 sker med Piratf\u00f6rlagets b\u00f6cker lika v\u00e4l som med andra f\u00f6rlags b\u00f6cker.<\/p><\/blockquote>\n<blockquote><p>Jag kan bara beklaga att Monica Antonsson inte tog kontakt med mig innan hon tog till orda, vilket jag allts\u00e5 h\u00e4r kan bekr\u00e4fta att hon inte gjort.<\/p><\/blockquote>\n<p>Fr\u00e5n Kaj Eklund, Akademibokhandeln Gr\u00e4nby:<\/p>\n<blockquote><p>Vi har aldrig haft hennes bok under disk utan den har st\u00e5tt exponerad i hyllan hela tiden.<br \/>\nVi gjorde en liten extra skyltning p\u00e5 en gavel av hennes bok i januari n\u00e4r debatten var som st\u00f6rst.<br \/>\nVi har allts\u00e5 gjort det diametralt motsatta till vad Monica Antonsson p\u00e5st\u00e5r.<br \/>\nHon har inte varit i kontakt med n\u00e5gon i v\u00e5r aff\u00e4r.<\/p><\/blockquote>\n<p>S\u00e5 h\u00e4r skrev jag i mailet till Monica Antonsson:<\/p>\n<blockquote><p>Jag har f\u00e5tt flera personer som h\u00f6rt av sig till mig med synpunkter kring din bok. D\u00e4rf\u00f6r k\u00e4nns det v\u00e4ldigt viktig f\u00f6r mig om du skulle vilja svara p\u00e5 de h\u00e4r fr\u00e5gorna.<br \/>\nHoppas verkligen du vill vara tillm\u00f6tesg\u00e5ende s\u00e5 jag f\u00e5r \u00e4mnet bra genomlyst.<br \/>\nVarf\u00f6r tror du att Piratf\u00f6rlaget skulle f\u00f6rs\u00f6ka hindra f\u00f6rs\u00e4ljning av din bok?<br \/>\n I ett inl\u00e4gg h\u00e4nvisar hon till ett inl\u00e4gg d\u00e4r \u201dThe Witch\u201d hade slagit larm om att Piratf\u00f6rlaget s\u00e5lde dina b\u00f6cker \u201dunder disk\u201d. I det h\u00e4r inl\u00e4gget har \u201dThe witch\u201d inte skrivit namnet p\u00e5 f\u00f6rlaget i fr\u00e5ga. Hur kan hon vara s\u00e4ker p\u00e5 att det \u00e4r just Piratf\u00f6rlaget det r\u00f6r sig om?<br \/>\nN\u00e4r och hur kontaktade du piratf\u00f6rlaget, f\u00f6r att f\u00f6rh\u00f6ra dig om sakf\u00f6rh\u00e5llanden innan du offentliggjorde  inl\u00e4gget.<br \/>\nGjorde du det via telefon samtal email etc. Kan detta bekr\u00e4ftas?<br \/>\nVilka andra k\u00e4llor har du anv\u00e4nt dig av och hur har du \u201dkollat\u201d upp dem?<br \/>\nHur st\u00e4llde sig Akademibokhandeln till detta n\u00e4r du ifr\u00e5gasatte sakf\u00f6rh\u00e5llanden med dem?<br \/>\nN\u00e4r och hur gjordes detta?<br \/>\nmassor av v\u00e4nliga h\u00e4lsningar<\/p><\/blockquote>\n<p>Antonsson svarade:<\/p>\n<blockquote><p>Det verkar som att det \u00e4r d\u00e5lig l\u00e4sf\u00f6rm\u00e5ga bland dem som har h\u00f6rt av sig till dig.<br \/>\nSvaren p\u00e5 dina fr\u00e5gor framg\u00e5r helt av inl\u00e4ggen.<br \/>\nLycka till.<br \/>\nMoncia <\/p><\/blockquote>\n<p>D\u00e5 bad jag henne i ett nytt mail att ompr\u00f6va sitt svar:<\/p>\n<blockquote><p>Hej ok<br \/>\nd\u00e5 f\u00e5r det bli ditt svar. De \u00f6vriga tillfr\u00e5gade har varit mer utf\u00f6rliga och faktum \u00e4r ju att du d\u00e5 i det h\u00e4r l\u00e4get kommer att ge ett r\u00e4tt d\u00e5ligt intryck.<br \/>\nSj\u00e4lv uppfattar jag alltid s\u00e5dan \u00f6verl\u00e4gsenhet som nonchalant attityd.<br \/>\nMen det \u00e4r ju som jag uppfattar det, inte sagt att du menar det s\u00e5, men om jag hade varit den som lagt ner allt arbete p\u00e5 att st\u00e4lla dig fr\u00e5gor och f\u00e5tt till svar att jag f\u00e5r se efter de svaren sj\u00e4lv i sajten skulle jag uppfatta det som maktens arrogans.<br \/>\nEtt r\u00e5d fr\u00e5n mig bara.<\/p>\n<p>Men du v\u00e4ljer f\u00f6rst\u00e5s sj\u00e4lv hur du vill uppfattas.<br \/>\nv\u00e4nliga h\u00e4lsningar<\/p><\/blockquote>\n<p>D\u00e5 svarade Antonsson:<\/p>\n<blockquote><p>Hej igen,<br \/>\nJag har ingen skyldighet att svara p\u00e5 fr\u00e5gor andra \u00e4n fr\u00e5n myndigheter.<br \/>\nOm m\u00e4nniskor l\u00e4gger ner &#8221;arbete&#8221; p\u00e5 att formulera s\u00e5dana \u00e4r det deras sak.<br \/>\nAnser du att jag balanserar i lagens marginaler f\u00f6resl\u00e5r jag att du anm\u00e4ler det.<br \/>\nDet \u00e4r n\u00e4mligen s\u00e5 det ska g\u00e5 till.<br \/>\nDu har privata \u00e5sikter om min attityd, varnar mig f\u00f6r hur jag &#8221;kommer att uppfattas&#8221; och konstaterar att jag kommer att ge ett &#8221;r\u00e4tt d\u00e5ligt intryck&#8221; i n\u00e5got som du underf\u00f6rst\u00e5tt planerar publicera.<br \/>\nDet kan jag inte tolka som annat \u00e4n ett hot.<br \/>\nJag har n\u00e4mligen inte gett dig tillst\u00e5nd att publicera n\u00e5gonting.<br \/>\nOm du \u00e4nd\u00e5 g\u00f6r det \u00e4r det mot min uttalade vilja.<br \/>\nJag f\u00f6resl\u00e5r d\u00e4rf\u00f6r att du avst\u00e5r.<br \/>\nSvaren p\u00e5 alla dina fr\u00e5gor framg\u00e5r av min blogg. Om du inte f\u00f6rst\u00e5r betydelsen av exempelvis ett fr\u00e5getecken kan jag inte g\u00f6ra mycket \u00e5t det.<br \/>\nDet du p\u00e5st\u00e5r att jag p\u00e5st\u00e5tt har jag n\u00e4mligen aldrig p\u00e5st\u00e5tt.<br \/>\nDet inser alla med normal l\u00e4sf\u00f6rm\u00e5ga.<br \/>\nOm du skriver n\u00e5got annat tvingar du mig att vidta \u00e5tg\u00e4rder.<br \/>\nMonica Antonsson<\/p><\/blockquote>\n<p>Vi hade n\u00e5gra mail till, d\u00e4r jag ber henne svara och hon s\u00e4ger att hon ska anm\u00e4la mig. Jag m\u00e5r v\u00e4ldigt d\u00e5ligt av att bli behandlad p\u00e5 det s\u00e4ttet och har d\u00e4rf\u00f6r h\u00f6rt mig f\u00f6r lite med olika personer, pratat med dem, mailat och twittrat. Och nu idag fick jag till min f\u00f6rv\u00e5ning ett mail fr\u00e5n Antonsson d\u00e4r hon skriver att hon publicerat v\u00e5r mailv\u00e4xling.<br \/>\nAllts\u00e5: jag skulle bli polisanm\u00e4ld av henne om jag publicerade, men hon f\u00e5r tydligen. Vad \u00e4r det f\u00f6r knasig bild p\u00e5 yttrandefrihet.<\/p>\n<p>Men faktum \u00e4r: jag \u00e4r besviken \u00f6ver att en guldspadenominerad journalist reagerar s\u00e5 otroligt n\u00e4r vi ville kolla n\u00e5gra uppgifter lite n\u00e4rmare. Jag \u00e4r ocks\u00e5 f\u00f6rv\u00e5nad att det inte verkade ligga n\u00e5got i beskyllningarna mot f\u00f6rlaget eller bokhandlarna och \u00e4nd\u00e5 skrev det om det.<\/p>\n<p>S\u00e5 h\u00e4r skriver hon i ett mail nu:<\/p>\n<blockquote><p>Jag kan sj\u00e4lvklart inte f\u00f6rbjuda dig n\u00e5gonting. Det har jag inte gjort heller.<br \/>\nJag skrev att det var emot min vilja. Det \u00e4r n\u00e5got helt annat.<br \/>\nDu p\u00e5st\u00e5r p\u00e5 n\u00e4tet att jag ljuger mm&#8230;<br \/>\nDet \u00e4r nog b\u00e4st att du plockar fram bevis f\u00f6r det nu.<br \/>\nJag g\u00e5r vidare med det h\u00e4r. S\u00e4rskilt med din artikel fr\u00e5n december. <\/p><\/blockquote>\n<p>Det h\u00e4r g\u00f6r mig f\u00f6rst\u00e5s v\u00e4ldigt ledsen, jag \u00e4r en person som st\u00e5r f\u00f6r sanning och medk\u00e4nsla &#8211; och jaghar  l\u00e5tit olika sidor komma till tals om hennes bok, <a href=\"http:\/\/kulturbloggen.com\/?p=5847\">som h\u00e4r bloggade Jerry om Antonsson till exempel<\/a>.<br \/>\nS\u00e5 det \u00e4r klart jag \u00e4r ledsen \u00f6ver hennes p\u00e5hopp och att hon ska polisanm\u00e4la mig f\u00f6r att jag vill att hon svarar p\u00e5 fr\u00e5gor. Det \u00e4r inte direkt n\u00e5gon trevlig v\u00e4rld, n\u00e4r det \u00e4r s\u00e5.<\/p>\n<p><strong>Uppdatering:<\/strong><br \/>\nI mitt svar p\u00e5 Antonssons mail skrev jag att jag tror det kan ge negativt intryck om hon inte svarar. Om n\u00e5gon uppfattar det som hot \u00e4r jag verkligen ledsen f\u00f6r att jag inte \u00e4r lika duktig och smart som alla de som vet allt s\u00e5 fantastiskt bra. Jag menade det bara v\u00e4nligt, som ett r\u00e5d.<br \/>\nDet var menat i all v\u00e4nlighet &#8211; och jag tycker faktiskt att en gr\u00e4vande journalist som \u00e4r guldspadenominerad borde bem\u00f6ta fr\u00e5gor trevligare \u00e4n att s\u00e4ga att hon ska vidta \u00e5rg\u00e4rder n\u00e4r n\u00e5gon intresserat st\u00e4ller fr\u00e5gor.<\/p>\n<p>Uppdatering 2:<br \/>\nDet r\u00e4cker nu. jag kommer att s\u00e4tta str\u00e4ck i diskussionerna nu.<br \/>\nJag ville st\u00e4lla n\u00e5gra fr\u00e5gor till Monica Antonsson, jag trodde henne om gott.<br \/>\nOm jag uttryckte mig klumpigt \u00e4r jag ledsen f\u00f6r det.<br \/>\nMen en gr\u00e4vande journalist som granskat andra b\u00f6r t\u00e5la n\u00e5gra fr\u00e5gor, som dessutom \u00e4r st\u00e4llda utan att jag ville n\u00e5got annat \u00e4n ge hennes chansen att svara.<br \/>\nDet \u00e4r allt.<br \/>\nNu vrider en del allt till det s\u00e4mta, utan att ens lyssna p\u00e5 vad jag s\u00e4ger eller vad jag skriver.<br \/>\nEn person har till och och med mailat mig och sagt att jag hotat Monica Antonsson med polis n\u00e4r allt jag ville var att fr\u00e5ga en v\u00e4n till r\u00e5ds, hur jag ska g\u00f6ra n\u00e4r Antonsson s\u00e4ger att hon ska anm\u00e4la mig f\u00f6r att jag hotat henne.<br \/>\nUtan att jag f\u00f6rst\u00e5r p\u00e5 vilket s\u00e4tt jag hotat en person n\u00e4r jag bett om svar p\u00e5 fr\u00e5gor.<br \/>\nJag ville inte henne n\u00e5got ont och har nu f\u00e5tt en m\u00e4ngd elaka kommentarer.<\/p>\n<p>Eftersom jag alltid lever med hundra \u00e5rs-perspektiv t\u00e4nker jag s\u00e4tta punkt f\u00f6r den h\u00e4r diskussionen nu. Den ger inte mer.<\/p>\n<p>Jag ville ha svar p\u00e5 n\u00e5gra av en guldspade-nominerad journalist.<\/p>\n<p>Andra bloggar om: <a href=\"http:\/\/bloggar.se\/om\/granskning\" rel=\"tag\">granskning<\/a>, <a href=\"http:\/\/bloggar.se\/om\/medier\" rel=\"tag\">medier<\/a>, <a href=\"http:\/\/bloggar.se\/om\/Antonsson\" rel=\"tag\">Antonsson<\/a><\/p>\n","protected":false},"excerpt":{"rendered":"<p>Censur av det fria ordet i svensk bokhandel? skrev The Witch f\u00f6r ett tag sedan. Hon ber\u00e4ttar Antonssons bok &#8221;Mia &#8211; Sanningen om G\u00f6mda&#8221; inte syntes n\u00e5gonstans. Hon fr\u00e5gade och fick svaret: &#8211; Det blir problem med [namnet p\u00e5 ett bokf\u00f6rlag] om vi har den framme.<\/p>\n","protected":false},"author":2,"featured_media":0,"comment_status":"open","ping_status":"open","sticky":false,"template":"","format":"standard","meta":{"_genesis_hide_title":false,"_genesis_hide_breadcrumbs":false,"_genesis_hide_singular_image":false,"_genesis_hide_footer_widgets":false,"_genesis_custom_body_class":"","_genesis_custom_post_class":"","_genesis_layout":"","footnotes":""},"categories":[62],"tags":[2084,3582],"class_list":{"0":"post-8602","1":"post","2":"type-post","3":"status-publish","4":"format-standard","6":"category-medie-och-kulturpolitik","7":"tag-granskning","8":"tag-medier","9":"entry"},"_links":{"self":[{"href":"https:\/\/kulturbloggen.com\/index.php?rest_route=\/wp\/v2\/posts\/8602","targetHints":{"allow":["GET"]}}],"collection":[{"href":"https:\/\/kulturbloggen.com\/index.php?rest_route=\/wp\/v2\/posts"}],"about":[{"href":"https:\/\/kulturbloggen.com\/index.php?rest_route=\/wp\/v2\/types\/post"}],"author":[{"embeddable":true,"href":"https:\/\/kulturbloggen.com\/index.php?rest_route=\/wp\/v2\/users\/2"}],"replies":[{"embeddable":true,"href":"https:\/\/kulturbloggen.com\/index.php?rest_route=%2Fwp%2Fv2%2Fcomments&post=8602"}],"version-history":[{"count":0,"href":"https:\/\/kulturbloggen.com\/index.php?rest_route=\/wp\/v2\/posts\/8602\/revisions"}],"wp:attachment":[{"href":"https:\/\/kulturbloggen.com\/index.php?rest_route=%2Fwp%2Fv2%2Fmedia&parent=8602"}],"wp:term":[{"taxonomy":"category","embeddable":true,"href":"https:\/\/kulturbloggen.com\/index.php?rest_route=%2Fwp%2Fv2%2Fcategories&post=8602"},{"taxonomy":"post_tag","embeddable":true,"href":"https:\/\/kulturbloggen.com\/index.php?rest_route=%2Fwp%2Fv2%2Ftags&post=8602"}],"curies":[{"name":"wp","href":"https:\/\/api.w.org\/{rel}","templated":true}]}}