{"id":85958,"date":"2014-08-05T16:24:40","date_gmt":"2014-08-05T14:24:40","guid":{"rendered":"http:\/\/kulturbloggen.com\/?p=85958"},"modified":"2014-08-05T16:25:17","modified_gmt":"2014-08-05T14:25:17","slug":"gunilla-roor-gor-charlotte-i-bergmans-hostsonaten-pa-stockholms-stadsteater","status":"publish","type":"post","link":"https:\/\/kulturbloggen.com\/?p=85958","title":{"rendered":"Gunilla R\u00f6\u00f6r g\u00f6r Charlotte i Bergmans H\u00f6stsonaten p\u00e5 Stockholms stadsteater"},"content":{"rendered":"<p><img loading=\"lazy\" decoding=\"async\" src=\"http:\/\/kulturbloggen.com\/wp-content\/uploads\/2014\/08\/Hostsonaten3.jpg\" alt=\"Hostsonaten3\" width=\"375\" height=\"254\" class=\"aligncenter size-full wp-image-85959\" srcset=\"https:\/\/kulturbloggen.com\/wp-content\/uploads\/2014\/08\/Hostsonaten3.jpg 375w, https:\/\/kulturbloggen.com\/wp-content\/uploads\/2014\/08\/Hostsonaten3-300x203.jpg 300w\" sizes=\"auto, (max-width: 375px) 100vw, 375px\" \/><\/p>\n<p>Gunilla R\u00f6\u00f6r g\u00f6r modern i H\u00f6stsonaten &#8211; Ingmar Bergmans m\u00e4sterverk om uppg\u00f6relsen mellan en mor och tv\u00e5 d\u00f6ttrar, ber\u00e4ttar ett pressmeddelande:<br \/>\nI rollerna som d\u00f6ttrarna ser vi Kirsti Stub\u00f8 och Rakel W\u00e4rml\u00e4nder. I regi av \u00c5sa Melldahl. Premi\u00e4r 15 augusti p\u00e5 Klarascenen.<\/p>\n<p>Evas mamma packar ner sin r\u00f6da Diorkl\u00e4nning och s\u00e4tter sig i bilen. En aktris f\u00f6re sin entr\u00e9. Vansinnigt r\u00e4dd men samlad. Leende.<br \/>\nVisst \u00e4r hon lika storslagen som alltid?<br \/>\nHon ska stanna flera dagar hos sin dotter som hon inte sett p\u00e5 sju \u00e5r. De ska r\u00e5 om varandra. Det ska inte g\u00e5 fel. Inte den h\u00e4r g\u00e5ngen.<br \/>\nMen vem \u00e4r mest hj\u00e4lpl\u00f6s? Mor eller dotter?<\/p>\n<p>Eva har dragit sig tillbaka fr\u00e5n den stora v\u00e4rlden och lever nu med sin man som \u00e4r pr\u00e4st p\u00e5 en pr\u00e4stg\u00e5rd p\u00e5 landet. Bakom sig har l\u00e4mnat ett liv som journalist i huvudstaden. Nu har hon bett sin mor, den hyllade v\u00e4rldspianisten, att komma och bes\u00f6ka henne. Och modern s\u00e4ger ja.<\/p>\n<p>\u201dH\u00f6stsonaten\u201d hade biopremi\u00e4r 1978 med Ingrid Bergman, Liv Ullman och Lena Nyman i huvudrollerna. Nu tar Gunilla R\u00f6\u00f6r sig an rollen som Charlotte.<\/p>\n<p>\u2013 N\u00e4r jag s\u00e5g filmen tyckte jag att Charlotte var fruktansv\u00e4rd. Jag identifierade mig totalt med dottern och gr\u00e4t floder. Nu \u00e4r jag 55 \u00e5r och nu kan jag f\u00f6rst\u00e5 mammans problematik. Det \u00e4r roligt att f\u00e5 \u00e5ldras med teatern och kunna byta perspektiv, s\u00e4ger Gunilla R\u00f6\u00f6r.<\/p>\n<p>Regisserar g\u00f6r \u00c5sa Melldahl.<\/p>\n<p>\u2013 Mor och dotter k\u00e4mpar s\u00e5 h\u00e5rt f\u00f6r att f\u00e5 kontakt med varandra trots alla of\u00f6rr\u00e4tter som m\u00e5ste \u00f6sas \u00e5t sidan f\u00f6rst. Det \u00e4r sorgligt att se att det \u00e4r s\u00e5 sv\u00e5rt att f\u00f6rl\u00e5ta. Of\u00f6rr\u00e4tterna blir en identitet, s\u00e4ger \u00c5sa Melldahl.<\/p>\n<p>\u00c5sa Melldahl har gjort m\u00e5nga uppm\u00e4rksammade teater- och operaupps\u00e4ttningar i hela landet. P\u00e5 Malm\u00f6 Opera bland annat Rebecca, Cos\u00ec fan tutte, Figaros br\u00f6llop, Death and the Maiden. P\u00e5 Stadsteatern har hon satt upp Utrensning efter Sofi Oksanens roman och Carmen.<\/p>\n<p>\u2013 Pj\u00e4sen \u00e4r uppbyggd p\u00e5 samma s\u00e4tt som Chopins preludium: han l\u00e4gger fram teman som han f\u00f6rs\u00f6ker avsluta flera g\u00e5nger men lyckas aldrig s\u00e5 till slut sl\u00e4pper han bara ut det, s\u00e4ger \u00c5sa Melldahl.<\/p>\n<p><strong>H\u00d6STSONATEN<br \/>\nAV INGMAR BERGMAN<\/strong><br \/>\nPremi\u00e4r 15 augusti p\u00e5 Klarascenen<\/p>\n<p>Av Ingmar Bergman<br \/>\nRegi \u00c5sa Melldahl<br \/>\nScenografi Lars \u00d6stbergh<br \/>\nKostym Annsofi Nyberg<br \/>\nLjus Sutoda<br \/>\nMask Johanna Ruben<br \/>\nI rollerna:<br \/>\nViktor Christer Fant<br \/>\nEva Kirsti Stub\u00f8<br \/>\nCharlotte Gunilla R\u00f6\u00f6r<br \/>\nHelena Rakel W\u00e4rml\u00e4nder<\/p>\n<p><strong>Fotograf: Carl Bengtsson<\/strong><\/p>\n","protected":false},"excerpt":{"rendered":"<p>Gunilla R\u00f6\u00f6r g\u00f6r modern i H\u00f6stsonaten &#8211; Ingmar Bergmans m\u00e4sterverk om uppg\u00f6relsen mellan en mor och tv\u00e5 d\u00f6ttrar, ber\u00e4ttar ett pressmeddelande: I rollerna som d\u00f6ttrarna ser vi Kirsti Stub\u00f8 och Rakel W\u00e4rml\u00e4nder. I regi av \u00c5sa Melldahl. Premi\u00e4r 15 augusti p\u00e5 Klarascenen. Evas mamma packar ner sin r\u00f6da Diorkl\u00e4nning och s\u00e4tter sig i bilen. En [&hellip;]<\/p>\n","protected":false},"author":13,"featured_media":0,"comment_status":"open","ping_status":"open","sticky":false,"template":"","format":"standard","meta":{"_genesis_hide_title":false,"_genesis_hide_breadcrumbs":false,"_genesis_hide_singular_image":false,"_genesis_hide_footer_widgets":false,"_genesis_custom_body_class":"","_genesis_custom_post_class":"","_genesis_layout":"","footnotes":""},"categories":[20,30],"tags":[595,2134,11214,4955,5340,10893],"class_list":{"0":"post-85958","1":"post","2":"type-post","3":"status-publish","4":"format-standard","6":"category-film","7":"category-teater","8":"tag-bergman","9":"tag-gunilla-roor","10":"tag-hostsenaten","11":"tag-scenkonst","12":"tag-stadsteatern","13":"tag-teaterpremiar","14":"entry"},"_links":{"self":[{"href":"https:\/\/kulturbloggen.com\/index.php?rest_route=\/wp\/v2\/posts\/85958","targetHints":{"allow":["GET"]}}],"collection":[{"href":"https:\/\/kulturbloggen.com\/index.php?rest_route=\/wp\/v2\/posts"}],"about":[{"href":"https:\/\/kulturbloggen.com\/index.php?rest_route=\/wp\/v2\/types\/post"}],"author":[{"embeddable":true,"href":"https:\/\/kulturbloggen.com\/index.php?rest_route=\/wp\/v2\/users\/13"}],"replies":[{"embeddable":true,"href":"https:\/\/kulturbloggen.com\/index.php?rest_route=%2Fwp%2Fv2%2Fcomments&post=85958"}],"version-history":[{"count":1,"href":"https:\/\/kulturbloggen.com\/index.php?rest_route=\/wp\/v2\/posts\/85958\/revisions"}],"predecessor-version":[{"id":85960,"href":"https:\/\/kulturbloggen.com\/index.php?rest_route=\/wp\/v2\/posts\/85958\/revisions\/85960"}],"wp:attachment":[{"href":"https:\/\/kulturbloggen.com\/index.php?rest_route=%2Fwp%2Fv2%2Fmedia&parent=85958"}],"wp:term":[{"taxonomy":"category","embeddable":true,"href":"https:\/\/kulturbloggen.com\/index.php?rest_route=%2Fwp%2Fv2%2Fcategories&post=85958"},{"taxonomy":"post_tag","embeddable":true,"href":"https:\/\/kulturbloggen.com\/index.php?rest_route=%2Fwp%2Fv2%2Ftags&post=85958"}],"curies":[{"name":"wp","href":"https:\/\/api.w.org\/{rel}","templated":true}]}}