{"id":8593,"date":"2009-04-12T18:15:46","date_gmt":"2009-04-12T17:15:46","guid":{"rendered":"http:\/\/kulturbloggen.com\/?p=8593"},"modified":"2009-04-12T18:15:46","modified_gmt":"2009-04-12T17:15:46","slug":"jag-tror-dessutom-att-den-har-uppgangen-for-gammal-teknik-ar-hogst-tillfallig","status":"publish","type":"post","link":"https:\/\/kulturbloggen.com\/?p=8593","title":{"rendered":"Jag tror dessutom att den h\u00e4r uppg\u00e5ngen f\u00f6r gammal teknik \u00e4r h\u00f6gst tillf\u00e4llig"},"content":{"rendered":"<p><img loading=\"lazy\" decoding=\"async\" src=\"http:\/\/sodergren.com\/kulturbloggen\/wp-content\/uploads\/2009\/04\/videofilmer290.jpg\" alt=\"videofilmer290\" title=\"videofilmer290\" width=\"290\" height=\"200\" class=\"alignright size-full wp-image-8599\" \/><br \/>\nSvenskarna k\u00f6per mer film och dataspel sedan antipiratlagen Ipred tr\u00e4dde i kraft. Det vittnar branschpersoner om, och talar om \u00f6kningar p\u00e5 uppemot 30 procent. S\u00e4gs det. <a href=\"http:\/\/dn.se\/kultur-noje\/musik\/ipred-far-den-legala-handeln-att-oka-1.842620\">I DN, till exempel<\/a>.<br \/>\nDet g\u00e5r inte att l\u00e5ta bli att fundera p\u00e5 hur trov\u00e4rdiga medierna \u00e4r,<a href=\"http:\/\/kulturbloggen.com\/?p=8569\"> n\u00e4r de ena stunden kan kalla politikers bloggar f\u00f6r fiasko trots att tv\u00e5 tredjedelar f\u00e5r kommentarer<\/a>.<br \/>\n<!--more--><br \/>\nOm jag vore den reportern som skulle skriva om detta skulle jag verkligen kr\u00e4va ordentliga siffror f\u00f6r att lita p\u00e5 en part i m\u00e5let, som i det h\u00e4r fallet butikerna.<br \/>\nFast visst, det \u00e4r v\u00e4l inte alls otroligt att en och annan person k\u00f6pt en film eller hyrt, ist\u00e4llet f\u00f6r att ladda ner den. Men att det skulle r\u00e4dda branschen, det tror jag inte p\u00e5.<br \/>\nJag f\u00f6r min del tycker att det \u00e4r viktigt att de som skapar n\u00e5got kan f\u00e5 inkomst p\u00e5 det. Absolut.<br \/>\nAtt vara i studion och skapa musik kostar pengar f\u00f6r en musik. Att g\u00f6ra filmer kostar \u00e4nnu mer pengar.<br \/>\nMen en lag som ipred blir inte ett dugg b\u00e4ttre f\u00f6r att det ger n\u00e5gra kronor mer till videouthyrare.<br \/>\nI Frankrike ville presidenten kunna st\u00e4nga av personer fr\u00e5n Internet ifall de fildelar. Nu har kulturministern d\u00e4r tydligen hotat att avg\u00e5 ifall  HADOPI inte g\u00e5r igenom.<\/p>\n<p><a href=\"http:\/\/ledomainedanais.blogspot.com\/2009\/04\/albanel-satsar-allt-live.html\">Ana\u00efs bloggar om detta:<\/a><br \/>\n<em>Kulturministern avg\u00e5r om HADOPI inte g\u00e5r igenom, Carla Bruni v\u00e4nsterprasslar med pirater och Sarko kr\u00e4ver diciplin!<\/em><\/p>\n<p><a href=\"http:\/\/opassande.se\/index.php\/2009\/04\/12\/ipred-ar-en-skitlag-aven-om-nagon-tjanar-pa-den\/\">Opassande kommenterar nyheterna om att ipredlagen f\u00e5tt fart p\u00e5 f\u00f6rs\u00e4ljningen<\/a>:<\/p>\n<blockquote><p>Ipred \u00e4r en skitlag \u00e4ven om n\u00e5gon tj\u00e4nar p\u00e5 den<br \/>\nDet dyker upp en del artiklar d\u00e4r det s\u00e4gs att legala tj\u00e4nster har \u00f6kat sin oms\u00e4ttning efter att Ipred-lagen tr\u00e4dde i kraft. N\u00e5got har st\u00f6rt mig med <a href=\"http:\/\/www.aftonbladet.se\/nyheter\/ipred\/article4883223.ab\">den rapporteringen<\/a>. Att hacka p\u00e5 det f\u00e5r en att framst\u00e5 som l\u00e4tt missunnsam men jag m\u00e5ste st\u00e4lla fr\u00e5gan:<\/p>\n<p>Om nu n\u00e5gra s\u00e4ljst\u00e4llen ser ett uppsving \u2014 blev det d\u00e5 v\u00e4rt att dra igenom r\u00e4ttsos\u00e4kra lagar? Ska vi f\u00f6rv\u00e4nta oss fler tvingande lagar f\u00f6r att enskilda industri-intressen ska f\u00e5 s\u00e4lja mer?<\/p>\n<p>Hade det kanske varit ett alternativ att fundera \u00f6ver, n\u00e4r allt kommer omkring, f\u00f6r de stackars varvsarbetare i Kockums som fick finna sig i att f\u00f6rlora sina arbeten? Eller att tekoindustrierna fortfarande hade kunnat leva kvar?<\/p><\/blockquote>\n<p>Hon s\u00e4tter fingret p\u00e5 en springande punkt. Varf\u00f6r har vissa industrier s\u00e5 stor makt att lagstiftarna v\u00e4rlden \u00f6ver \u00e4r beredda att skapa integritetskr\u00e4nkade lagar f\u00f6r att r\u00e4dda just deras industri?<\/p>\n<p>Jag tror dessutom att den h\u00e4r uppg\u00e5ngen f\u00f6r gammal teknik \u00e4r h\u00f6gst tillf\u00e4llig. <a href=\"http:\/\/www.svd.se\/nyheter\/inrikes\/artikel_2727783.svd\">Som SVD ber\u00e4ttar:<\/a><\/p>\n<blockquote><p>En enkel internetj\u00e4nst g\u00f6r det m\u00f6jligt f\u00f6r fildelare att f\u00e5 en varning om ens IP-nummer dyker upp i domstolen.<br \/>\nSajten, som bygger p\u00e5 ett n\u00e4tverk av frivilliga, har vuxit explosionsartat.<\/p><\/blockquote>\n<p>Fildelning kommer inte att f\u00f6rsvinna. Vad som beh\u00f6vs \u00e4r lagliga alternativ med rimliga prisniv\u00e5er. Och ska cd-skivorna finnas kvar m\u00e5ste de ha n\u00e5got extra att erbjuda, ett merv\u00e4rde och priset m\u00e5ste s\u00e4nkas. <\/p>\n<p>Relaterat:<br \/>\n<a href=\"http:\/\/www.aftonbladet.se\/nyheter\/ipred\/article4883223.ab\">Aftonbladet 1<\/a>, <a href=\"http:\/\/www.aftonbladet.se\/nyheter\/article4885491.ab\">Aftonbladet 2<\/a>, <a href=\"http:\/\/farmorgun.blogspot.com\/2009\/04\/fran-en-medborgare-i-eu-debatten.html\">Farmorgun<\/a>, <a href=\"http:\/\/christermagister.wordpress.com\/2009\/04\/12\/ipred-forbattrar-tjansterna\/\">Christer Magister<\/a>, <a href=\"http:\/\/berinder.wordpress.com\/2009\/04\/12\/att-skapa\/\">Berinder<\/a><\/p>\n<p>Andra bloggar om: <a href=\"http:\/\/bloggar.se\/om\/ipred\" rel=\"tag\">ipred<\/a>, <a href=\"http:\/\/bloggar.se\/om\/upphovsr%E4tt\" rel=\"tag\">upphovsr\u00e4tt<\/a>, <a href=\"http:\/\/bloggar.se\/om\/ekonomi\" rel=\"tag\">ekonomi<\/a>, <a href=\"http:\/\/bloggar.se\/om\/medier\" rel=\"tag\">medier<\/a>, <a href=\"http:\/\/bloggar.se\/om\/piratsajter\" rel=\"tag\">piratsajter<\/a>, <a href=\"http:\/\/bloggar.se\/om\/Opassande\" rel=\"tag\">Opassande<\/a><\/p>\n","protected":false},"excerpt":{"rendered":"<p>Svenskarna k\u00f6per mer film och dataspel sedan antipiratlagen Ipred tr\u00e4dde i kraft. Det vittnar branschpersoner om, och talar om \u00f6kningar p\u00e5 uppemot 30 procent. S\u00e4gs det. I DN, till exempel. Det g\u00e5r inte att l\u00e5ta bli att fundera p\u00e5 hur trov\u00e4rdiga medierna \u00e4r, n\u00e4r de ena stunden kan kalla politikers bloggar f\u00f6r fiasko trots att [&hellip;]<\/p>\n","protected":false},"author":2,"featured_media":0,"comment_status":"open","ping_status":"open","sticky":false,"template":"","format":"standard","meta":{"_genesis_hide_title":false,"_genesis_hide_breadcrumbs":false,"_genesis_hide_singular_image":false,"_genesis_hide_footer_widgets":false,"_genesis_custom_body_class":"","_genesis_custom_post_class":"","_genesis_layout":"","footnotes":""},"categories":[62],"tags":[1463,2550,3582,36],"class_list":{"0":"post-8593","1":"post","2":"type-post","3":"status-publish","4":"format-standard","6":"category-medie-och-kulturpolitik","7":"tag-ekonomi","8":"tag-ipred","9":"tag-medier","10":"tag-upphovsratt-nyheter","11":"entry"},"_links":{"self":[{"href":"https:\/\/kulturbloggen.com\/index.php?rest_route=\/wp\/v2\/posts\/8593","targetHints":{"allow":["GET"]}}],"collection":[{"href":"https:\/\/kulturbloggen.com\/index.php?rest_route=\/wp\/v2\/posts"}],"about":[{"href":"https:\/\/kulturbloggen.com\/index.php?rest_route=\/wp\/v2\/types\/post"}],"author":[{"embeddable":true,"href":"https:\/\/kulturbloggen.com\/index.php?rest_route=\/wp\/v2\/users\/2"}],"replies":[{"embeddable":true,"href":"https:\/\/kulturbloggen.com\/index.php?rest_route=%2Fwp%2Fv2%2Fcomments&post=8593"}],"version-history":[{"count":0,"href":"https:\/\/kulturbloggen.com\/index.php?rest_route=\/wp\/v2\/posts\/8593\/revisions"}],"wp:attachment":[{"href":"https:\/\/kulturbloggen.com\/index.php?rest_route=%2Fwp%2Fv2%2Fmedia&parent=8593"}],"wp:term":[{"taxonomy":"category","embeddable":true,"href":"https:\/\/kulturbloggen.com\/index.php?rest_route=%2Fwp%2Fv2%2Fcategories&post=8593"},{"taxonomy":"post_tag","embeddable":true,"href":"https:\/\/kulturbloggen.com\/index.php?rest_route=%2Fwp%2Fv2%2Ftags&post=8593"}],"curies":[{"name":"wp","href":"https:\/\/api.w.org\/{rel}","templated":true}]}}