{"id":85831,"date":"2014-08-03T09:14:33","date_gmt":"2014-08-03T07:14:33","guid":{"rendered":"http:\/\/kulturbloggen.com\/?p=85831"},"modified":"2014-08-08T13:25:47","modified_gmt":"2014-08-08T11:25:47","slug":"stockholm-music-arts-peter-lemarc-en-magisk-kvall-vi-kommer-att-minnas","status":"publish","type":"post","link":"https:\/\/kulturbloggen.com\/?p=85831","title":{"rendered":"Stockholm Music &#038; Arts: Peter LeMarc &#8211; en magisk kv\u00e4ll vi kommer att minnas"},"content":{"rendered":"<p><img loading=\"lazy\" decoding=\"async\" src=\"http:\/\/kulturbloggen.com\/wp-content\/uploads\/2014\/08\/DS43258_PeterLeMarc.jpg\" alt=\"_DS43258_PeterLeMarc\" width=\"450\" height=\"300\" class=\"aligncenter size-full wp-image-85861\" srcset=\"https:\/\/kulturbloggen.com\/wp-content\/uploads\/2014\/08\/DS43258_PeterLeMarc.jpg 450w, https:\/\/kulturbloggen.com\/wp-content\/uploads\/2014\/08\/DS43258_PeterLeMarc-300x200.jpg 300w\" sizes=\"auto, (max-width: 450px) 100vw, 450px\" \/><\/p>\n<p><strong>Peter LeMarc p\u00e5 Stockholm Music &amp; Arts<\/strong><br \/>\n<em>2 augusti 2014<\/em><br \/>\nBetyg 5<\/p>\n<p>Det var magiskt. Helt magiskt och en stor k\u00e4rleksfest mellan artisterna p\u00e5 scen och publiken.<\/p>\n<p>Det h\u00e4r skulle bli Peter LeMarcs sista konsert. N\u00e5gonsin. Det hade han varit tydlig med i intervjuer. Han har sj\u00e4lv varit sv\u00e5rt sjuk, l\u00e4r ha sv\u00e5r scenskr\u00e4ck och nu har hans fru f\u00e5tt cancer.<\/p>\n<p>Att kv\u00e4llen skulle bli n\u00e5got alldeles extra v\u00e4ntade sig nog m\u00e5nga. S\u00e4kert Peter LeMarc sj\u00e4lv. Han och hans musiker var enormt peppade och taggade. De gav allt. De b\u00f6rjade till och med en kvart f\u00f6re utsatt tid och h\u00f6ll p\u00e5 n\u00e5gra minuter efter tolv, d\u00e5 det inte l\u00e4ngre var till\u00e5tet att spela p\u00e5 scen i centrala Stockholm. Peter LeMarc ville ge allt och han gav allt. Han anv\u00e4nde hela scenen och gick ner till publiken, han gick ner p\u00e5 kn\u00e4 f\u00f6r att spela gitarr och munspel och publiken \u00e4lskar honom tillbaka.<\/p>\n<p>Redan efter de f\u00f6rsta tv\u00e5 s\u00e5ngerna, &#8221;Mellan m\u00e5nen och mitt f\u00f6nster&#8221; och &#8221;Senast jag s\u00e5g \u00e4nglarna landa&#8221; var det helt magiskt och publiken klappade med, viftade med och sj\u00f6ng med. Peter LeMarc beh\u00f6ver inte ens uppmana till det. Jag h\u00f6rde m\u00e5nga i publiken utropa hur bra det var och ocks\u00e5 personer som tidigare inte f\u00f6rst\u00e5tt hans storhet f\u00f6ll f\u00f6r denna fantastiske musiker och scenpersonlighet. Den h\u00e4r kv\u00e4llen \u00e4gde Peter LeMarc b\u00e5de scenen och hela festivalen p\u00e5 Skeppsholmen. S\u00f6ndagskv\u00e4llens avslutande spelning med Neil Young och Crazy Horse beh\u00f6ver inte ens vara halvbra, festivalen var v\u00e4rd att g\u00e5 p\u00e5 tack vara Peter LeMarc.<\/p>\n<p>Peter LeMarcs st\u00e4mma \u00e4r vacker och stark och musikerna han omger sig med \u00e4r oerh\u00f6rt skickliga. Alla detaljer satt p\u00e5 plats och soundet blev o\u00e4ndligt vackert med flygeln p\u00e5 scen.<\/p>\n<p>Peter LeMarc har en \u00f6dmjuk och enkel utstr\u00e5lning med lugn och levnadserfarenhet som grund. Han kom ut p\u00e5 scen i enkel ljusbl\u00e5 skjorta och jeans och \u00e4r som att tr\u00e4ffa en trevlig granne, hans texter ber\u00e4ttar om s\u00e5dant vi alla k\u00e4nner igen: om m\u00f6ten p\u00e5 bussh\u00e5llplatser, om aff\u00e4rer vi handlar i och samtidigt om de sv\u00e5ra stunderna i livet som n\u00e4r n\u00e4ra anh\u00f6riga ligger f\u00f6r d\u00f6den &#8211; och samtidigt f\u00e5r han det vardagliga och lilla att bli s\u00e5 storslaget, som sm\u00e5 mirakler.<\/p>\n<p>Peter LeMarcs f\u00f6rsta konsert p\u00e5 sju \u00e5r &#8211; och enligt vad han sj\u00e4lv s\u00e4ger sista konsert var en stor konsert, han gav oss en magisk kv\u00e4ll vi kommer att minnas l\u00e4nge, l\u00e4nge. Men han l\u00e4mnar inte musiken, det lovade han. S\u00e5 vi kommer att h\u00f6ra fr\u00e5n och om honom i musikens v\u00e4rld. Tack och lov.<\/p>\n<p><strong>Spellista:<\/strong><br \/>\nMellan m\u00e5nen och mitt f\u00f6nster<br \/>\nSenast jag s\u00e5g \u00e4nglarna landa<br \/>\n(Jag ska) G\u00e5 hel ur det h\u00e4r<br \/>\nS\u00e5ngen dom spelar n\u00e4r filmen \u00e4r slut<br \/>\nI mitt andra liv<br \/>\nDrivved<br \/>\n\u00c4nda till september<br \/>\n\u00c4lskad fr\u00e5n f\u00f6rsta stund<br \/>\nDet som h\u00e5ller oss vid liv<br \/>\nEtt av dom s\u00e4tt<br \/>\nH\u00e4r kommer din \u00e4lskling<br \/>\nMemphis i himlen<br \/>\nV\u00e4gen (l\u00e5ter oss l\u00e4ngta)<br \/>\nV\u00e4nta dig mirakel<br \/>\nLittle Willie John<\/p>\n<p>Extranumren:<br \/>\nVaggs\u00e5ng kl.4<br \/>\nNio broars v\u00e4g<br \/>\nEvelina<\/p>\n<p><strong>Foto: Lena Dahlstr\u00f6m<\/strong><\/p>\n<p><a href=\"http:\/\/kulturbloggen.com\/wp-content\/uploads\/2014\/08\/DS43183_PeterLeMarc.jpg\"><img loading=\"lazy\" decoding=\"async\" src=\"http:\/\/kulturbloggen.com\/wp-content\/uploads\/2014\/08\/DS43183_PeterLeMarc.jpg\" alt=\"_DS43183_PeterLeMarc\" width=\"450\" height=\"300\" class=\"aligncenter size-full wp-image-85862\" srcset=\"https:\/\/kulturbloggen.com\/wp-content\/uploads\/2014\/08\/DS43183_PeterLeMarc.jpg 450w, https:\/\/kulturbloggen.com\/wp-content\/uploads\/2014\/08\/DS43183_PeterLeMarc-300x200.jpg 300w\" sizes=\"auto, (max-width: 450px) 100vw, 450px\" \/><\/a><\/p>\n<p><a href=\"http:\/\/kulturbloggen.com\/wp-content\/uploads\/2014\/08\/DS43195_PeterLeMarc.jpg\"><img loading=\"lazy\" decoding=\"async\" src=\"http:\/\/kulturbloggen.com\/wp-content\/uploads\/2014\/08\/DS43195_PeterLeMarc.jpg\" alt=\"_DS43195_PeterLeMarc\" width=\"450\" height=\"300\" class=\"aligncenter size-full wp-image-85863\" srcset=\"https:\/\/kulturbloggen.com\/wp-content\/uploads\/2014\/08\/DS43195_PeterLeMarc.jpg 450w, https:\/\/kulturbloggen.com\/wp-content\/uploads\/2014\/08\/DS43195_PeterLeMarc-300x200.jpg 300w\" sizes=\"auto, (max-width: 450px) 100vw, 450px\" \/><\/a><\/p>\n<p><a href=\"http:\/\/kulturbloggen.com\/wp-content\/uploads\/2014\/08\/DS43222_PeterLeMarc.jpg\"><img loading=\"lazy\" decoding=\"async\" src=\"http:\/\/kulturbloggen.com\/wp-content\/uploads\/2014\/08\/DS43222_PeterLeMarc.jpg\" alt=\"_DS43222_PeterLeMarc\" width=\"450\" height=\"300\" class=\"aligncenter size-full wp-image-85864\" srcset=\"https:\/\/kulturbloggen.com\/wp-content\/uploads\/2014\/08\/DS43222_PeterLeMarc.jpg 450w, https:\/\/kulturbloggen.com\/wp-content\/uploads\/2014\/08\/DS43222_PeterLeMarc-300x200.jpg 300w\" sizes=\"auto, (max-width: 450px) 100vw, 450px\" \/><\/a><\/p>\n<p><a href=\"http:\/\/kulturbloggen.com\/wp-content\/uploads\/2014\/08\/DS43273_PeterLeMarc.jpg\"><img loading=\"lazy\" decoding=\"async\" src=\"http:\/\/kulturbloggen.com\/wp-content\/uploads\/2014\/08\/DS43273_PeterLeMarc.jpg\" alt=\"_DS43273_PeterLeMarc\" width=\"450\" height=\"300\" class=\"aligncenter size-full wp-image-85865\" srcset=\"https:\/\/kulturbloggen.com\/wp-content\/uploads\/2014\/08\/DS43273_PeterLeMarc.jpg 450w, https:\/\/kulturbloggen.com\/wp-content\/uploads\/2014\/08\/DS43273_PeterLeMarc-300x200.jpg 300w\" sizes=\"auto, (max-width: 450px) 100vw, 450px\" \/><\/a><\/p>\n<p><a href=\"http:\/\/kulturbloggen.com\/wp-content\/uploads\/2014\/08\/DS43282_PeterLeMarc.jpg\"><img loading=\"lazy\" decoding=\"async\" src=\"http:\/\/kulturbloggen.com\/wp-content\/uploads\/2014\/08\/DS43282_PeterLeMarc.jpg\" alt=\"_DS43282_PeterLeMarc\" width=\"450\" height=\"300\" class=\"aligncenter size-full wp-image-85866\" srcset=\"https:\/\/kulturbloggen.com\/wp-content\/uploads\/2014\/08\/DS43282_PeterLeMarc.jpg 450w, https:\/\/kulturbloggen.com\/wp-content\/uploads\/2014\/08\/DS43282_PeterLeMarc-300x200.jpg 300w\" sizes=\"auto, (max-width: 450px) 100vw, 450px\" \/><\/a><\/p>\n<p><a href=\"http:\/\/kulturbloggen.com\/wp-content\/uploads\/2014\/08\/DS43312_PeterLeMarc.jpg\"><img loading=\"lazy\" decoding=\"async\" src=\"http:\/\/kulturbloggen.com\/wp-content\/uploads\/2014\/08\/DS43312_PeterLeMarc.jpg\" alt=\"_DS43312_PeterLeMarc\" width=\"450\" height=\"300\" class=\"aligncenter size-full wp-image-85867\" srcset=\"https:\/\/kulturbloggen.com\/wp-content\/uploads\/2014\/08\/DS43312_PeterLeMarc.jpg 450w, https:\/\/kulturbloggen.com\/wp-content\/uploads\/2014\/08\/DS43312_PeterLeMarc-300x200.jpg 300w\" sizes=\"auto, (max-width: 450px) 100vw, 450px\" \/><\/a><\/p>\n<p><a href=\"http:\/\/kulturbloggen.com\/wp-content\/uploads\/2014\/08\/DS43327_PeterLeMarc.jpg\"><img loading=\"lazy\" decoding=\"async\" src=\"http:\/\/kulturbloggen.com\/wp-content\/uploads\/2014\/08\/DS43327_PeterLeMarc.jpg\" alt=\"_DS43327_PeterLeMarc\" width=\"450\" height=\"300\" class=\"aligncenter size-full wp-image-85868\" srcset=\"https:\/\/kulturbloggen.com\/wp-content\/uploads\/2014\/08\/DS43327_PeterLeMarc.jpg 450w, https:\/\/kulturbloggen.com\/wp-content\/uploads\/2014\/08\/DS43327_PeterLeMarc-300x200.jpg 300w\" sizes=\"auto, (max-width: 450px) 100vw, 450px\" \/><\/a><\/p>\n<p><a href=\"http:\/\/kulturbloggen.com\/wp-content\/uploads\/2014\/08\/DS43340_PeterLeMarc.jpg\"><img loading=\"lazy\" decoding=\"async\" src=\"http:\/\/kulturbloggen.com\/wp-content\/uploads\/2014\/08\/DS43340_PeterLeMarc.jpg\" alt=\"_DS43340_PeterLeMarc\" width=\"450\" height=\"300\" class=\"aligncenter size-full wp-image-85869\" srcset=\"https:\/\/kulturbloggen.com\/wp-content\/uploads\/2014\/08\/DS43340_PeterLeMarc.jpg 450w, https:\/\/kulturbloggen.com\/wp-content\/uploads\/2014\/08\/DS43340_PeterLeMarc-300x200.jpg 300w\" sizes=\"auto, (max-width: 450px) 100vw, 450px\" \/><\/a><\/p>\n<p><a href=\"http:\/\/kulturbloggen.com\/wp-content\/uploads\/2014\/08\/DS43343_PeterLeMarc.jpg\"><img loading=\"lazy\" decoding=\"async\" src=\"http:\/\/kulturbloggen.com\/wp-content\/uploads\/2014\/08\/DS43343_PeterLeMarc.jpg\" alt=\"_DS43343_PeterLeMarc\" width=\"450\" height=\"300\" class=\"aligncenter size-full wp-image-85870\" srcset=\"https:\/\/kulturbloggen.com\/wp-content\/uploads\/2014\/08\/DS43343_PeterLeMarc.jpg 450w, https:\/\/kulturbloggen.com\/wp-content\/uploads\/2014\/08\/DS43343_PeterLeMarc-300x200.jpg 300w\" sizes=\"auto, (max-width: 450px) 100vw, 450px\" \/><\/a><\/p>\n<p><a href=\"http:\/\/kulturbloggen.com\/wp-content\/uploads\/2014\/08\/DS43364_PeterLeMarc.jpg\"><img loading=\"lazy\" decoding=\"async\" src=\"http:\/\/kulturbloggen.com\/wp-content\/uploads\/2014\/08\/DS43364_PeterLeMarc.jpg\" alt=\"_DS43364_PeterLeMarc\" width=\"450\" height=\"300\" class=\"aligncenter size-full wp-image-85871\" srcset=\"https:\/\/kulturbloggen.com\/wp-content\/uploads\/2014\/08\/DS43364_PeterLeMarc.jpg 450w, https:\/\/kulturbloggen.com\/wp-content\/uploads\/2014\/08\/DS43364_PeterLeMarc-300x200.jpg 300w\" sizes=\"auto, (max-width: 450px) 100vw, 450px\" \/><\/a><\/p>\n<p><a href=\"http:\/\/kulturbloggen.com\/wp-content\/uploads\/2014\/08\/DS43394_PeterLeMarc.jpg\"><img loading=\"lazy\" decoding=\"async\" src=\"http:\/\/kulturbloggen.com\/wp-content\/uploads\/2014\/08\/DS43394_PeterLeMarc.jpg\" alt=\"_DS43394_PeterLeMarc\" width=\"450\" height=\"300\" class=\"aligncenter size-full wp-image-85872\" srcset=\"https:\/\/kulturbloggen.com\/wp-content\/uploads\/2014\/08\/DS43394_PeterLeMarc.jpg 450w, https:\/\/kulturbloggen.com\/wp-content\/uploads\/2014\/08\/DS43394_PeterLeMarc-300x200.jpg 300w\" sizes=\"auto, (max-width: 450px) 100vw, 450px\" \/><\/a><\/p>\n<p><a href=\"http:\/\/kulturbloggen.com\/wp-content\/uploads\/2014\/08\/DS43423_PeterLeMarc.jpg\"><img loading=\"lazy\" decoding=\"async\" src=\"http:\/\/kulturbloggen.com\/wp-content\/uploads\/2014\/08\/DS43423_PeterLeMarc.jpg\" alt=\"_DS43423_PeterLeMarc\" width=\"450\" height=\"300\" class=\"aligncenter size-full wp-image-85873\" srcset=\"https:\/\/kulturbloggen.com\/wp-content\/uploads\/2014\/08\/DS43423_PeterLeMarc.jpg 450w, https:\/\/kulturbloggen.com\/wp-content\/uploads\/2014\/08\/DS43423_PeterLeMarc-300x200.jpg 300w\" sizes=\"auto, (max-width: 450px) 100vw, 450px\" \/><\/a><\/p>\n<p><a href=\"http:\/\/kulturbloggen.com\/wp-content\/uploads\/2014\/08\/DS43464_PeterLeMarc.jpg\"><img loading=\"lazy\" decoding=\"async\" src=\"http:\/\/kulturbloggen.com\/wp-content\/uploads\/2014\/08\/DS43464_PeterLeMarc.jpg\" alt=\"_DS43464_PeterLeMarc\" width=\"450\" height=\"300\" class=\"aligncenter size-full wp-image-85874\" srcset=\"https:\/\/kulturbloggen.com\/wp-content\/uploads\/2014\/08\/DS43464_PeterLeMarc.jpg 450w, https:\/\/kulturbloggen.com\/wp-content\/uploads\/2014\/08\/DS43464_PeterLeMarc-300x200.jpg 300w\" sizes=\"auto, (max-width: 450px) 100vw, 450px\" \/><\/a><\/p>\n<p><a href=\"http:\/\/kulturbloggen.com\/wp-content\/uploads\/2014\/08\/DS43486_PeterLeMarc.jpg\"><img loading=\"lazy\" decoding=\"async\" src=\"http:\/\/kulturbloggen.com\/wp-content\/uploads\/2014\/08\/DS43486_PeterLeMarc.jpg\" alt=\"_DS43486_PeterLeMarc\" width=\"450\" height=\"300\" class=\"aligncenter size-full wp-image-85875\" srcset=\"https:\/\/kulturbloggen.com\/wp-content\/uploads\/2014\/08\/DS43486_PeterLeMarc.jpg 450w, https:\/\/kulturbloggen.com\/wp-content\/uploads\/2014\/08\/DS43486_PeterLeMarc-300x200.jpg 300w\" sizes=\"auto, (max-width: 450px) 100vw, 450px\" \/><\/a><\/p>\n<p><a href=\"http:\/\/kulturbloggen.com\/wp-content\/uploads\/2014\/08\/DS43496_PeterLeMarc.jpg\"><img loading=\"lazy\" decoding=\"async\" src=\"http:\/\/kulturbloggen.com\/wp-content\/uploads\/2014\/08\/DS43496_PeterLeMarc.jpg\" alt=\"_DS43496_PeterLeMarc\" width=\"450\" height=\"300\" class=\"aligncenter size-full wp-image-85876\" srcset=\"https:\/\/kulturbloggen.com\/wp-content\/uploads\/2014\/08\/DS43496_PeterLeMarc.jpg 450w, https:\/\/kulturbloggen.com\/wp-content\/uploads\/2014\/08\/DS43496_PeterLeMarc-300x200.jpg 300w\" sizes=\"auto, (max-width: 450px) 100vw, 450px\" \/><\/a><\/p>\n<p><a href=\"http:\/\/www.aftonbladet.se\/nojesbladet\/musik\/rockbjornen\/article19308281.ab\">Aftonbladet gav ocks\u00e5 betyg 5.<\/a><\/p>\n","protected":false},"excerpt":{"rendered":"<p>Peter LeMarc p\u00e5 Stockholm Music &amp; Arts 2 augusti 2014 Betyg 5 Det var magiskt. Helt magiskt och en stor k\u00e4rleksfest mellan artisterna p\u00e5 scen och publiken. Det h\u00e4r skulle bli Peter LeMarcs sista konsert. N\u00e5gonsin. Det hade han varit tydlig med i intervjuer. Han har sj\u00e4lv varit sv\u00e5rt sjuk, l\u00e4r ha sv\u00e5r scenskr\u00e4ck och [&hellip;]<\/p>\n","protected":false},"author":2,"featured_media":0,"comment_status":"open","ping_status":"open","sticky":false,"template":"","format":"standard","meta":{"_genesis_hide_title":false,"_genesis_hide_breadcrumbs":false,"_genesis_hide_singular_image":false,"_genesis_hide_footer_widgets":false,"_genesis_custom_body_class":"","_genesis_custom_post_class":"","_genesis_layout":"","footnotes":""},"categories":[7],"tags":[4338,7631],"class_list":{"0":"post-85831","1":"post","2":"type-post","3":"status-publish","4":"format-standard","6":"category-musik","7":"tag-peter-lemarc","8":"tag-stockholm-music-arts","9":"entry"},"_links":{"self":[{"href":"https:\/\/kulturbloggen.com\/index.php?rest_route=\/wp\/v2\/posts\/85831","targetHints":{"allow":["GET"]}}],"collection":[{"href":"https:\/\/kulturbloggen.com\/index.php?rest_route=\/wp\/v2\/posts"}],"about":[{"href":"https:\/\/kulturbloggen.com\/index.php?rest_route=\/wp\/v2\/types\/post"}],"author":[{"embeddable":true,"href":"https:\/\/kulturbloggen.com\/index.php?rest_route=\/wp\/v2\/users\/2"}],"replies":[{"embeddable":true,"href":"https:\/\/kulturbloggen.com\/index.php?rest_route=%2Fwp%2Fv2%2Fcomments&post=85831"}],"version-history":[{"count":6,"href":"https:\/\/kulturbloggen.com\/index.php?rest_route=\/wp\/v2\/posts\/85831\/revisions"}],"predecessor-version":[{"id":85877,"href":"https:\/\/kulturbloggen.com\/index.php?rest_route=\/wp\/v2\/posts\/85831\/revisions\/85877"}],"wp:attachment":[{"href":"https:\/\/kulturbloggen.com\/index.php?rest_route=%2Fwp%2Fv2%2Fmedia&parent=85831"}],"wp:term":[{"taxonomy":"category","embeddable":true,"href":"https:\/\/kulturbloggen.com\/index.php?rest_route=%2Fwp%2Fv2%2Fcategories&post=85831"},{"taxonomy":"post_tag","embeddable":true,"href":"https:\/\/kulturbloggen.com\/index.php?rest_route=%2Fwp%2Fv2%2Ftags&post=85831"}],"curies":[{"name":"wp","href":"https:\/\/api.w.org\/{rel}","templated":true}]}}