{"id":85595,"date":"2014-07-26T23:46:12","date_gmt":"2014-07-26T21:46:12","guid":{"rendered":"http:\/\/kulturbloggen.com\/?p=85595"},"modified":"2014-07-26T23:51:21","modified_gmt":"2014-07-26T21:51:21","slug":"70-talskansla-med-kaldolmar-och-kalsipper-pa-parkteatern","status":"publish","type":"post","link":"https:\/\/kulturbloggen.com\/?p=85595","title":{"rendered":"70-talsk\u00e4nsla med K\u00e5ldolmar och kalsipper p\u00e5 Parkteatern"},"content":{"rendered":"<p><a href=\"http:\/\/kulturbloggen.com\/wp-content\/uploads\/2014\/07\/kaldolmar4-foto-petra-hellberg.jpg\"><img loading=\"lazy\" decoding=\"async\" class=\"aligncenter size-medium wp-image-85596\" src=\"http:\/\/kulturbloggen.com\/wp-content\/uploads\/2014\/07\/kaldolmar4-foto-petra-hellberg-300x300.jpg\" alt=\"kaldolmar4-foto-petra-hellberg\" width=\"300\" height=\"300\" srcset=\"https:\/\/kulturbloggen.com\/wp-content\/uploads\/2014\/07\/kaldolmar4-foto-petra-hellberg-300x300.jpg 300w, https:\/\/kulturbloggen.com\/wp-content\/uploads\/2014\/07\/kaldolmar4-foto-petra-hellberg-150x150.jpg 150w, https:\/\/kulturbloggen.com\/wp-content\/uploads\/2014\/07\/kaldolmar4-foto-petra-hellberg.jpg 311w\" sizes=\"auto, (max-width: 300px) 100vw, 300px\" \/><\/a><\/p>\n<p><a href=\"http:\/\/kulturhusetstadsteatern.se\/parkteatern\/Evenemang\/2014\/Kaldolmar-och-kalsipper\/\" target=\"_blank\">K\u00e5ldolmar och kalsipper<\/a><br \/>\nParkteatern, Gal\u00e4rparken i Stockholm<br \/>\nPremi\u00e4r den 26 juli 2014<\/p>\n<p>Solen gassade fortfarande och m\u00e5nga sneglade efter skugga p\u00e5 Parkteaterns nypremi\u00e4r av K\u00e5ldolmar och kalsipper. Pj\u00e4sen \u00e4r baserad p\u00e5 Nationalteaterns skiva K\u00e5ldolmar och kalsipper fr\u00e5n 1976 och k\u00e4nslan av 70-tal var p\u00e5taglig, om \u00e4n budskapet fungerar \u00e4ven idag. Musikteatern tar upp kampen f\u00f6r de sm\u00e5 och trasiga och vikten av att engagera sig \u2013 \u201dk\u00e4mpa, dansa och r\u00f6sta\u201d.<\/p>\n<p>Vi f\u00e5r f\u00f6lja med p\u00e5 flickan Yllets \u00e4ventyr till och fr\u00e5n att r\u00e4dda sina v\u00e4nner fr\u00e5n de onda kungarna fr\u00e5n V\u00e4sterlandet, som h\u00e5ller dem som slavar i en gruva. Med sig p\u00e5 resan har hon en nyf\u00f6dd 100-\u00e5rig gubbe som satts i skogen f\u00f6r att tas av vargen. De tr\u00e4ffar ocks\u00e5 p\u00e5 Sj\u00f6r\u00f6var-Jenny, som egentligen \u00e4r en vanlig mamma p\u00e5 flykt undan vardagen, clownen Agamemnon som flytt fr\u00e5n milit\u00e4rjuntan i Grekland och ett sp\u00f6ke som b\u00f6rjat skr\u00e4mmas f\u00f6r att bli fri fr\u00e5n sig sp\u00f6kr\u00e4dsla.<\/p>\n<p>Musiken framf\u00f6rs av Club Killers. Parkteatern utlovar ocks\u00e5 hemliga g\u00e4startister p\u00e5 de kommande f\u00f6rest\u00e4llningarna. K\u00e5ldolmar och Kalsipper \u00e4r en passande utomhusteater f\u00f6r hela familjen: medryckande l\u00e5tar, roliga figurer i fantasifulla kostymer.<\/p>\n<p><a href=\"http:\/\/kulturbloggen.com\/wp-content\/uploads\/2014\/07\/kaldolmar3-foto-petra-hellberg.jpg\"><img loading=\"lazy\" decoding=\"async\" class=\"alignright size-medium wp-image-85598\" src=\"http:\/\/kulturbloggen.com\/wp-content\/uploads\/2014\/07\/kaldolmar3-foto-petra-hellberg-300x178.jpg\" alt=\"kaldolmar3-foto-petra-hellberg\" width=\"300\" height=\"178\" srcset=\"https:\/\/kulturbloggen.com\/wp-content\/uploads\/2014\/07\/kaldolmar3-foto-petra-hellberg-300x178.jpg 300w, https:\/\/kulturbloggen.com\/wp-content\/uploads\/2014\/07\/kaldolmar3-foto-petra-hellberg.jpg 630w\" sizes=\"auto, (max-width: 300px) 100vw, 300px\" \/><\/a><\/p>\n<p>Medverkande<br \/>\nBer\u00e4ttaren\/K\u00e4rringen: Viktor Brobacke<br \/>\nGubben\/Sp\u00f6ket: Katarina Cohen<br \/>\nYllet: Maria Sundbom<br \/>\nKung\/Folke\/Valen: Per \u00d6hagen<br \/>\nKung\/Tj\u00e4naren: Lisa Larsson<br \/>\nKung\/Sj\u00f6r\u00f6var-Jenny: Malin Halland<br \/>\nAgamemnon: Daniel Rossetti<br \/>\nMia Rays medverkan sker i samarbete med Riksteatern. Tack till Caf\u00e9z.<\/p>\n<p>Club Killers<br \/>\nGustav Bendt, Viktor Brobacke, Robban Cronsioe, Anders Kappelin, Patrik Kolar, Gustav Nahlin, Johan Norin, Daniel Rossetti<\/p>\n<p>Produktion<br \/>\nMusik och l\u00e5ttexter: Ulf Dageby, Anders Melander, Hans Mosesson(text Tj\u00e4nare), Peter Wahlqvist (text Valens sista s\u00e5ng).<br \/>\nRegi: Kajsa Isakson<br \/>\nBearbetning: Mathias Worbin och Kajsa Isakson<br \/>\nScenografi: Mattias Broberg<br \/>\nKostym: Peter Holm<br \/>\nMask: Erika Nicklasson<br \/>\nKapellm\u00e4stare: Viktor Brobacke<br \/>\nRekvisita: Anja Liedtke och Gabriel Stuart<\/p>\n<p>Foto: Petra Hellberg<\/p>\n","protected":false},"excerpt":{"rendered":"<p>K\u00e5ldolmar och kalsipper Parkteatern, Gal\u00e4rparken i Stockholm Premi\u00e4r den 26 juli 2014 Solen gassade fortfarande och m\u00e5nga sneglade efter skugga p\u00e5 Parkteaterns nypremi\u00e4r av K\u00e5ldolmar och kalsipper. Pj\u00e4sen \u00e4r baserad p\u00e5 Nationalteaterns skiva K\u00e5ldolmar och kalsipper fr\u00e5n 1976 och k\u00e4nslan av 70-tal var p\u00e5taglig, om \u00e4n budskapet fungerar \u00e4ven idag. Musikteatern tar upp kampen f\u00f6r [&hellip;]<\/p>\n","protected":false},"author":13,"featured_media":0,"comment_status":"open","ping_status":"open","sticky":false,"template":"","format":"standard","meta":{"_genesis_hide_title":false,"_genesis_hide_breadcrumbs":false,"_genesis_hide_singular_image":false,"_genesis_hide_footer_widgets":false,"_genesis_custom_body_class":"","_genesis_custom_post_class":"","_genesis_layout":"","footnotes":""},"categories":[20,30,31],"tags":[9980],"class_list":{"0":"post-85595","1":"post","2":"type-post","3":"status-publish","4":"format-standard","6":"category-film","7":"category-teater","8":"category-teaterrecension","9":"tag-utomhusteater","10":"entry"},"_links":{"self":[{"href":"https:\/\/kulturbloggen.com\/index.php?rest_route=\/wp\/v2\/posts\/85595","targetHints":{"allow":["GET"]}}],"collection":[{"href":"https:\/\/kulturbloggen.com\/index.php?rest_route=\/wp\/v2\/posts"}],"about":[{"href":"https:\/\/kulturbloggen.com\/index.php?rest_route=\/wp\/v2\/types\/post"}],"author":[{"embeddable":true,"href":"https:\/\/kulturbloggen.com\/index.php?rest_route=\/wp\/v2\/users\/13"}],"replies":[{"embeddable":true,"href":"https:\/\/kulturbloggen.com\/index.php?rest_route=%2Fwp%2Fv2%2Fcomments&post=85595"}],"version-history":[{"count":4,"href":"https:\/\/kulturbloggen.com\/index.php?rest_route=\/wp\/v2\/posts\/85595\/revisions"}],"predecessor-version":[{"id":85601,"href":"https:\/\/kulturbloggen.com\/index.php?rest_route=\/wp\/v2\/posts\/85595\/revisions\/85601"}],"wp:attachment":[{"href":"https:\/\/kulturbloggen.com\/index.php?rest_route=%2Fwp%2Fv2%2Fmedia&parent=85595"}],"wp:term":[{"taxonomy":"category","embeddable":true,"href":"https:\/\/kulturbloggen.com\/index.php?rest_route=%2Fwp%2Fv2%2Fcategories&post=85595"},{"taxonomy":"post_tag","embeddable":true,"href":"https:\/\/kulturbloggen.com\/index.php?rest_route=%2Fwp%2Fv2%2Ftags&post=85595"}],"curies":[{"name":"wp","href":"https:\/\/api.w.org\/{rel}","templated":true}]}}