{"id":85528,"date":"2014-07-21T10:41:21","date_gmt":"2014-07-21T08:41:21","guid":{"rendered":"http:\/\/kulturbloggen.com\/?p=85528"},"modified":"2014-07-21T10:41:21","modified_gmt":"2014-07-21T08:41:21","slug":"sveriges-basta-komiker-utses-vid-gala-pa-sodra-teatern","status":"publish","type":"post","link":"https:\/\/kulturbloggen.com\/?p=85528","title":{"rendered":"Sveriges b\u00e4sta komiker utses vid gala p\u00e5 S\u00f6dra Teatern"},"content":{"rendered":"<p><img loading=\"lazy\" decoding=\"async\" src=\"http:\/\/kulturbloggen.com\/wp-content\/uploads\/2014\/07\/svenskastandupgalan-300x232.jpg\" alt=\"svenskastandupgalan\" width=\"300\" height=\"232\" class=\"aligncenter size-medium wp-image-85529\" srcset=\"https:\/\/kulturbloggen.com\/wp-content\/uploads\/2014\/07\/svenskastandupgalan-300x232.jpg 300w, https:\/\/kulturbloggen.com\/wp-content\/uploads\/2014\/07\/svenskastandupgalan.jpg 800w\" sizes=\"auto, (max-width: 300px) 100vw, 300px\" \/><\/p>\n<p>Den 26 augusti arrangeras f\u00f6r trettonde g\u00e5ngen Svenska standupgalan, kv\u00e4llen d\u00e5 de b\u00e4sta insatserna inom svensk st\u00e5uppkomik under det g\u00e5ngna \u00e5ret ska premieras. F\u00f6r f\u00f6rsta g\u00e5ngen sker galan i regi av st\u00e5uppklubben Oslipat, som tar \u00f6ver stafettpinnen fr\u00e5n \u00d6zz N\u00fbjen och Stockholm Comedy Club. Framtr\u00e4der under kv\u00e4llen g\u00f6r bland andra Soran Ismail och Ann Westin.<\/p>\n<p>Ett pressmeddelande ber\u00e4ttar:<\/p>\n<p>Kv\u00e4llens v\u00e4rdar \u00e4r Josefin Johansson och Marcus Johansson. Josefin har h\u00f6rts i radioprogram som Pang Prego och i egna podden Crazy Town och hon har medverkat i program som Extra Extra och Robins. Marcus \u00e4r en av Oslipats grundare och har skrivit manus till en l\u00e5ng rad radio- och tv-program.<\/p>\n<p>Soran Ismail och Ann Westin dyker upp och g\u00f6r humorinslag och bland prisutdelarna kan n\u00e4mnas Jesper R\u00f6nndahl och Anna Lena Bergelin. Som en extra bonus kommer publiken att f\u00e5 se exklusiva scener ur den nya musikalen Amalia &#8211; Princess of comedy.<\/p>\n<p>Priser delas ut i f\u00f6ljande kategorier: \u00c5rets manliga komiker, \u00c5rets kvinnliga komiker, \u00c5rets nykomling (som f\u00f6rutom \u00e4ran f\u00e5r en check p\u00e5 25 000 kr av L\u00e4kerol), \u00c5rets skrattstock (som g\u00e5r till n\u00e5gon som som gjort n\u00e5got bra inom radio, tv eller p\u00e5 n\u00e4tet) och Juryns hederspris.<\/p>\n<p>Det \u00e4r fj\u00e4rde g\u00e5ngen Marcus Johansson \u00e4r konferencier f\u00f6r galan och han lovar ett h\u00f6gt tempo. <\/p>\n<p>\u2013 Vare sig man jobbar med humor eller bara \u00e4lskar standup s\u00e5 kommer man f\u00e5 en kanonkv\u00e4ll, ber\u00e4ttar Marcus.<\/p>\n<p><strong>Fakta<\/strong><br \/>\nVad: Svenska standupgalan<br \/>\nVar: Stora Scen, S\u00f6dra Teatern<br \/>\nN\u00e4r: Tisdag 26 augusti, kl 19:00<\/p>\n","protected":false},"excerpt":{"rendered":"<p>Den 26 augusti arrangeras f\u00f6r trettonde g\u00e5ngen Svenska standupgalan, kv\u00e4llen d\u00e5 de b\u00e4sta insatserna inom svensk st\u00e5uppkomik under det g\u00e5ngna \u00e5ret ska premieras. F\u00f6r f\u00f6rsta g\u00e5ngen sker galan i regi av st\u00e5uppklubben Oslipat, som tar \u00f6ver stafettpinnen fr\u00e5n \u00d6zz N\u00fbjen och Stockholm Comedy Club. Framtr\u00e4der under kv\u00e4llen g\u00f6r bland andra Soran Ismail och Ann Westin. [&hellip;]<\/p>\n","protected":false},"author":13,"featured_media":0,"comment_status":"open","ping_status":"open","sticky":false,"template":"","format":"standard","meta":{"_genesis_hide_title":false,"_genesis_hide_breadcrumbs":false,"_genesis_hide_singular_image":false,"_genesis_hide_footer_widgets":false,"_genesis_custom_body_class":"","_genesis_custom_post_class":"","_genesis_layout":"","footnotes":""},"categories":[20],"tags":[6591,5598],"class_list":{"0":"post-85528","1":"post","2":"type-post","3":"status-publish","4":"format-standard","6":"category-film","7":"tag-komiker","8":"tag-sodra-teatern","9":"entry"},"_links":{"self":[{"href":"https:\/\/kulturbloggen.com\/index.php?rest_route=\/wp\/v2\/posts\/85528","targetHints":{"allow":["GET"]}}],"collection":[{"href":"https:\/\/kulturbloggen.com\/index.php?rest_route=\/wp\/v2\/posts"}],"about":[{"href":"https:\/\/kulturbloggen.com\/index.php?rest_route=\/wp\/v2\/types\/post"}],"author":[{"embeddable":true,"href":"https:\/\/kulturbloggen.com\/index.php?rest_route=\/wp\/v2\/users\/13"}],"replies":[{"embeddable":true,"href":"https:\/\/kulturbloggen.com\/index.php?rest_route=%2Fwp%2Fv2%2Fcomments&post=85528"}],"version-history":[{"count":1,"href":"https:\/\/kulturbloggen.com\/index.php?rest_route=\/wp\/v2\/posts\/85528\/revisions"}],"predecessor-version":[{"id":85530,"href":"https:\/\/kulturbloggen.com\/index.php?rest_route=\/wp\/v2\/posts\/85528\/revisions\/85530"}],"wp:attachment":[{"href":"https:\/\/kulturbloggen.com\/index.php?rest_route=%2Fwp%2Fv2%2Fmedia&parent=85528"}],"wp:term":[{"taxonomy":"category","embeddable":true,"href":"https:\/\/kulturbloggen.com\/index.php?rest_route=%2Fwp%2Fv2%2Fcategories&post=85528"},{"taxonomy":"post_tag","embeddable":true,"href":"https:\/\/kulturbloggen.com\/index.php?rest_route=%2Fwp%2Fv2%2Ftags&post=85528"}],"curies":[{"name":"wp","href":"https:\/\/api.w.org\/{rel}","templated":true}]}}