{"id":8550,"date":"2009-04-11T09:18:34","date_gmt":"2009-04-11T08:18:34","guid":{"rendered":"http:\/\/kulturbloggen.com\/?p=8550"},"modified":"2009-04-11T09:18:34","modified_gmt":"2009-04-11T08:18:34","slug":"analysen-som-maste-goras","status":"publish","type":"post","link":"https:\/\/kulturbloggen.com\/?p=8550","title":{"rendered":"Analysen som m\u00e5ste g\u00f6ras"},"content":{"rendered":"<p><img loading=\"lazy\" decoding=\"async\" src=\"http:\/\/sodergren.com\/kulturbloggen\/wp-content\/uploads\/2009\/04\/toppstyrning290.jpg\" alt=\"toppstyrning290\" title=\"toppstyrning290\" width=\"290\" height=\"200\" class=\"alignright size-full wp-image-8554\" \/><br \/>\nHar inte m\u00e4nniskor makt \u00f6ver sina liv s\u00e5 kan de inte heller lyftas upp till ett anst\u00e4ndigt liv. Det spelar ingen roll hur m\u00e5nga \u00e5tg\u00e4rder, st\u00f6d, bidrag eller f\u00f6rs\u00e4kringar du inf\u00f6r. Utanf\u00f6rskap \u00e4r i grunden en maktfr\u00e5ga. Borgarna lanserade ordet utanf\u00f6rskap och jag t\u00e4nker stj\u00e4la det fr\u00e5n dom, f\u00f6r det \u00e4r det det handlar om, att vara utanf\u00f6r. Och m\u00e4nniskor utan makt \u00e4r otrogna \u00e4lskare, lita aldrig p\u00e5 slavens lojalitet.<br \/>\n<a href=\"http:\/\/my.opera.com\/ekehog\/blog\/2009\/04\/10\/och-den-egentliga-makten-inskranks-till-en-liten-krets-av-partiets-innersta-karn\">Skriver Rolling and tumbling.<\/a><br \/>\n<!--more--><br \/>\nOpinionsm\u00e4tningar kring l\u00e4get i svensk partipolitik har inte varit roliga rapporter f\u00f6r den som vill v\u00e4lja bort Reinfeldt &amp; Co.<br \/>\nStrax efter att den h\u00f6gerledda regeringen hade tagit \u00f6ver rasade h\u00f6gern i opinionsm\u00e4tningar. Oppositionen: S, MP och V, s\u00e5g ut att kunna glida p\u00e5 en r\u00e4kmacka.<\/p>\n<p>Men nu, med ett och ett halvt \u00e5r kvar till riksdagsvalet, \u00e4r situationen annorlunda. Reinfeldt f\u00e5r h\u00f6ga f\u00f6rtroendepo\u00e4ng och S och dess v\u00e4nner dalar och dalar.<\/p>\n<p><a href=\"http:\/\/newsmill.se\/artikel\/2009\/04\/06\/arbetarrorelsens-usla-mediehantering-kan-falla-wanja\">En som formulerat bra tankar kring detta \u00e4r Anna Hellgren<\/a>:<\/p>\n<blockquote><p>Om socialdemokratin, och dessv\u00e4rre hela v\u00e4nstern, ska ha en chans att f\u00f6rhindra en borgerlig promenadseger i september 2010 m\u00e5ste den inte bara l\u00e4ra sig hur medierna fungerar och hur de hanteras. De m\u00e5ste b\u00f6rja prata politik och formulera ett alternativ till den svaghetsf\u00f6raktande och v\u00e4lf\u00e4rdsnedrustande regeringspolitiken. Att misslyckas med det i en tid n\u00e4r klyftorna mellan de som har och de som inte har aldrig n\u00e5gonsin varit st\u00f6rre och d\u00e4r massarbetsl\u00f6shet st\u00e5r inf\u00f6r d\u00f6rren \u00e4r inte bara ett historiskt misslyckande. Det \u00e4r en katastrof.<\/p><\/blockquote>\n<p>Det handlar om att inse hur medier arbetar. Men det handlar ocks\u00e5 om det viktiga som Rolling and Tumbling tar upp: att f\u00f6r\u00e4ndringen som b\u00f6rjat inom S inte motarbetas. <a href=\"http:\/\/www.eriklaakso.nu\/?p=1440\">Erik tar upp det<\/a>:<\/p>\n<blockquote><p>Vi har en partiledare som verkligen visat ambitionen att omst\u00f6pa partiapparaten och det \u00e4r sannerligen inte en enkel uppgift i en partiapparat som inte vill omst\u00f6pas. Det finns en stor och v\u00e4lbetald andel partiarbetare som mots\u00e4tter sig en demokratisering d\u00e4r medlemsskapets v\u00e4rde uppv\u00e4rderas till n\u00e5got verkligt betydelsefullt. Det finns en tydligt l\u00e4ngtan efter en stark ledare som talar om vad man ska tycka, t\u00e4nka och s\u00e4ga och som st\u00e5r os\u00e4ker och nerv\u00f6s i v\u00e4ntan p\u00e5 klara direktiv. Och det finns en aktiv kampanjapparat redo att g\u00f6ra allt f\u00f6r att f\u00f6rsvara sitt revir, sin \u00e4ra och sin makt. Inte kan v\u00e4l en partiledare ensam \u00e4ndra p\u00e5 det?<\/p><\/blockquote>\n<p><a href=\"http:\/\/kulturbloggen.com\/?p=8538\">F\u00f6r\u00e4ndra inst\u00e4llningen till medier<\/a> och yttrandefrihet, f\u00f6r\u00e4ndra inst\u00e4llningen till m\u00e4nniskor som politiken handlar om (att sl\u00e4ppa in dem, lyssna p\u00e5 dem, ge dem chansen att p\u00e5verka): kort sagt: skrota toppstyrningen, ge makten \u00e5t m\u00e4nniskorna.<\/p>\n<p>Det \u00e4r bra, det \u00e4r flera aktiva personer inom oppositionen som bloggar och v\u00e5gar lyfta fram tankar kring detta.<\/p>\n<p><a href=\"http:\/\/mitt-i-steget.blogspot.com\/2009\/04\/en-tanke-om-pudelns-karna.html\">Johan Westerholm<\/a>:<\/p>\n<blockquote><p>Det finns nu all anledning f\u00f6r hela arbetarr\u00f6relsen att ut\u00f6ver att ifr\u00e5gas\u00e4tta sin politik, som vi nu gjort genom r\u00e5dslagen (jag sj\u00e4lv har varit aktiv i minst ett och jag tycker betyget nog skulle kunna bli ett B+ p\u00e5 en skala A-F) \u00e4ven ifr\u00e5gas\u00e4tta v\u00e5r egen organisation, organisationskultur och hur de som skall representera oss f\u00f6rvaltar sina uppdrag&#8230;.<\/p>\n<p>Det som slog mig n\u00e4r jag gick med i Socialdemokratiska partiet fj\u00e4rde veckan i september 2006 var den stora m\u00e5ngfalden av f\u00f6reningar. En m\u00e5ngfald som jag fortfarande tycker \u00e4r sv\u00e5r\u00f6verblickbar, ofokuserad och spretig. Organisationen bygger i allt v\u00e4sentligt p\u00e5 man har ett h\u00f6gre medlemsantal och en annan \u00e5ldersf\u00f6rdelning \u00e4n dagens 100.000 medlemmar.<\/p><\/blockquote>\n<p><a href=\"http:\/\/arbetarperspektiv.blogg.se\/2009\/april\/arbetarperspektiv-goes-gastinlagg.html\">Nicklas \u00e4r en annan som v\u00e5gar sticka ut.<\/a><\/p>\n<p>P\u00e5 LO har de \u00f6ppnat lite, lite, lite f\u00f6r att m\u00e4nniskorna som allt handlar om ska kunna p\u00e5verka.<br \/>\n<a href=\"http:\/\/www.expressen.se\/Nyheter\/1.1529263\/hjalp-wanja-med-forsta-maj-talet\">Expressen skriver<\/a>:<\/p>\n<blockquote><p>Efter AMF-skandalen, bonus- och pensionsdebatten:<br \/>\nVad ska LO-Wanja prata om f\u00f6rsta maj?<br \/>\nNu v\u00e4djar hon till sina medlemmar:<br \/>\n&#8211; Hj\u00e4lp mig hitta \u00e4mnen f\u00f6r mitt tal! <\/p><\/blockquote>\n<p>Sedan m\u00e5 det lukta PR-byr\u00e5 l\u00e5ng v\u00e4g och man kan ocks\u00e5 undra varf\u00f6r Expressen har en epostadress som ska g\u00e5 till Wanja med fr\u00e5gor.<br \/>\nOch det \u00e4r klart att m\u00e4nniskor b\u00f6r kunna vara med och p\u00e5verka LO:s politik mer \u00e4n bara ge inspiration till ett f\u00f6rsta maj-tal. Men \u00e4nd\u00e5, en liten, liten \u00f6ppning \u00e4r det. <\/p>\n<p>Relaterat:<\/p>\n<p><a href=\"http:\/\/www.aftonbladet.se\/nyheter\/article4841626.ab\">Aftonbladet<\/a>, <a href=\"http:\/\/www.svd.se\/ego\/_s185\/http:\/\/www.svd.se\/nyheter\/inrikes\/artikel_2705145.svd\">SvD<\/a>, <a href=\"http:\/\/www.dn.se\/nyheter\/sverige\/presskonferens-med-lundby-wedin-1.839517\">DN<\/a><\/p>\n<p><a href=\"http:\/\/www.s-info.se\/page\/blogg.asp?id=1755&amp;blogg=31705\">Jan Andersson<\/a>, <a href=\"http:\/\/krassman-inyourface.blogspot.com\/2009\/04\/alla-medlemmar-star-bakom-wanja.html\">Krassman<\/a>, <a href=\"http:\/\/www.s-info.se\/page\/blogg.asp?id=1657&amp;blogg=31739\">Anna Vikstr\u00f6m<\/a>, <a href=\"http:\/\/www.expressen.se\/Nyheter\/1.1529327\/pr-experterna-om-forsta-maj-talet\">Expressen<\/a>, <a href=\"http:\/\/www.aftonbladet.se\/nyheter\/article4870177.ab\">Aftonbladet<\/a>, <a href=\"http:\/\/stenudd.blogspot.com\/2009\/04\/reality-wanja-gor-en-bowie.html\">Stefan Stenudd<\/a>, <a href=\"http:\/\/rodamalmo.blogspot.com\/2009\/04\/ett-rad-till-wanja-avga.html\">R\u00f6da Malm\u00f6<\/a> och <a href=\"http:\/\/peterlandersson.blogspot.com\/2009\/04\/funderingar-om-ett-statsministerpar-och.html\">Peter Andersson<\/a>.<\/p>\n<p>Andra bloggar om: <a href=\"http:\/\/bloggar.se\/om\/LO\" rel=\"tag\">LO<\/a>, <a href=\"http:\/\/bloggar.se\/om\/politik\" rel=\"tag\">politik<\/a>, <a href=\"http:\/\/bloggar.se\/om\/socialdemokraterna\" rel=\"tag\">socialdemokraterna<\/a>, <a href=\"http:\/\/bloggar.se\/om\/opinion\" rel=\"tag\">opinion<\/a>, <a href=\"http:\/\/bloggar.se\/om\/f%F6rsta+maj\" rel=\"tag\">f\u00f6rsta maj<\/a>, <a href=\"http:\/\/bloggar.se\/om\/tal\" rel=\"tag\">tal<\/a>, <a href=\"http:\/\/bloggar.se\/om\/Wanja\" rel=\"tag\">Wanja<\/a>, <a href=\"http:\/\/bloggar.se\/om\/makt\" rel=\"tag\">makt<\/a>, <a href=\"http:\/\/bloggar.se\/om\/Lundby-Wedin\" rel=\"tag\">Lundby-Wedin<\/a><\/p>\n","protected":false},"excerpt":{"rendered":"<p>Har inte m\u00e4nniskor makt \u00f6ver sina liv s\u00e5 kan de inte heller lyftas upp till ett anst\u00e4ndigt liv. Det spelar ingen roll hur m\u00e5nga \u00e5tg\u00e4rder, st\u00f6d, bidrag eller f\u00f6rs\u00e4kringar du inf\u00f6r. Utanf\u00f6rskap \u00e4r i grunden en maktfr\u00e5ga. Borgarna lanserade ordet utanf\u00f6rskap och jag t\u00e4nker stj\u00e4la det fr\u00e5n dom, f\u00f6r det \u00e4r det det handlar om, [&hellip;]<\/p>\n","protected":false},"author":2,"featured_media":0,"comment_status":"open","ping_status":"open","sticky":false,"template":"","format":"standard","meta":{"_genesis_hide_title":false,"_genesis_hide_breadcrumbs":false,"_genesis_hide_singular_image":false,"_genesis_hide_footer_widgets":false,"_genesis_custom_body_class":"","_genesis_custom_post_class":"","_genesis_layout":"","footnotes":""},"categories":[20],"tags":[3347,4191,12284,5229],"class_list":{"0":"post-8550","1":"post","2":"type-post","3":"status-publish","4":"format-standard","6":"category-film","7":"tag-lo","8":"tag-opinion","9":"tag-politik","10":"tag-socialdemokraterna","11":"entry"},"_links":{"self":[{"href":"https:\/\/kulturbloggen.com\/index.php?rest_route=\/wp\/v2\/posts\/8550","targetHints":{"allow":["GET"]}}],"collection":[{"href":"https:\/\/kulturbloggen.com\/index.php?rest_route=\/wp\/v2\/posts"}],"about":[{"href":"https:\/\/kulturbloggen.com\/index.php?rest_route=\/wp\/v2\/types\/post"}],"author":[{"embeddable":true,"href":"https:\/\/kulturbloggen.com\/index.php?rest_route=\/wp\/v2\/users\/2"}],"replies":[{"embeddable":true,"href":"https:\/\/kulturbloggen.com\/index.php?rest_route=%2Fwp%2Fv2%2Fcomments&post=8550"}],"version-history":[{"count":0,"href":"https:\/\/kulturbloggen.com\/index.php?rest_route=\/wp\/v2\/posts\/8550\/revisions"}],"wp:attachment":[{"href":"https:\/\/kulturbloggen.com\/index.php?rest_route=%2Fwp%2Fv2%2Fmedia&parent=8550"}],"wp:term":[{"taxonomy":"category","embeddable":true,"href":"https:\/\/kulturbloggen.com\/index.php?rest_route=%2Fwp%2Fv2%2Fcategories&post=8550"},{"taxonomy":"post_tag","embeddable":true,"href":"https:\/\/kulturbloggen.com\/index.php?rest_route=%2Fwp%2Fv2%2Ftags&post=8550"}],"curies":[{"name":"wp","href":"https:\/\/api.w.org\/{rel}","templated":true}]}}