{"id":85307,"date":"2014-07-09T18:41:09","date_gmt":"2014-07-09T16:41:09","guid":{"rendered":"http:\/\/kulturbloggen.com\/?p=85307"},"modified":"2014-07-09T18:41:09","modified_gmt":"2014-07-09T16:41:09","slug":"mattias-alkberg-firar-sitt-nya-album-med-spelning-pa-fritzs-corner-pa-kagelbanan","status":"publish","type":"post","link":"https:\/\/kulturbloggen.com\/?p=85307","title":{"rendered":"Mattias Alkberg firar sitt nya album med spelning p\u00e5 Fritz\u2019s Corner p\u00e5 K\u00e4gelbanan"},"content":{"rendered":"<p>Mattias Alkberg, sl\u00e4pper sitt nya album &#8221;S\u00f6dra Sverige&#8221; den 20 augusti och detta firas med en releasefest och spelning hos Fritz\u2019s Corner p\u00e5 K\u00e4gelbanan fredagen den 22:a augusti, ber\u00e4ttar ett pressmeddelande:<br \/>\n<a href=\"http:\/\/www.mabd.se\">MATTIAS ALKBERG\/S\u00d6DRA SVERIGE<\/a> Mattias Alkbergs projekt st\u00e5r som sp\u00f6n i backen. Olika yttringar som f\u00f6rbinds framf\u00f6rallt av en genomg\u00e5ende h\u00f6g kvalitet, id\u00e9rikedom och en unik k\u00e4nsla f\u00f6r spr\u00e5klig finess. F\u00f6rra \u00e5rets f\u00f6rest\u00e4llning Mattias Alkbergs Begravning slog ett sluts\u00e5lt Dramaten med h\u00e4pnad, men<br \/>\nnu byter Alkberg inriktning igen.<\/p>\n<p>Den 20 augusti sl\u00e4pps MATTIAS ALKBERGs nya album S\u00d6DRA SVERIGE. En punkskiva, 13 l\u00e5tar p\u00e5 22 minuter. Total riffgl\u00e4dje med h\u00e5rda, roliga texter som visar att det g\u00e5r att st\u00e5 rakt \u00e4ven om det bl\u00e5ser \u00e5t fel h\u00e5ll. S\u00d6DRA SVERIGE kommer fr\u00e5n en artist som v\u00e5gar vara uppriktig i en tid och ett samh\u00e4lle d\u00e4r allt, \u00e4rligt talat, \u00e4r skit. En v\u00e4rld d\u00e4r Stockholm \u00e4r \u201dalltings j\u00e4vla epicentrum\u201d, d\u00e4r \u201dnya mobberaterna\u201d bryter ned m\u00e4nniskoliv, d\u00e4r \u201dhela Sverige sjunger\u201d och \u201dalla \u00e4r din v\u00e4n, typ som i Tyskland, 1935\u2033.<\/p>\n<p>S\u00d6DRA SVERIGE \u00e4r ocks\u00e5 namnet p\u00e5 kompbandet, best\u00e5ende av Henrik Palm (In Solitude), Frans Johansson (Les Big Byrd) och Anton Nystr\u00f6m (Statik Eyes, Eterkropp).<\/p>\n<p>Andra singeln fr\u00e5n skivan heter &#8221;Du vet v\u00e4l om att jag \u00e4r v\u00e4rdefull?&#8221; och sl\u00e4pps digitalt i dag den 9 juli. Lyssna h\u00e4r:<\/p>\n<p><iframe loading=\"lazy\" width=\"100%\" height=\"450\" scrolling=\"no\" frameborder=\"no\" src=\"https:\/\/w.soundcloud.com\/player\/?url=https%3A\/\/api.soundcloud.com\/tracks\/157930163&amp;auto_play=false&amp;hide_related=false&amp;show_comments=true&amp;show_user=true&amp;show_reposts=false&amp;visual=true\"><\/iframe> <\/p>\n<p><iframe loading=\"lazy\" width=\"560\" height=\"315\" src=\"\/\/www.youtube.com\/embed\/yppndzadz_0\" frameborder=\"0\" allowfullscreen><\/iframe><\/p>\n","protected":false},"excerpt":{"rendered":"<p>Mattias Alkberg, sl\u00e4pper sitt nya album &#8221;S\u00f6dra Sverige&#8221; den 20 augusti och detta firas med en releasefest och spelning hos Fritz\u2019s Corner p\u00e5 K\u00e4gelbanan fredagen den 22:a augusti, ber\u00e4ttar ett pressmeddelande: MATTIAS ALKBERG\/S\u00d6DRA SVERIGE Mattias Alkbergs projekt st\u00e5r som sp\u00f6n i backen. Olika yttringar som f\u00f6rbinds framf\u00f6rallt av en genomg\u00e5ende h\u00f6g kvalitet, id\u00e9rikedom och en [&hellip;]<\/p>\n","protected":false},"author":13,"featured_media":0,"comment_status":"open","ping_status":"open","sticky":false,"template":"","format":"standard","meta":{"_genesis_hide_title":false,"_genesis_hide_breadcrumbs":false,"_genesis_hide_singular_image":false,"_genesis_hide_footer_widgets":false,"_genesis_custom_body_class":"","_genesis_custom_post_class":"","_genesis_layout":"","footnotes":""},"categories":[7],"tags":[11030,3165,3559,12282],"class_list":{"0":"post-85307","1":"post","2":"type-post","3":"status-publish","4":"format-standard","6":"category-musik","7":"tag-fritzs-corner","8":"tag-kagelbanan","9":"tag-mattias-alkberg","10":"tag-musik","11":"entry"},"_links":{"self":[{"href":"https:\/\/kulturbloggen.com\/index.php?rest_route=\/wp\/v2\/posts\/85307","targetHints":{"allow":["GET"]}}],"collection":[{"href":"https:\/\/kulturbloggen.com\/index.php?rest_route=\/wp\/v2\/posts"}],"about":[{"href":"https:\/\/kulturbloggen.com\/index.php?rest_route=\/wp\/v2\/types\/post"}],"author":[{"embeddable":true,"href":"https:\/\/kulturbloggen.com\/index.php?rest_route=\/wp\/v2\/users\/13"}],"replies":[{"embeddable":true,"href":"https:\/\/kulturbloggen.com\/index.php?rest_route=%2Fwp%2Fv2%2Fcomments&post=85307"}],"version-history":[{"count":3,"href":"https:\/\/kulturbloggen.com\/index.php?rest_route=\/wp\/v2\/posts\/85307\/revisions"}],"predecessor-version":[{"id":85310,"href":"https:\/\/kulturbloggen.com\/index.php?rest_route=\/wp\/v2\/posts\/85307\/revisions\/85310"}],"wp:attachment":[{"href":"https:\/\/kulturbloggen.com\/index.php?rest_route=%2Fwp%2Fv2%2Fmedia&parent=85307"}],"wp:term":[{"taxonomy":"category","embeddable":true,"href":"https:\/\/kulturbloggen.com\/index.php?rest_route=%2Fwp%2Fv2%2Fcategories&post=85307"},{"taxonomy":"post_tag","embeddable":true,"href":"https:\/\/kulturbloggen.com\/index.php?rest_route=%2Fwp%2Fv2%2Ftags&post=85307"}],"curies":[{"name":"wp","href":"https:\/\/api.w.org\/{rel}","templated":true}]}}