{"id":85239,"date":"2014-07-08T11:09:13","date_gmt":"2014-07-08T09:09:13","guid":{"rendered":"http:\/\/kulturbloggen.com\/?p=85239"},"modified":"2014-07-08T11:09:13","modified_gmt":"2014-07-08T09:09:13","slug":"john-legend-till-globen-i-oktober","status":"publish","type":"post","link":"https:\/\/kulturbloggen.com\/?p=85239","title":{"rendered":"John Legend till Globen i oktober"},"content":{"rendered":"<p><a href=\"http:\/\/kulturbloggen.com\/wp-content\/uploads\/2014\/07\/johnlegend.jpg\"><img loading=\"lazy\" decoding=\"async\" src=\"http:\/\/kulturbloggen.com\/wp-content\/uploads\/2014\/07\/johnlegend-300x275.jpg\" alt=\"johnlegend\" width=\"300\" height=\"275\" class=\"aligncenter size-medium wp-image-85240\" srcset=\"https:\/\/kulturbloggen.com\/wp-content\/uploads\/2014\/07\/johnlegend-300x275.jpg 300w, https:\/\/kulturbloggen.com\/wp-content\/uploads\/2014\/07\/johnlegend.jpg 600w\" sizes=\"auto, (max-width: 300px) 100vw, 300px\" \/><\/a><\/p>\n<p>Grammyvinnaren John Legend kommer till Sverige f\u00f6r en konsert i Globen i Stockholm den 20 oktober. Tio \u00e5r efter succ\u00e9debuten \u00e4r han nu st\u00f6rre och mer aktuell \u00e4n n\u00e5gonsin, inte minst med tanke p\u00e5 senaste monsterhiten \u201dAll of Me\u201d som toppat v\u00e4rldens listor i \u00e5r, och nu kommer han allts\u00e5 hit.<\/p>\n<p>Ett pressmeddelande ber\u00e4ttar:<\/p>\n<p>Tillsammans med en str\u00e5kkvartett kommer John Legend bjuda p\u00e5 en intim kv\u00e4ll.<\/p>\n<p>John Legends pianoballad \u201dAll of Me\u201d &#8211; stj\u00e4rnans \u00f6verl\u00e4gset st\u00f6rsta hit hittills &#8211; norpade f\u00f6rstaplatsen b\u00e5de p\u00e5 den svenska singeltopplistan och den amerikanska topplistan Billboard Hot 100. Det \u00e4r den niofaldige Grammyvinnaren John Legends f\u00f6rsta etta n\u00e5gonsin i b\u00e5de Sverige och Amerika. I Sverige dominerade \u201dAll of Me\u201d singellistans f\u00f6rstaplats 9 veckor i rad mellan 2 maj \u2013 26 juni och har s\u00e5lt 4 x Platina. <\/p>\n<p>Succ\u00e9n med \u201dAll of Me\u201d kom n\u00e4stan exakt tio \u00e5r efter John Legend klev in i str\u00e5lkastarljuset som en ny beg\u00e5vad soul\/RnB artist. Debutalbumet &#8221;Get Lifted&#8221; som sl\u00e4pptes 2004 gick direkt in #4 p\u00e5 Billboard Top 200 album chart och #1 p\u00e5 Top R&#038;B\/Hip-Hop. Det gav honom \u00e4ven \u00e5tta Grammynomineringar och John Legend vann i kategorierna Best New Artist, Best Male RnB Vocal Performance och Best RnB album. Framg\u00e5ngarna fortsatte sedan med Legends studioalbum &#8221;Once Again&#8221; (2006), \u201dEvolver\u201d (2008) och senast i raden \u201dLove In The Future\u201d (2013).<\/p>\n<p>Med p\u00e5 turn\u00e9n har John Legend med sig en str\u00e5kkvartett, s\u00e5 kv\u00e4llen p\u00e5 Ericsson Globe den 20 oktober kommer bli en mycket speciell och intim kv\u00e4ll. Biljetterna sl\u00e4pps p\u00e5 torsdag 10 juli kl 9.00. Detta g\u00e5r inte att missa!<\/p>\n<p>Datum<br \/>\n20.10 \u2013 Stockholm, Ericsson Globe<\/p>\n","protected":false},"excerpt":{"rendered":"<p>Grammyvinnaren John Legend kommer till Sverige f\u00f6r en konsert i Globen i Stockholm den 20 oktober. Tio \u00e5r efter succ\u00e9debuten \u00e4r han nu st\u00f6rre och mer aktuell \u00e4n n\u00e5gonsin, inte minst med tanke p\u00e5 senaste monsterhiten \u201dAll of Me\u201d som toppat v\u00e4rldens listor i \u00e5r, och nu kommer han allts\u00e5 hit. Ett pressmeddelande ber\u00e4ttar: Tillsammans [&hellip;]<\/p>\n","protected":false},"author":13,"featured_media":0,"comment_status":"open","ping_status":"open","sticky":false,"template":"","format":"standard","meta":{"_genesis_hide_title":false,"_genesis_hide_breadcrumbs":false,"_genesis_hide_singular_image":false,"_genesis_hide_footer_widgets":false,"_genesis_custom_body_class":"","_genesis_custom_post_class":"","_genesis_layout":"","footnotes":""},"categories":[7],"tags":[2022,11129,12282],"class_list":{"0":"post-85239","1":"post","2":"type-post","3":"status-publish","4":"format-standard","6":"category-musik","7":"tag-globen","8":"tag-john-legend","9":"tag-musik","10":"entry"},"_links":{"self":[{"href":"https:\/\/kulturbloggen.com\/index.php?rest_route=\/wp\/v2\/posts\/85239","targetHints":{"allow":["GET"]}}],"collection":[{"href":"https:\/\/kulturbloggen.com\/index.php?rest_route=\/wp\/v2\/posts"}],"about":[{"href":"https:\/\/kulturbloggen.com\/index.php?rest_route=\/wp\/v2\/types\/post"}],"author":[{"embeddable":true,"href":"https:\/\/kulturbloggen.com\/index.php?rest_route=\/wp\/v2\/users\/13"}],"replies":[{"embeddable":true,"href":"https:\/\/kulturbloggen.com\/index.php?rest_route=%2Fwp%2Fv2%2Fcomments&post=85239"}],"version-history":[{"count":1,"href":"https:\/\/kulturbloggen.com\/index.php?rest_route=\/wp\/v2\/posts\/85239\/revisions"}],"predecessor-version":[{"id":85241,"href":"https:\/\/kulturbloggen.com\/index.php?rest_route=\/wp\/v2\/posts\/85239\/revisions\/85241"}],"wp:attachment":[{"href":"https:\/\/kulturbloggen.com\/index.php?rest_route=%2Fwp%2Fv2%2Fmedia&parent=85239"}],"wp:term":[{"taxonomy":"category","embeddable":true,"href":"https:\/\/kulturbloggen.com\/index.php?rest_route=%2Fwp%2Fv2%2Fcategories&post=85239"},{"taxonomy":"post_tag","embeddable":true,"href":"https:\/\/kulturbloggen.com\/index.php?rest_route=%2Fwp%2Fv2%2Ftags&post=85239"}],"curies":[{"name":"wp","href":"https:\/\/api.w.org\/{rel}","templated":true}]}}