{"id":85206,"date":"2014-07-07T09:24:24","date_gmt":"2014-07-07T07:24:24","guid":{"rendered":"http:\/\/kulturbloggen.com\/?p=85206"},"modified":"2014-07-07T09:24:24","modified_gmt":"2014-07-07T07:24:24","slug":"putte-i-parken-hade-rekordmanga-besokare-60-000","status":"publish","type":"post","link":"https:\/\/kulturbloggen.com\/?p=85206","title":{"rendered":"Putte i Parken hade rekordm\u00e5nga bes\u00f6kare, 60.000"},"content":{"rendered":"<p>Putte i Parken har g\u00e5tt fr\u00e5n att tidigare \u00e5r s\u00e4lja ca 8000-10 000 festivalpass till att nu haft sammanlagt drygt 60 000 bes\u00f6kare under festivalens tre dagar.<\/p>\n<p><a href=\"http:\/\/kulturbloggen.com\/wp-content\/uploads\/2014\/07\/putteiparkenpublik.jpg\"><img loading=\"lazy\" decoding=\"async\" src=\"http:\/\/kulturbloggen.com\/wp-content\/uploads\/2014\/07\/putteiparkenpublik-300x205.jpg\" alt=\"putteiparkenpublik\" width=\"300\" height=\"205\" class=\"aligncenter size-medium wp-image-85207\" srcset=\"https:\/\/kulturbloggen.com\/wp-content\/uploads\/2014\/07\/putteiparkenpublik-300x205.jpg 300w, https:\/\/kulturbloggen.com\/wp-content\/uploads\/2014\/07\/putteiparkenpublik.jpg 960w\" sizes=\"auto, (max-width: 300px) 100vw, 300px\" \/><\/a><\/p>\n<p>Musikfestivalen Putte i Parken, som \u00e4gde rum i Karlstad i helgen (3-5 juli), valde att i \u00e5r ha fri entr\u00e9 f\u00f6r alla bes\u00f6kare. Resultatet blev totalt drygt 60.000 bes\u00f6kare under festivalens tre dagar.<br \/>\n&#8211; Jag tror att fler kommer f\u00f6lja efter oss och hitta nya koncept och aff\u00e4rsmodeller, f\u00f6r festival-Sverige m\u00e5ste f\u00f6r\u00e4ndras, s\u00e4ger Niclas Lagerstam, festivalgeneral p\u00e5 Putte i Parken, i ett pressmeddelande:<\/p>\n<p>&#8211; Det \u00e4r tuff konkurrens om festivalpassk\u00f6parna. Det \u00e4r tuff konkurrens om artisterna. S\u00e5 Putte i Parken ville b\u00f6rja i r\u00e4tt \u00e4nde. Har du m\u00e4nniskorna, engagemanget och musiken blir du attraktiv, s\u00e4ger Niclas Lagerstam, festivalgeneral p\u00e5 PIP.<\/p>\n<p>Putte i Parken har g\u00e5tt fr\u00e5n att tidigare \u00e5r s\u00e4lja ca 8.000-10.000 festivalpass till att nu haft sammanlagt drygt 60.000 bes\u00f6kare under festivalens tre dagar. &#8221;Publiken \u00e4r bredare och st\u00e4mningen har varit helt fantastisk. V\u00e4dret har varit underbart och det har s\u00e5 klart bidragit till succ\u00e9n&#8221;, forts\u00e4tter han.<\/p>\n<p>&#8211; Vi har utvecklat ett koncept som vi tror p\u00e5 och vi har en plan f\u00f6r de n\u00e4rmaste fem \u00e5ren, hur vi vill utveckla Putte i parken och bli V\u00e4rmlands och Karlstads i s\u00e4rklass viktigaste bes\u00f6ksm\u00e5l sommartid. Jag tror att fler kommer f\u00f6lja efter oss och hitta nya koncept och aff\u00e4rsmodeller, f\u00f6r festival-Sverige m\u00e5ste f\u00f6r\u00e4ndras, s\u00e4ger Niclas Lagerstam.<\/p>\n","protected":false},"excerpt":{"rendered":"<p>Putte i Parken har g\u00e5tt fr\u00e5n att tidigare \u00e5r s\u00e4lja ca 8000-10 000 festivalpass till att nu haft sammanlagt drygt 60 000 bes\u00f6kare under festivalens tre dagar. Musikfestivalen Putte i Parken, som \u00e4gde rum i Karlstad i helgen (3-5 juli), valde att i \u00e5r ha fri entr\u00e9 f\u00f6r alla bes\u00f6kare. Resultatet blev totalt drygt 60.000 [&hellip;]<\/p>\n","protected":false},"author":13,"featured_media":0,"comment_status":"open","ping_status":"open","sticky":false,"template":"","format":"standard","meta":{"_genesis_hide_title":false,"_genesis_hide_breadcrumbs":false,"_genesis_hide_singular_image":false,"_genesis_hide_footer_widgets":false,"_genesis_custom_body_class":"","_genesis_custom_post_class":"","_genesis_layout":"","footnotes":""},"categories":[7],"tags":[2866,3844,11085,4700],"class_list":{"0":"post-85206","1":"post","2":"type-post","3":"status-publish","4":"format-standard","6":"category-musik","7":"tag-karlstad","8":"tag-musikfestival","9":"tag-putte-i-parken","10":"tag-rekord","11":"entry"},"_links":{"self":[{"href":"https:\/\/kulturbloggen.com\/index.php?rest_route=\/wp\/v2\/posts\/85206","targetHints":{"allow":["GET"]}}],"collection":[{"href":"https:\/\/kulturbloggen.com\/index.php?rest_route=\/wp\/v2\/posts"}],"about":[{"href":"https:\/\/kulturbloggen.com\/index.php?rest_route=\/wp\/v2\/types\/post"}],"author":[{"embeddable":true,"href":"https:\/\/kulturbloggen.com\/index.php?rest_route=\/wp\/v2\/users\/13"}],"replies":[{"embeddable":true,"href":"https:\/\/kulturbloggen.com\/index.php?rest_route=%2Fwp%2Fv2%2Fcomments&post=85206"}],"version-history":[{"count":1,"href":"https:\/\/kulturbloggen.com\/index.php?rest_route=\/wp\/v2\/posts\/85206\/revisions"}],"predecessor-version":[{"id":85208,"href":"https:\/\/kulturbloggen.com\/index.php?rest_route=\/wp\/v2\/posts\/85206\/revisions\/85208"}],"wp:attachment":[{"href":"https:\/\/kulturbloggen.com\/index.php?rest_route=%2Fwp%2Fv2%2Fmedia&parent=85206"}],"wp:term":[{"taxonomy":"category","embeddable":true,"href":"https:\/\/kulturbloggen.com\/index.php?rest_route=%2Fwp%2Fv2%2Fcategories&post=85206"},{"taxonomy":"post_tag","embeddable":true,"href":"https:\/\/kulturbloggen.com\/index.php?rest_route=%2Fwp%2Fv2%2Ftags&post=85206"}],"curies":[{"name":"wp","href":"https:\/\/api.w.org\/{rel}","templated":true}]}}