{"id":85091,"date":"2014-07-04T13:39:48","date_gmt":"2014-07-04T11:39:48","guid":{"rendered":"http:\/\/kulturbloggen.com\/?p=85091"},"modified":"2014-07-04T13:39:48","modified_gmt":"2014-07-04T11:39:48","slug":"jenny-wilson-ebbot-lundberg-elliphant-moto-boy-adam-tensta-och-manga-fler-artister-protesterar-mot-vattenfall","status":"publish","type":"post","link":"https:\/\/kulturbloggen.com\/?p=85091","title":{"rendered":"Jenny Wilson, Ebbot Lundberg, Elliphant, Moto Boy, Adam Tensta och m\u00e5nga fler artister protesterar mot Vattenfall"},"content":{"rendered":"<p><a href=\"http:\/\/kulturbloggen.com\/wp-content\/uploads\/2014\/07\/samstaide_vattenfall.jpg\"><img loading=\"lazy\" decoding=\"async\" src=\"http:\/\/kulturbloggen.com\/wp-content\/uploads\/2014\/07\/samstaide_vattenfall-300x300.jpg\" alt=\"samstaide_vattenfall\" width=\"300\" height=\"300\" class=\"aligncenter size-medium wp-image-85092\" srcset=\"https:\/\/kulturbloggen.com\/wp-content\/uploads\/2014\/07\/samstaide_vattenfall-300x300.jpg 300w, https:\/\/kulturbloggen.com\/wp-content\/uploads\/2014\/07\/samstaide_vattenfall-150x150.jpg 150w, https:\/\/kulturbloggen.com\/wp-content\/uploads\/2014\/07\/samstaide_vattenfall.jpg 640w\" sizes=\"auto, (max-width: 300px) 100vw, 300px\" \/><\/a><\/p>\n<p>Jenny Wilson, Ebbot Lundberg, Elliphant, Moto Boy, Adam Tensta, Silvana Imam, Ane Brun, Tove Styrke, Peter Mor\u00e9n och Stefan Sundstr\u00f6m. Listan \u00f6ver artister ur n\u00e4tverket Artist Make a Stand, AMAS, som protesterar mot Vattenfalls planer p\u00e5 nya brunkolsgruvor i Tyskland bara v\u00e4xer. Med budskapet \u201dSveriges s\u00e4msta id\u00e9\u201d, \u201dInte i mitt namn\u201d sprider de sina sj\u00e4lvportr\u00e4tt via sociala medier.<\/p>\n<p>Ett pressmail ber\u00e4ttar:<br \/>\nStatliga Vattenfall sl\u00e4pper redan i dag ut n\u00e4ra dubbelt s\u00e5 mycket koldioxid p\u00e5 ett \u00e5r som Sverige sammantaget. Nu planerar de fem nya brunkolsgruvor i Tyskland, som kan komma att sl\u00e4ppa ut \u00f6ver ett ton koldioxid i atmosf\u00e4ren. Vattenfall \u00e4gs av svenska folket, koldioxidutsl\u00e4ppen sker d\u00e4rmed i deras namn och f\u00f6rvandlar svenskarna till milj\u00f6bovar.<\/p>\n<p>Hittills deltar n\u00e4rmare 40 personer ur AMAS i protesterna. AMAS &#8211; Art Makes A Stand \u00e4r ett n\u00e4tverk med artister fr\u00e5n olika genrer som tar st\u00e4llning f\u00f6r m\u00e4nskliga r\u00e4ttigheter via sina egna digitala plattformar.  <\/p>\n<p>F\u00f6ljande artister deltar hittills:<\/p>\n<p>Ane Brun<br \/>\nEbbot Lundberg<br \/>\nJenny Wilson<br \/>\nStefan Sundstr\u00f6m<br \/>\nAdam Tensta<br \/>\nSofia Jannok<br \/>\nLove Antell<br \/>\nPeter Mor\u00e9n<br \/>\nTove Styrke<br \/>\nElliphant<br \/>\nChristoffer Berg<br \/>\nPetter Wallenberg<br \/>\nSilvana Imam<br \/>\nAnna J\u00e4rvinen<br \/>\nJennie Abrahamson<br \/>\nJoppe Pihlgren<br \/>\nLinnea Olsson<br \/>\nMaia Hirasawa<br \/>\nMoto Boy<br \/>\nAmason<br \/>\nSide Effects<br \/>\nLittle Children<br \/>\nAk Von Malmborg<br \/>\nAlice Boman<br \/>\nZacharias Blad<br \/>\nThe Royal Concept<br \/>\nPelle Ossler<br \/>\nLars Bygden<br \/>\nVera Vinter<br \/>\nNiklas Lind<br \/>\nDet Stora Monstret<br \/>\nChristine Owman<br \/>\nAnna Christoffersson<br \/>\nMathias Landaeus<br \/>\nDaniel Filipsson<br \/>\nEmerentia<br \/>\nAnja Bigrell<br \/>\nEllekari Sander<br \/>\nWendy Mc Neill<\/p>\n<p><strong><a href=\"http:\/\/samstaide.se\">L\u00e4s mer om Vattenfalls brunkolsplaner och Greenpeaace kampanj Sveriges s\u00e4msta id\u00e9.<\/a><\/strong><\/p>\n","protected":false},"excerpt":{"rendered":"<p>Jenny Wilson, Ebbot Lundberg, Elliphant, Moto Boy, Adam Tensta, Silvana Imam, Ane Brun, Tove Styrke, Peter Mor\u00e9n och Stefan Sundstr\u00f6m. Listan \u00f6ver artister ur n\u00e4tverket Artist Make a Stand, AMAS, som protesterar mot Vattenfalls planer p\u00e5 nya brunkolsgruvor i Tyskland bara v\u00e4xer. Med budskapet \u201dSveriges s\u00e4msta id\u00e9\u201d, \u201dInte i mitt namn\u201d sprider de sina sj\u00e4lvportr\u00e4tt [&hellip;]<\/p>\n","protected":false},"author":13,"featured_media":0,"comment_status":"open","ping_status":"open","sticky":false,"template":"","format":"standard","meta":{"_genesis_hide_title":false,"_genesis_hide_breadcrumbs":false,"_genesis_hide_singular_image":false,"_genesis_hide_footer_widgets":false,"_genesis_custom_body_class":"","_genesis_custom_post_class":"","_genesis_layout":"","footnotes":""},"categories":[62],"tags":[11117,11116,1442,9333,2650,3791,6691,5225,6195],"class_list":{"0":"post-85091","1":"post","2":"type-post","3":"status-publish","4":"format-standard","6":"category-medie-och-kulturpolitik","7":"tag-inte-i-mitt-namn","8":"tag-sveriges-samsta-ide","9":"tag-ebbot-lundberg","10":"tag-elliphant","11":"tag-jenny-wilson","12":"tag-moto-boy","13":"tag-protest","14":"tag-sociala-medier","15":"tag-vattenfall","16":"entry"},"_links":{"self":[{"href":"https:\/\/kulturbloggen.com\/index.php?rest_route=\/wp\/v2\/posts\/85091","targetHints":{"allow":["GET"]}}],"collection":[{"href":"https:\/\/kulturbloggen.com\/index.php?rest_route=\/wp\/v2\/posts"}],"about":[{"href":"https:\/\/kulturbloggen.com\/index.php?rest_route=\/wp\/v2\/types\/post"}],"author":[{"embeddable":true,"href":"https:\/\/kulturbloggen.com\/index.php?rest_route=\/wp\/v2\/users\/13"}],"replies":[{"embeddable":true,"href":"https:\/\/kulturbloggen.com\/index.php?rest_route=%2Fwp%2Fv2%2Fcomments&post=85091"}],"version-history":[{"count":1,"href":"https:\/\/kulturbloggen.com\/index.php?rest_route=\/wp\/v2\/posts\/85091\/revisions"}],"predecessor-version":[{"id":85093,"href":"https:\/\/kulturbloggen.com\/index.php?rest_route=\/wp\/v2\/posts\/85091\/revisions\/85093"}],"wp:attachment":[{"href":"https:\/\/kulturbloggen.com\/index.php?rest_route=%2Fwp%2Fv2%2Fmedia&parent=85091"}],"wp:term":[{"taxonomy":"category","embeddable":true,"href":"https:\/\/kulturbloggen.com\/index.php?rest_route=%2Fwp%2Fv2%2Fcategories&post=85091"},{"taxonomy":"post_tag","embeddable":true,"href":"https:\/\/kulturbloggen.com\/index.php?rest_route=%2Fwp%2Fv2%2Ftags&post=85091"}],"curies":[{"name":"wp","href":"https:\/\/api.w.org\/{rel}","templated":true}]}}