{"id":84874,"date":"2014-06-30T11:49:50","date_gmt":"2014-06-30T09:49:50","guid":{"rendered":"http:\/\/kulturbloggen.com\/?p=84874"},"modified":"2014-06-30T11:49:50","modified_gmt":"2014-06-30T09:49:50","slug":"nu-kommer-alfons-som-ljudbok-hos-storytel","status":"publish","type":"post","link":"https:\/\/kulturbloggen.com\/?p=84874","title":{"rendered":"Nu kommer Alfons som ljudbok hos Storytel"},"content":{"rendered":"<p><a href=\"http:\/\/kulturbloggen.com\/wp-content\/uploads\/2014\/06\/alfonsstorytel.jpg\"><img loading=\"lazy\" decoding=\"async\" src=\"http:\/\/kulturbloggen.com\/wp-content\/uploads\/2014\/06\/alfonsstorytel.jpg\" alt=\"alfonsstorytel\" width=\"190\" height=\"189\" class=\"aligncenter size-full wp-image-84875\" srcset=\"https:\/\/kulturbloggen.com\/wp-content\/uploads\/2014\/06\/alfonsstorytel.jpg 190w, https:\/\/kulturbloggen.com\/wp-content\/uploads\/2014\/06\/alfonsstorytel-150x150.jpg 150w\" sizes=\"auto, (max-width: 190px) 100vw, 190px\" \/><\/a><\/p>\n<p>Nu kan barnen lyssna p\u00e5 korta och sp\u00e4nnande ber\u00e4ttelser hos Storytel. F\u00f6rst ut bland barnens ljudbokspremi\u00e4rer hos Storytel \u00e4r Alfons \u00c5berg. Gunilla Bergstr\u00f6ms korta ber\u00e4ttelser passar till barnens sagostund, eller inf\u00f6r l\u00e4ggdags.<\/p>\n<p>Ett pressmeddelande fr\u00e5n Storytel ber\u00e4ttar:<br \/>\nAlfons \u00c5berg har fortsatt att f\u00f6rtrolla sedan 70-talet, och nu kan barnen enkelt f\u00e5 kv\u00e4llsro genom att lyssna p\u00e5 ber\u00e4ttelserna om den folkk\u00e4ra pojken. Historierna som \u00e4r kortare \u00e4n en halvtimme \u00e4r uppskattade av barn i olika \u00e5ldrar eftersom Alfons blir \u00e4ldre under seriens g\u00e5ng. Fr\u00e4mst riktar serien sig till barn mellan tre och sex \u00e5r.<\/p>\n<p>Ljudb\u00f6ckerna om Alfons \u00e4r uppbyggda kring hans vardag i en svensk f\u00f6rort d\u00e4r han bor tillsammans med sin pappa i ett h\u00f6ghus. L\u00e5tsaskompisen M\u00e5llgan och de riktiga kompisarna Milla och Viktor \u00e4r ocks\u00e5 en del av Alfons vardag.<\/p>\n<p><strong>H\u00e4r \u00e4r en lista \u00f6ver Storytel med ljudb\u00f6cker om Alfons:<\/strong><\/p>\n<p><em>Alfons med styrkes\u00e4cken<\/em><br \/>\n\u00c4ntligen \u2013 en Alfonsber\u00e4ttelse i sagornas v\u00e4rld! Alfons \u00e4r snart sju \u00e5r och ute p\u00e5 ett mystiskt \u00e4ventyr, n\u00e5gonstans mellan vanlig vardag och en hemlig inre magisk v\u00e4rld. Han \u00e4r kung i sitt eget rike, d\u00e4r han har en magisk s\u00e4ck som han h\u00e4mtar hj\u00e4lp ifr\u00e5n. B\u00e5da v\u00e4rldar finns och \u00e4r lika viktiga.<\/p>\n<p><em>Milla &#038; M\u00e5llgan mitt i natten<\/em><br \/>\nDen perfekta ber\u00e4ttelsen f\u00f6r m\u00f6rkr\u00e4dda barn: Natten \u00e4r l\u00e4skig och Milla kan inte somna. \u00c4ven hennes docka Dora \u00e4r r\u00e4dd f\u00f6r m\u00f6rkret. Vilken tur att M\u00e5llgan finns, som kan f\u00f6rklara alla m\u00e4rkliga ljud som inte h\u00f6rs p\u00e5 dagtid. P\u00e5 s\u00e5 s\u00e4tt kan att b\u00e5de Milla och Dora k\u00e4nna sig lugna och somna.<\/p>\n<p><em>Vad sa pappa \u00c5berg?<\/em><br \/>\nBr\u00e5ttom-dagar \u00e4r Alfons och Millas favoritdagar \u2013 f\u00f6r d\u00e5 h\u00e4nder det s\u00e5 himla mycket! Under denna stressiga l\u00f6rdag h\u00e4nder s\u00e5 mycket att allt blir fel och pappa gl\u00f6mmer bort att tjata och f\u00f6rmana. P\u00e5 dessa dagar kan allt h\u00e4nda.<\/p>\n","protected":false},"excerpt":{"rendered":"<p>Nu kan barnen lyssna p\u00e5 korta och sp\u00e4nnande ber\u00e4ttelser hos Storytel. F\u00f6rst ut bland barnens ljudbokspremi\u00e4rer hos Storytel \u00e4r Alfons \u00c5berg. Gunilla Bergstr\u00f6ms korta ber\u00e4ttelser passar till barnens sagostund, eller inf\u00f6r l\u00e4ggdags. Ett pressmeddelande fr\u00e5n Storytel ber\u00e4ttar: Alfons \u00c5berg har fortsatt att f\u00f6rtrolla sedan 70-talet, och nu kan barnen enkelt f\u00e5 kv\u00e4llsro genom att lyssna [&hellip;]<\/p>\n","protected":false},"author":13,"featured_media":0,"comment_status":"open","ping_status":"open","sticky":false,"template":"","format":"standard","meta":{"_genesis_hide_title":false,"_genesis_hide_breadcrumbs":false,"_genesis_hide_singular_image":false,"_genesis_hide_footer_widgets":false,"_genesis_custom_body_class":"","_genesis_custom_post_class":"","_genesis_layout":"","footnotes":""},"categories":[3],"tags":[200,533,907,12280,3342,11091],"class_list":{"0":"post-84874","1":"post","2":"type-post","3":"status-publish","4":"format-standard","6":"category-litteratur","7":"tag-alfons","8":"tag-barnbocker","9":"tag-bocker","10":"tag-litteratur","11":"tag-ljudbok","12":"tag-storytel","13":"entry"},"_links":{"self":[{"href":"https:\/\/kulturbloggen.com\/index.php?rest_route=\/wp\/v2\/posts\/84874","targetHints":{"allow":["GET"]}}],"collection":[{"href":"https:\/\/kulturbloggen.com\/index.php?rest_route=\/wp\/v2\/posts"}],"about":[{"href":"https:\/\/kulturbloggen.com\/index.php?rest_route=\/wp\/v2\/types\/post"}],"author":[{"embeddable":true,"href":"https:\/\/kulturbloggen.com\/index.php?rest_route=\/wp\/v2\/users\/13"}],"replies":[{"embeddable":true,"href":"https:\/\/kulturbloggen.com\/index.php?rest_route=%2Fwp%2Fv2%2Fcomments&post=84874"}],"version-history":[{"count":1,"href":"https:\/\/kulturbloggen.com\/index.php?rest_route=\/wp\/v2\/posts\/84874\/revisions"}],"predecessor-version":[{"id":84876,"href":"https:\/\/kulturbloggen.com\/index.php?rest_route=\/wp\/v2\/posts\/84874\/revisions\/84876"}],"wp:attachment":[{"href":"https:\/\/kulturbloggen.com\/index.php?rest_route=%2Fwp%2Fv2%2Fmedia&parent=84874"}],"wp:term":[{"taxonomy":"category","embeddable":true,"href":"https:\/\/kulturbloggen.com\/index.php?rest_route=%2Fwp%2Fv2%2Fcategories&post=84874"},{"taxonomy":"post_tag","embeddable":true,"href":"https:\/\/kulturbloggen.com\/index.php?rest_route=%2Fwp%2Fv2%2Ftags&post=84874"}],"curies":[{"name":"wp","href":"https:\/\/api.w.org\/{rel}","templated":true}]}}